{"id":9947,"date":"2026-03-11T16:48:09","date_gmt":"2026-03-11T15:48:09","guid":{"rendered":"https:\/\/fundaciomiquelvalls.org\/?p=9947"},"modified":"2026-03-11T17:00:42","modified_gmt":"2026-03-11T16:00:42","slug":"implementacio-de-les-ajudes-de-la-llei-ela-a-catalunya-les-persones-afectades-dela-podran-rebre-fins-a-14-78850e","status":"publish","type":"post","link":"https:\/\/fundaciomiquelvalls.org\/es\/implementacio-de-les-ajudes-de-la-llei-ela-a-catalunya-les-persones-afectades-dela-podran-rebre-fins-a-14-78850e\/","title":{"rendered":"Implementaci\u00f3n de las ayudas de la Ley ELA en Catalunya: las personas afectadas de ELA podr\u00e1n recibir hasta 14.788,50\u20ac"},"content":{"rendered":"\n<p><\/p>\n\n\n\n<p>El Gobierno de la Generalitat ha anunciado que este martes 17 de marzo se aprobar\u00e1 el decreto para desplegar en Catalunya la Ley ELA, con el objetivo de concretar c\u00f3mo se aplicar\u00e1n las prestaciones y los apoyos destinados a las personas afectadas por ELA, as\u00ed como por otras enfermedades neurol\u00f3gicas con pron\u00f3stico grave de caracter\u00edsticas similares.<\/p>\n\n\n\n<p>El decreto adaptar\u00e1 el sistema catal\u00e1n de dependencia al nuevo grado de dependencia extrema (Grado III+) que establece la normativa estatal. Este grado est\u00e1 pensado para personas con necesidades de apoyo muy elevadas y continuadas, como es el caso de muchas personas con ELA en fases avanzadas de la enfermedad.<\/p>\n\n\n\n<p>La prestaci\u00f3n asociada a este grado de dependencia tiene como objetivo garantizar atenci\u00f3n profesional intensiva en el domicilio hasta 24 horas al d\u00eda.<\/p>\n\n\n\n<p>El Gobierno de Catalunya ha dictaminado que la prestaci\u00f3n econ\u00f3mica total podr\u00e1 llegar hasta los 14.788,50 euros mensuales, resultado de la suma de la prestaci\u00f3n prevista en la Ley ELA (de hasta 9.859 euros) y del complemento econ\u00f3mico que aportar\u00e1 la Generalitat (hasta 4.930 euros) con el fin de adaptarla al coste real de la atenci\u00f3n domiciliaria intensiva.<\/p>\n\n\n\n<p>A continuaci\u00f3n, se detallan estos cinco umbrales con la financiaci\u00f3n correspondiente del Estado, de la Generalitat y la extraordinaria:<\/p>\n\n\n\n<figure class=\"wp-block-table\"><table class=\"has-fixed-layout\"><tbody><tr><td rowspan=\"2\"><strong>Intensidad del servicio de atenci\u00f3n especializada<\/strong><\/td><td colspan=\"2\"><strong>Prestaci\u00f3n base dentro del marco estatal<\/strong><\/td><td rowspan=\"2\"><strong>Nivel de protecci\u00f3n adicional Generalitat<\/strong><\/td><td rowspan=\"2\"><strong>Total prestaci\u00f3n mensual para las personas beneficiarias<\/strong><\/td><\/tr><tr><td><strong>Aportaci\u00f3n estatal<\/strong><\/td><td><strong>Aportaci\u00f3n Generalitat<\/strong><\/td><\/tr><tr><td>De 8h diarias<\/td><td>4.930,00 \u20ac<\/td><td>0,00 \u20ac<\/td><td>0,00 \u20ac<\/td><td>4.930,00 \u20ac<\/td><\/tr><tr><td>De 12h diarias<\/td><td>4.930,00 \u20ac<\/td><td>2.464,25 \u20ac<\/td><td>0,00 \u20ac<\/td><td>7.394,25 \u20ac<\/td><\/tr><tr><td>De 16h diarias<\/td><td>4.930,00 \u20ac<\/td><td>4.929,00 \u20ac<\/td><td>0,00 \u20ac<\/td><td>9.859,00 \u20ac<\/td><\/tr><tr><td>De 20h diarias<\/td><td>4.930,00 \u20ac<\/td><td>4.929,00 \u20ac<\/td><td>2.464,75 \u20ac<\/td><td>12.323,75 \u20ac<\/td><\/tr><tr><td>De 24h diarias<\/td><td>4.930,00 \u20ac<\/td><td>4.929,00 \u20ac<\/td><td>4.929,50 \u20ac<\/td><td>14.788,50 \u20ac<\/td><\/tr><\/tbody><\/table><\/figure>\n\n\n\n<p>La medida est\u00e1 pensada para facilitar la contrataci\u00f3n de profesionales que puedan garantizar una asistencia continuada en el domicilio, una de las principales necesidades de las familias afectadas por ELA cuando la enfermedad avanza y genera una dependencia muy elevada o total.<\/p>\n\n\n\n<p>El decreto tambi\u00e9n concreta los criterios m\u00e9dicos de acceso a estas prestaciones dentro del sistema de dependencia en Catalu\u00f1a y su aplicaci\u00f3n pr\u00e1ctica en el marco de los servicios sociales.<\/p>\n\n\n\n<p>Concretamente, ser\u00e1 necesario cumplir al menos dos de las siguientes condiciones para el reconocimiento del Grado III+:<br>\u2022 Necesitar soporte de ventilaci\u00f3n al menos 8 horas al d\u00eda<br>\u2022 Necesitar aspiraciones de secreci\u00f3n cada d\u00eda<br>\u2022 Tener el tren superior del cuerpo inmovilizado<\/p>\n\n\n\n<p>\u00abValoramos positivamente la propuesta que ha hecho el Gobierno de Catalu\u00f1a. Dentro del marco normativo en el que deben moverse, han hecho un esfuerzo importante para que estas ayudas puedan llegar al m\u00e1ximo n\u00famero de personas posible. Es cierto que todav\u00eda hay aspectos que se podr\u00e1n mejorar, pero el Gobierno se ha mostrado dispuesto a trabajarlos conjuntamente con nosotros. Tambi\u00e9n ser\u00e1 importante poder analizar cada caso de manera individual para adaptar las ayudas a la realidad de cada persona\u00bb, ha declarado Esther Sell\u00e9s, directora general de la Fundaci\u00f3 Catalana d&#8217;ELA Miquel Valls.<\/p>\n\n\n\n<p>Sell\u00e9s tambi\u00e9n ha a\u00f1adido que \u00abprevemos que uno de los retos importantes ser\u00e1 la formaci\u00f3n de cuidadores y la disponibilidad de profesionales en todo el territorio catal\u00e1n. Este es el siguiente paso en el que ya estamos trabajando conjuntamente con el Gobierno\u00bb.<\/p>\n\n\n\n<p>Seg\u00fan las estimaciones iniciales, el despliegue de estas medidas podr\u00eda beneficiar aproximadamente a 200 personas en Catalu\u00f1a, incluyendo personas con ELA y otras enfermedades neurol\u00f3gicas graves con necesidades de atenci\u00f3n similares.<\/p>\n","protected":false},"excerpt":{"rendered":"<p>El Govern de la Generalitat de Catalunya El Gobierno de la Generalitat anuncia la forma en que  implementar\u00e1 la Ley ELA para que las personas afectadas tengan atenci\u00f3n profesional a domicilio las 24 horas, si es necesario.<\/p>\n","protected":false},"author":1,"featured_media":9945,"comment_status":"closed","ping_status":"closed","sticky":true,"template":"","format":"standard","meta":{"footnotes":""},"categories":[90],"tags":[122,290],"class_list":["post-9947","post","type-post","status-publish","format-standard","has-post-thumbnail","hentry","category-actualitat-es","tag-fundacio-catalana-dela-miquel-valls-es","tag-llei-ela-es"],"yoast_head":"<!-- This site is optimized with the Yoast SEO plugin v26.9 - https:\/\/yoast.com\/product\/yoast-seo-wordpress\/ -->\n<title>Implementaci\u00f3n de las ayudas de la Ley ELA en Catalunya: las personas afectadas de ELA podr\u00e1n recibir hasta 14.788,50\u20ac - Fundaci\u00f3 Catalana d&#039;ELA Miquel Valls<\/title>\n<meta name=\"description\" content=\"El Govern de la Generalitat de Catalunya anuncia la manera que desplegar\u00e0 la Llei ELA perque les persones afectades tinguin atenci\u00f3 professional a domicili les 24 hores, si \u00e9s necessari.\" \/>\n<meta name=\"robots\" content=\"index, follow, max-snippet:-1, max-image-preview:large, max-video-preview:-1\" \/>\n<link rel=\"canonical\" href=\"https:\/\/fundaciomiquelvalls.org\/es\/implementacio-de-les-ajudes-de-la-llei-ela-a-catalunya-les-persones-afectades-dela-podran-rebre-fins-a-14-78850e\/\" \/>\n<meta property=\"og:locale\" content=\"es_ES\" \/>\n<meta property=\"og:type\" content=\"article\" \/>\n<meta property=\"og:title\" content=\"Implementaci\u00f3n de las ayudas de la Ley ELA en Catalunya: las personas afectadas de ELA podr\u00e1n recibir hasta 14.788,50\u20ac\" \/>\n<meta property=\"og:description\" content=\"El Govern de la Generalitat de Catalunya El Gobierno de la Generalitat anuncia la forma en que implementar\u00e1 la Ley ELA para que las personas afectadas tengan atenci\u00f3n profesional a domicilio las 24 horas, si es necesario.\" \/>\n<meta property=\"og:url\" content=\"https:\/\/fundaciomiquelvalls.org\/es\/implementacio-de-les-ajudes-de-la-llei-ela-a-catalunya-les-persones-afectades-dela-podran-rebre-fins-a-14-78850e\/\" \/>\n<meta property=\"og:site_name\" content=\"Fundaci\u00f3 Catalana d&#039;ELA Miquel Valls\" \/>\n<meta property=\"article:published_time\" content=\"2026-03-11T15:48:09+00:00\" \/>\n<meta property=\"article:modified_time\" content=\"2026-03-11T16:00:42+00:00\" \/>\n<meta property=\"og:image\" content=\"https:\/\/fundaciomiquelvalls.org\/wp-content\/uploads\/2026\/03\/AFECTADA-COMUNICADOR-COVA.png\" \/>\n\t<meta property=\"og:image:width\" content=\"1920\" \/>\n\t<meta property=\"og:image:height\" content=\"1080\" \/>\n\t<meta property=\"og:image:type\" content=\"image\/png\" \/>\n<meta name=\"author\" content=\"Fundaci\u00f3 Catalana d&#039;ELA Miquel Valls\" \/>\n<meta name=\"twitter:card\" content=\"summary_large_image\" \/>\n<meta name=\"twitter:label1\" content=\"Escrito por\" \/>\n\t<meta name=\"twitter:data1\" content=\"Fundaci\u00f3 Catalana d&#039;ELA Miquel Valls\" \/>\n\t<meta name=\"twitter:label2\" content=\"Tiempo de lectura\" \/>\n\t<meta name=\"twitter:data2\" content=\"4 minutos\" \/>\n<script type=\"application\/ld+json\" class=\"yoast-schema-graph\">{\"@context\":\"https:\/\/schema.org\",\"@graph\":[{\"@type\":\"Article\",\"@id\":\"https:\/\/fundaciomiquelvalls.org\/es\/implementacio-de-les-ajudes-de-la-llei-ela-a-catalunya-les-persones-afectades-dela-podran-rebre-fins-a-14-78850e\/#article\",\"isPartOf\":{\"@id\":\"https:\/\/fundaciomiquelvalls.org\/es\/implementacio-de-les-ajudes-de-la-llei-ela-a-catalunya-les-persones-afectades-dela-podran-rebre-fins-a-14-78850e\/\"},\"author\":{\"name\":\"Fundaci\u00f3 Catalana d'ELA Miquel Valls\",\"@id\":\"https:\/\/fundaciomiquelvalls.org\/#\/schema\/person\/49e4b390c29b931f8b4213fbd9276ea3\"},\"headline\":\"Implementaci\u00f3n de las ayudas de la Ley ELA en Catalunya: las personas afectadas de ELA podr\u00e1n recibir hasta 14.788,50\u20ac\",\"datePublished\":\"2026-03-11T15:48:09+00:00\",\"dateModified\":\"2026-03-11T16:00:42+00:00\",\"mainEntityOfPage\":{\"@id\":\"https:\/\/fundaciomiquelvalls.org\/es\/implementacio-de-les-ajudes-de-la-llei-ela-a-catalunya-les-persones-afectades-dela-podran-rebre-fins-a-14-78850e\/\"},\"wordCount\":589,\"image\":{\"@id\":\"https:\/\/fundaciomiquelvalls.org\/es\/implementacio-de-les-ajudes-de-la-llei-ela-a-catalunya-les-persones-afectades-dela-podran-rebre-fins-a-14-78850e\/#primaryimage\"},\"thumbnailUrl\":\"https:\/\/fundaciomiquelvalls.org\/wp-content\/uploads\/2026\/03\/AFECTADA-COMUNICADOR-COVA.png\",\"keywords\":[\"Fundaci\u00f3 Catalana d&#039;ELA Miquel Valls\",\"Llei ELA\"],\"articleSection\":[\"Actualitat\"],\"inLanguage\":\"es\"},{\"@type\":\"WebPage\",\"@id\":\"https:\/\/fundaciomiquelvalls.org\/es\/implementacio-de-les-ajudes-de-la-llei-ela-a-catalunya-les-persones-afectades-dela-podran-rebre-fins-a-14-78850e\/\",\"url\":\"https:\/\/fundaciomiquelvalls.org\/es\/implementacio-de-les-ajudes-de-la-llei-ela-a-catalunya-les-persones-afectades-dela-podran-rebre-fins-a-14-78850e\/\",\"name\":\"Implementaci\u00f3n de las ayudas de la Ley ELA en Catalunya: las personas afectadas de ELA podr\u00e1n recibir hasta 14.788,50\u20ac - Fundaci\u00f3 Catalana d&#039;ELA Miquel Valls\",\"isPartOf\":{\"@id\":\"https:\/\/fundaciomiquelvalls.org\/#website\"},\"primaryImageOfPage\":{\"@id\":\"https:\/\/fundaciomiquelvalls.org\/es\/implementacio-de-les-ajudes-de-la-llei-ela-a-catalunya-les-persones-afectades-dela-podran-rebre-fins-a-14-78850e\/#primaryimage\"},\"image\":{\"@id\":\"https:\/\/fundaciomiquelvalls.org\/es\/implementacio-de-les-ajudes-de-la-llei-ela-a-catalunya-les-persones-afectades-dela-podran-rebre-fins-a-14-78850e\/#primaryimage\"},\"thumbnailUrl\":\"https:\/\/fundaciomiquelvalls.org\/wp-content\/uploads\/2026\/03\/AFECTADA-COMUNICADOR-COVA.png\",\"datePublished\":\"2026-03-11T15:48:09+00:00\",\"dateModified\":\"2026-03-11T16:00:42+00:00\",\"author\":{\"@id\":\"https:\/\/fundaciomiquelvalls.org\/#\/schema\/person\/49e4b390c29b931f8b4213fbd9276ea3\"},\"description\":\"El Govern de la Generalitat de Catalunya anuncia la manera que desplegar\u00e0 la Llei ELA perque les persones afectades tinguin atenci\u00f3 professional a domicili les 24 hores, si \u00e9s necessari.\",\"breadcrumb\":{\"@id\":\"https:\/\/fundaciomiquelvalls.org\/es\/implementacio-de-les-ajudes-de-la-llei-ela-a-catalunya-les-persones-afectades-dela-podran-rebre-fins-a-14-78850e\/#breadcrumb\"},\"inLanguage\":\"es\",\"potentialAction\":[{\"@type\":\"ReadAction\",\"target\":[\"https:\/\/fundaciomiquelvalls.org\/es\/implementacio-de-les-ajudes-de-la-llei-ela-a-catalunya-les-persones-afectades-dela-podran-rebre-fins-a-14-78850e\/\"]}]},{\"@type\":\"ImageObject\",\"inLanguage\":\"es\",\"@id\":\"https:\/\/fundaciomiquelvalls.org\/es\/implementacio-de-les-ajudes-de-la-llei-ela-a-catalunya-les-persones-afectades-dela-podran-rebre-fins-a-14-78850e\/#primaryimage\",\"url\":\"https:\/\/fundaciomiquelvalls.org\/wp-content\/uploads\/2026\/03\/AFECTADA-COMUNICADOR-COVA.png\",\"contentUrl\":\"https:\/\/fundaciomiquelvalls.org\/wp-content\/uploads\/2026\/03\/AFECTADA-COMUNICADOR-COVA.png\",\"width\":1920,\"height\":1080},{\"@type\":\"BreadcrumbList\",\"@id\":\"https:\/\/fundaciomiquelvalls.org\/es\/implementacio-de-les-ajudes-de-la-llei-ela-a-catalunya-les-persones-afectades-dela-podran-rebre-fins-a-14-78850e\/#breadcrumb\",\"itemListElement\":[{\"@type\":\"ListItem\",\"position\":1,\"name\":\"Portada\",\"item\":\"https:\/\/fundaciomiquelvalls.org\/es\/\"},{\"@type\":\"ListItem\",\"position\":2,\"name\":\"Implementaci\u00f3n de las ayudas de la Ley ELA en Catalunya: las personas afectadas de ELA podr\u00e1n recibir hasta 14.788,50\u20ac\"}]},{\"@type\":\"WebSite\",\"@id\":\"https:\/\/fundaciomiquelvalls.org\/#website\",\"url\":\"https:\/\/fundaciomiquelvalls.org\/\",\"name\":\"Fundaci\u00f3 Catalana d&#039;ELA Miquel Valls\",\"description\":\"Treballem per millorar la qualitat de vida de les persones afectades d&#039;ELA i Malaltia de Motoneurona\",\"potentialAction\":[{\"@type\":\"SearchAction\",\"target\":{\"@type\":\"EntryPoint\",\"urlTemplate\":\"https:\/\/fundaciomiquelvalls.org\/?s={search_term_string}\"},\"query-input\":{\"@type\":\"PropertyValueSpecification\",\"valueRequired\":true,\"valueName\":\"search_term_string\"}}],\"inLanguage\":\"es\"},{\"@type\":\"Person\",\"@id\":\"https:\/\/fundaciomiquelvalls.org\/#\/schema\/person\/49e4b390c29b931f8b4213fbd9276ea3\",\"name\":\"Fundaci\u00f3 Catalana d'ELA Miquel Valls\",\"sameAs\":[\"https:\/\/fundaciomiquelvalls.org\"],\"url\":\"https:\/\/fundaciomiquelvalls.org\/es\/author\/alojapro_dev\/\"}]}<\/script>\n<!-- \/ Yoast SEO plugin. -->","yoast_head_json":{"title":"Implementaci\u00f3n de las ayudas de la Ley ELA en Catalunya: las personas afectadas de ELA podr\u00e1n recibir hasta 14.788,50\u20ac - Fundaci\u00f3 Catalana d&#039;ELA Miquel Valls","description":"El Govern de la Generalitat de Catalunya anuncia la manera que desplegar\u00e0 la Llei ELA perque les persones afectades tinguin atenci\u00f3 professional a domicili les 24 hores, si \u00e9s necessari.","robots":{"index":"index","follow":"follow","max-snippet":"max-snippet:-1","max-image-preview":"max-image-preview:large","max-video-preview":"max-video-preview:-1"},"canonical":"https:\/\/fundaciomiquelvalls.org\/es\/implementacio-de-les-ajudes-de-la-llei-ela-a-catalunya-les-persones-afectades-dela-podran-rebre-fins-a-14-78850e\/","og_locale":"es_ES","og_type":"article","og_title":"Implementaci\u00f3n de las ayudas de la Ley ELA en Catalunya: las personas afectadas de ELA podr\u00e1n recibir hasta 14.788,50\u20ac","og_description":"El Govern de la Generalitat de Catalunya El Gobierno de la Generalitat anuncia la forma en que implementar\u00e1 la Ley ELA para que las personas afectadas tengan atenci\u00f3n profesional a domicilio las 24 horas, si es necesario.","og_url":"https:\/\/fundaciomiquelvalls.org\/es\/implementacio-de-les-ajudes-de-la-llei-ela-a-catalunya-les-persones-afectades-dela-podran-rebre-fins-a-14-78850e\/","og_site_name":"Fundaci\u00f3 Catalana d&#039;ELA Miquel Valls","article_published_time":"2026-03-11T15:48:09+00:00","article_modified_time":"2026-03-11T16:00:42+00:00","og_image":[{"width":1920,"height":1080,"url":"https:\/\/fundaciomiquelvalls.org\/wp-content\/uploads\/2026\/03\/AFECTADA-COMUNICADOR-COVA.png","type":"image\/png"}],"author":"Fundaci\u00f3 Catalana d'ELA Miquel Valls","twitter_card":"summary_large_image","twitter_misc":{"Escrito por":"Fundaci\u00f3 Catalana d'ELA Miquel Valls","Tiempo de lectura":"4 minutos"},"schema":{"@context":"https:\/\/schema.org","@graph":[{"@type":"Article","@id":"https:\/\/fundaciomiquelvalls.org\/es\/implementacio-de-les-ajudes-de-la-llei-ela-a-catalunya-les-persones-afectades-dela-podran-rebre-fins-a-14-78850e\/#article","isPartOf":{"@id":"https:\/\/fundaciomiquelvalls.org\/es\/implementacio-de-les-ajudes-de-la-llei-ela-a-catalunya-les-persones-afectades-dela-podran-rebre-fins-a-14-78850e\/"},"author":{"name":"Fundaci\u00f3 Catalana d'ELA Miquel Valls","@id":"https:\/\/fundaciomiquelvalls.org\/#\/schema\/person\/49e4b390c29b931f8b4213fbd9276ea3"},"headline":"Implementaci\u00f3n de las ayudas de la Ley ELA en Catalunya: las personas afectadas de ELA podr\u00e1n recibir hasta 14.788,50\u20ac","datePublished":"2026-03-11T15:48:09+00:00","dateModified":"2026-03-11T16:00:42+00:00","mainEntityOfPage":{"@id":"https:\/\/fundaciomiquelvalls.org\/es\/implementacio-de-les-ajudes-de-la-llei-ela-a-catalunya-les-persones-afectades-dela-podran-rebre-fins-a-14-78850e\/"},"wordCount":589,"image":{"@id":"https:\/\/fundaciomiquelvalls.org\/es\/implementacio-de-les-ajudes-de-la-llei-ela-a-catalunya-les-persones-afectades-dela-podran-rebre-fins-a-14-78850e\/#primaryimage"},"thumbnailUrl":"https:\/\/fundaciomiquelvalls.org\/wp-content\/uploads\/2026\/03\/AFECTADA-COMUNICADOR-COVA.png","keywords":["Fundaci\u00f3 Catalana d&#039;ELA Miquel Valls","Llei ELA"],"articleSection":["Actualitat"],"inLanguage":"es"},{"@type":"WebPage","@id":"https:\/\/fundaciomiquelvalls.org\/es\/implementacio-de-les-ajudes-de-la-llei-ela-a-catalunya-les-persones-afectades-dela-podran-rebre-fins-a-14-78850e\/","url":"https:\/\/fundaciomiquelvalls.org\/es\/implementacio-de-les-ajudes-de-la-llei-ela-a-catalunya-les-persones-afectades-dela-podran-rebre-fins-a-14-78850e\/","name":"Implementaci\u00f3n de las ayudas de la Ley ELA en Catalunya: las personas afectadas de ELA podr\u00e1n recibir hasta 14.788,50\u20ac - Fundaci\u00f3 Catalana d&#039;ELA Miquel Valls","isPartOf":{"@id":"https:\/\/fundaciomiquelvalls.org\/#website"},"primaryImageOfPage":{"@id":"https:\/\/fundaciomiquelvalls.org\/es\/implementacio-de-les-ajudes-de-la-llei-ela-a-catalunya-les-persones-afectades-dela-podran-rebre-fins-a-14-78850e\/#primaryimage"},"image":{"@id":"https:\/\/fundaciomiquelvalls.org\/es\/implementacio-de-les-ajudes-de-la-llei-ela-a-catalunya-les-persones-afectades-dela-podran-rebre-fins-a-14-78850e\/#primaryimage"},"thumbnailUrl":"https:\/\/fundaciomiquelvalls.org\/wp-content\/uploads\/2026\/03\/AFECTADA-COMUNICADOR-COVA.png","datePublished":"2026-03-11T15:48:09+00:00","dateModified":"2026-03-11T16:00:42+00:00","author":{"@id":"https:\/\/fundaciomiquelvalls.org\/#\/schema\/person\/49e4b390c29b931f8b4213fbd9276ea3"},"description":"El Govern de la Generalitat de Catalunya anuncia la manera que desplegar\u00e0 la Llei ELA perque les persones afectades tinguin atenci\u00f3 professional a domicili les 24 hores, si \u00e9s necessari.","breadcrumb":{"@id":"https:\/\/fundaciomiquelvalls.org\/es\/implementacio-de-les-ajudes-de-la-llei-ela-a-catalunya-les-persones-afectades-dela-podran-rebre-fins-a-14-78850e\/#breadcrumb"},"inLanguage":"es","potentialAction":[{"@type":"ReadAction","target":["https:\/\/fundaciomiquelvalls.org\/es\/implementacio-de-les-ajudes-de-la-llei-ela-a-catalunya-les-persones-afectades-dela-podran-rebre-fins-a-14-78850e\/"]}]},{"@type":"ImageObject","inLanguage":"es","@id":"https:\/\/fundaciomiquelvalls.org\/es\/implementacio-de-les-ajudes-de-la-llei-ela-a-catalunya-les-persones-afectades-dela-podran-rebre-fins-a-14-78850e\/#primaryimage","url":"https:\/\/fundaciomiquelvalls.org\/wp-content\/uploads\/2026\/03\/AFECTADA-COMUNICADOR-COVA.png","contentUrl":"https:\/\/fundaciomiquelvalls.org\/wp-content\/uploads\/2026\/03\/AFECTADA-COMUNICADOR-COVA.png","width":1920,"height":1080},{"@type":"BreadcrumbList","@id":"https:\/\/fundaciomiquelvalls.org\/es\/implementacio-de-les-ajudes-de-la-llei-ela-a-catalunya-les-persones-afectades-dela-podran-rebre-fins-a-14-78850e\/#breadcrumb","itemListElement":[{"@type":"ListItem","position":1,"name":"Portada","item":"https:\/\/fundaciomiquelvalls.org\/es\/"},{"@type":"ListItem","position":2,"name":"Implementaci\u00f3n de las ayudas de la Ley ELA en Catalunya: las personas afectadas de ELA podr\u00e1n recibir hasta 14.788,50\u20ac"}]},{"@type":"WebSite","@id":"https:\/\/fundaciomiquelvalls.org\/#website","url":"https:\/\/fundaciomiquelvalls.org\/","name":"Fundaci\u00f3 Catalana d&#039;ELA Miquel Valls","description":"Treballem per millorar la qualitat de vida de les persones afectades d&#039;ELA i Malaltia de Motoneurona","potentialAction":[{"@type":"SearchAction","target":{"@type":"EntryPoint","urlTemplate":"https:\/\/fundaciomiquelvalls.org\/?s={search_term_string}"},"query-input":{"@type":"PropertyValueSpecification","valueRequired":true,"valueName":"search_term_string"}}],"inLanguage":"es"},{"@type":"Person","@id":"https:\/\/fundaciomiquelvalls.org\/#\/schema\/person\/49e4b390c29b931f8b4213fbd9276ea3","name":"Fundaci\u00f3 Catalana d'ELA Miquel Valls","sameAs":["https:\/\/fundaciomiquelvalls.org"],"url":"https:\/\/fundaciomiquelvalls.org\/es\/author\/alojapro_dev\/"}]}},"_links":{"self":[{"href":"https:\/\/fundaciomiquelvalls.org\/es\/wp-json\/wp\/v2\/posts\/9947","targetHints":{"allow":["GET"]}}],"collection":[{"href":"https:\/\/fundaciomiquelvalls.org\/es\/wp-json\/wp\/v2\/posts"}],"about":[{"href":"https:\/\/fundaciomiquelvalls.org\/es\/wp-json\/wp\/v2\/types\/post"}],"author":[{"embeddable":true,"href":"https:\/\/fundaciomiquelvalls.org\/es\/wp-json\/wp\/v2\/users\/1"}],"replies":[{"embeddable":true,"href":"https:\/\/fundaciomiquelvalls.org\/es\/wp-json\/wp\/v2\/comments?post=9947"}],"version-history":[{"count":2,"href":"https:\/\/fundaciomiquelvalls.org\/es\/wp-json\/wp\/v2\/posts\/9947\/revisions"}],"predecessor-version":[{"id":9950,"href":"https:\/\/fundaciomiquelvalls.org\/es\/wp-json\/wp\/v2\/posts\/9947\/revisions\/9950"}],"wp:featuredmedia":[{"embeddable":true,"href":"https:\/\/fundaciomiquelvalls.org\/es\/wp-json\/wp\/v2\/media\/9945"}],"wp:attachment":[{"href":"https:\/\/fundaciomiquelvalls.org\/es\/wp-json\/wp\/v2\/media?parent=9947"}],"wp:term":[{"taxonomy":"category","embeddable":true,"href":"https:\/\/fundaciomiquelvalls.org\/es\/wp-json\/wp\/v2\/categories?post=9947"},{"taxonomy":"post_tag","embeddable":true,"href":"https:\/\/fundaciomiquelvalls.org\/es\/wp-json\/wp\/v2\/tags?post=9947"}],"curies":[{"name":"wp","href":"https:\/\/api.w.org\/{rel}","templated":true}]}}