{"id":9194,"date":"2025-09-25T13:13:58","date_gmt":"2025-09-25T11:13:58","guid":{"rendered":"https:\/\/fundaciomiquelvalls.org\/loteria-solidaria-contra-lela-de-nadal-de-la-fundacio-catalana-dela-miquel-valls\/"},"modified":"2025-10-23T15:09:57","modified_gmt":"2025-10-23T13:09:57","slug":"loteria-solidaria-contra-lela-de-nadal-de-la-fundacio-catalana-dela-miquel-valls","status":"publish","type":"post","link":"https:\/\/fundaciomiquelvalls.org\/es\/loteria-solidaria-contra-lela-de-nadal-de-la-fundacio-catalana-dela-miquel-valls\/","title":{"rendered":"Loter\u00eda solidaria contra la ELA de Navidad de la Fundaci\u00f3n Catalana de ELA Miquel Valls"},"content":{"rendered":"\n<p>Ya est\u00e1 disponible la\u00a0<strong>LOTER\u00cdA DE NAVIDAD SOLIDARIA contra la ELA<\/strong>.<\/p>\n\n\n\n<p>Como cada a\u00f1o tenemos el n\u00famero\u00a0<strong>11873<\/strong>\u00a0con la Loter\u00eda del Sorteo de Navidad.<\/p>\n\n\n\n<p>El objetivo de la Loter\u00eda Solidaria es poder dar difusi\u00f3n a la enfermedad y a la labor que realizamos desde la Fundaci\u00f3n, al mismo tiempo que conseguimos fondos para poder llevar adelante los proyectos destinados a mejorar la calidad de vida de las personas afectadas de ELA y sus familias en toda Catalu\u00f1a.<\/p>\n\n\n\n<p class=\"has-text-color has-link-color has-medium-font-size wp-elements-2f1f4c88244a19e9e6d7c73de2ba7601\" style=\"color:#bad735\"><strong><strong>LOTERIA DEL SORTEO DE NAVIDAD<\/strong><\/strong><\/p>\n\n\n<div class=\"wp-block-image\">\n<figure class=\"alignright size-large is-resized\"><img loading=\"lazy\" decoding=\"async\" width=\"1024\" height=\"536\" src=\"https:\/\/fundaciomiquelvalls.org\/wp-content\/uploads\/2025\/09\/LOTERIA-2025_nacional_participacions-2-1024x536.png\" alt=\"\" class=\"wp-image-9012\" style=\"width:445px;height:auto\" srcset=\"https:\/\/fundaciomiquelvalls.org\/wp-content\/uploads\/2025\/09\/LOTERIA-2025_nacional_participacions-2-1024x536.png 1024w, https:\/\/fundaciomiquelvalls.org\/wp-content\/uploads\/2025\/09\/LOTERIA-2025_nacional_participacions-2-300x157.png 300w, https:\/\/fundaciomiquelvalls.org\/wp-content\/uploads\/2025\/09\/LOTERIA-2025_nacional_participacions-2-768x402.png 768w, https:\/\/fundaciomiquelvalls.org\/wp-content\/uploads\/2025\/09\/LOTERIA-2025_nacional_participacions-2-958x501.png 958w, https:\/\/fundaciomiquelvalls.org\/wp-content\/uploads\/2025\/09\/LOTERIA-2025_nacional_participacions-2.png 1200w\"  sizes=\"(max-width: 1024px) 100vw, 1024px\" \/><\/figure>\n<\/div>\n\n\n<p>Ya es un cl\u00e1sico para todos jugar participaciones solidarias de nuestro n\u00famero en la Loter\u00eda del Sorteo de Navidad.<\/p>\n\n\n\n<p>El precio de cada participaci\u00f3n es de\u00a0<strong>5 \u20ac<\/strong>, que ya incluye el donativo de 2 \u20ac.<\/p>\n\n\n\n<p>Ofrecemos la posibilidad de adquirir las participaciones solidarias de este\u00a0<strong><a href=\"https:\/\/fundaciomiquelvalls.org\/es\/loteria-ela\/\">sorteo por internet<\/a>,<\/strong>\u00a0realizando el pago de manera totalmente segura con tarjeta. Una vez recibida la petici\u00f3n, y para ahorrar costes de env\u00edo y desplazamiento, en unos d\u00edas os enviaremos por correo electr\u00f3nico las participaciones escaneadas, quedando los originales custodiados en la Fundaci\u00f3n.<\/p>\n\n\n\n<p>Pod\u00e9is comprar tantas participaciones como quer\u00e1is, adquirir talonarios completos para venderlos vosotros mismos a familiares, amigos y compa\u00f1eros de trabajo, o bien pedir a alg\u00fan establecimiento de vuestro barrio o localidad que os ayude a distribuirlos.<\/p>\n\n\n\n<div class=\"wp-block-buttons is-content-justification-center is-layout-flex wp-container-core-buttons-is-layout-16018d1d wp-block-buttons-is-layout-flex\">\n<div class=\"wp-block-button\"><a class=\"wp-block-button__link has-white-color has-text-color has-background has-link-color wp-element-button\" href=\"https:\/\/fundaciomiquelvalls.org\/es\/loteria-ela\/\" style=\"background-color:#bad735\"><strong>COMPRA TUS PARTICIPACIONES<\/strong><\/a><\/div>\n<\/div>\n\n\n\n<div style=\"height:24px\" aria-hidden=\"true\" class=\"wp-block-spacer\"><\/div>\n\n\n\n<p class=\"has-text-align-center\"><em>Para m\u00e1s informaci\u00f3n, compra de participaciones o adquisici\u00f3n de talonarios del Sorteo de Navidad, pod\u00e9is contactar por correo en\u00a0<strong>loteria@fundaciomiquelvalls.org<\/strong>\u00a0o, de lunes a viernes de 8 h a 15 h, por tel\u00e9fono en el\u00a0<strong>93 766 59 69<\/strong>\u00a0o en la sede de la Fundaci\u00f3n (<a href=\"https:\/\/maps.app.goo.gl\/yXK2sTbC6ZZ1VxRA9\">Turisme, s\/n, local. Esquina c\/ Santiago Rusi\u00f1ol. Calella \u2013 Barcelona<\/a>).<\/em><\/p>\n\n\n\n<p>\u00a1Muchas gracias a todos por colaborar y mucha suerte!<\/p>\n","protected":false},"excerpt":{"rendered":"<p>Adquiere la Loter\u00eda solidaria contra la ELA de Navidad de la Fundaci\u00f3n Catalana de ELA Miquel Valls. Como siempre jugamos con el n\u00famero 11.873.<\/p>\n","protected":false},"author":1,"featured_media":9197,"comment_status":"closed","ping_status":"closed","sticky":false,"template":"","format":"standard","meta":{"footnotes":""},"categories":[79],"tags":[122,281],"class_list":["post-9194","post","type-post","status-publish","format-standard","has-post-thumbnail","hentry","category-sin-categorizar","tag-fundacio-catalana-dela-miquel-valls-es","tag-loteria-solidaria-2-es"],"yoast_head":"<!-- This site is optimized with the Yoast SEO plugin v26.9 - https:\/\/yoast.com\/product\/yoast-seo-wordpress\/ -->\n<title>Loter\u00eda solidaria contra la ELA de Navidad de la Fundaci\u00f3n Catalana de ELA Miquel Valls - Fundaci\u00f3 Catalana d&#039;ELA Miquel Valls<\/title>\n<meta name=\"description\" content=\"Adquireix la Loteria solid\u00e0ria contra l&#039;ELA de Nadal de la Fundaci\u00f3 Catalana d&#039;ELA Miquel Valls. Com sempre jugem amb el n\u00famero 11873.\" \/>\n<meta name=\"robots\" content=\"index, follow, max-snippet:-1, max-image-preview:large, max-video-preview:-1\" \/>\n<link rel=\"canonical\" href=\"https:\/\/fundaciomiquelvalls.org\/es\/loteria-solidaria-contra-lela-de-nadal-de-la-fundacio-catalana-dela-miquel-valls\/\" \/>\n<meta property=\"og:locale\" content=\"es_ES\" \/>\n<meta property=\"og:type\" content=\"article\" \/>\n<meta property=\"og:title\" content=\"Loter\u00eda solidaria contra la ELA de Navidad de la Fundaci\u00f3n Catalana de ELA Miquel Valls\" \/>\n<meta property=\"og:description\" content=\"Adquiere la Loter\u00eda solidaria contra la ELA de Navidad de la Fundaci\u00f3n Catalana de ELA Miquel Valls. Como siempre jugamos con el n\u00famero 11.873.\" \/>\n<meta property=\"og:url\" content=\"https:\/\/fundaciomiquelvalls.org\/es\/loteria-solidaria-contra-lela-de-nadal-de-la-fundacio-catalana-dela-miquel-valls\/\" \/>\n<meta property=\"og:site_name\" content=\"Fundaci\u00f3 Catalana d&#039;ELA Miquel Valls\" \/>\n<meta property=\"article:published_time\" content=\"2025-09-25T11:13:58+00:00\" \/>\n<meta property=\"article:modified_time\" content=\"2025-10-23T13:09:57+00:00\" \/>\n<meta property=\"og:image\" content=\"https:\/\/fundaciomiquelvalls.org\/wp-content\/uploads\/2025\/09\/CARTELL-LOTERIA-2025_nacional_CAST.jpg\" \/>\n\t<meta property=\"og:image:width\" content=\"1200\" \/>\n\t<meta property=\"og:image:height\" content=\"628\" \/>\n\t<meta property=\"og:image:type\" content=\"image\/jpeg\" \/>\n<meta name=\"author\" content=\"Fundaci\u00f3 Catalana d&#039;ELA Miquel Valls\" \/>\n<meta name=\"twitter:card\" content=\"summary_large_image\" \/>\n<meta name=\"twitter:label1\" content=\"Escrito por\" \/>\n\t<meta name=\"twitter:data1\" content=\"Fundaci\u00f3 Catalana d&#039;ELA Miquel Valls\" \/>\n\t<meta name=\"twitter:label2\" content=\"Tiempo de lectura\" \/>\n\t<meta name=\"twitter:data2\" content=\"2 minutos\" \/>\n<script type=\"application\/ld+json\" class=\"yoast-schema-graph\">{\"@context\":\"https:\/\/schema.org\",\"@graph\":[{\"@type\":\"Article\",\"@id\":\"https:\/\/fundaciomiquelvalls.org\/es\/loteria-solidaria-contra-lela-de-nadal-de-la-fundacio-catalana-dela-miquel-valls\/#article\",\"isPartOf\":{\"@id\":\"https:\/\/fundaciomiquelvalls.org\/es\/loteria-solidaria-contra-lela-de-nadal-de-la-fundacio-catalana-dela-miquel-valls\/\"},\"author\":{\"name\":\"Fundaci\u00f3 Catalana d'ELA Miquel Valls\",\"@id\":\"https:\/\/fundaciomiquelvalls.org\/#\/schema\/person\/49e4b390c29b931f8b4213fbd9276ea3\"},\"headline\":\"Loter\u00eda solidaria contra la ELA de Navidad de la Fundaci\u00f3n Catalana de ELA Miquel Valls\",\"datePublished\":\"2025-09-25T11:13:58+00:00\",\"dateModified\":\"2025-10-23T13:09:57+00:00\",\"mainEntityOfPage\":{\"@id\":\"https:\/\/fundaciomiquelvalls.org\/es\/loteria-solidaria-contra-lela-de-nadal-de-la-fundacio-catalana-dela-miquel-valls\/\"},\"wordCount\":312,\"image\":{\"@id\":\"https:\/\/fundaciomiquelvalls.org\/es\/loteria-solidaria-contra-lela-de-nadal-de-la-fundacio-catalana-dela-miquel-valls\/#primaryimage\"},\"thumbnailUrl\":\"https:\/\/fundaciomiquelvalls.org\/wp-content\/uploads\/2025\/09\/CARTELL-LOTERIA-2025_nacional_CAST.jpg\",\"keywords\":[\"Fundaci\u00f3 Catalana d&#039;ELA Miquel Valls\",\"Loteria solid\u00e0ria\"],\"articleSection\":[\"Sin categorizar\"],\"inLanguage\":\"es\"},{\"@type\":\"WebPage\",\"@id\":\"https:\/\/fundaciomiquelvalls.org\/es\/loteria-solidaria-contra-lela-de-nadal-de-la-fundacio-catalana-dela-miquel-valls\/\",\"url\":\"https:\/\/fundaciomiquelvalls.org\/es\/loteria-solidaria-contra-lela-de-nadal-de-la-fundacio-catalana-dela-miquel-valls\/\",\"name\":\"Loter\u00eda solidaria contra la ELA de Navidad de la Fundaci\u00f3n Catalana de ELA Miquel Valls - Fundaci\u00f3 Catalana d&#039;ELA Miquel Valls\",\"isPartOf\":{\"@id\":\"https:\/\/fundaciomiquelvalls.org\/#website\"},\"primaryImageOfPage\":{\"@id\":\"https:\/\/fundaciomiquelvalls.org\/es\/loteria-solidaria-contra-lela-de-nadal-de-la-fundacio-catalana-dela-miquel-valls\/#primaryimage\"},\"image\":{\"@id\":\"https:\/\/fundaciomiquelvalls.org\/es\/loteria-solidaria-contra-lela-de-nadal-de-la-fundacio-catalana-dela-miquel-valls\/#primaryimage\"},\"thumbnailUrl\":\"https:\/\/fundaciomiquelvalls.org\/wp-content\/uploads\/2025\/09\/CARTELL-LOTERIA-2025_nacional_CAST.jpg\",\"datePublished\":\"2025-09-25T11:13:58+00:00\",\"dateModified\":\"2025-10-23T13:09:57+00:00\",\"author\":{\"@id\":\"https:\/\/fundaciomiquelvalls.org\/#\/schema\/person\/49e4b390c29b931f8b4213fbd9276ea3\"},\"description\":\"Adquireix la Loteria solid\u00e0ria contra l'ELA de Nadal de la Fundaci\u00f3 Catalana d'ELA Miquel Valls. Com sempre jugem amb el n\u00famero 11873.\",\"breadcrumb\":{\"@id\":\"https:\/\/fundaciomiquelvalls.org\/es\/loteria-solidaria-contra-lela-de-nadal-de-la-fundacio-catalana-dela-miquel-valls\/#breadcrumb\"},\"inLanguage\":\"es\",\"potentialAction\":[{\"@type\":\"ReadAction\",\"target\":[\"https:\/\/fundaciomiquelvalls.org\/es\/loteria-solidaria-contra-lela-de-nadal-de-la-fundacio-catalana-dela-miquel-valls\/\"]}]},{\"@type\":\"ImageObject\",\"inLanguage\":\"es\",\"@id\":\"https:\/\/fundaciomiquelvalls.org\/es\/loteria-solidaria-contra-lela-de-nadal-de-la-fundacio-catalana-dela-miquel-valls\/#primaryimage\",\"url\":\"https:\/\/fundaciomiquelvalls.org\/wp-content\/uploads\/2025\/09\/CARTELL-LOTERIA-2025_nacional_CAST.jpg\",\"contentUrl\":\"https:\/\/fundaciomiquelvalls.org\/wp-content\/uploads\/2025\/09\/CARTELL-LOTERIA-2025_nacional_CAST.jpg\",\"width\":1200,\"height\":628},{\"@type\":\"BreadcrumbList\",\"@id\":\"https:\/\/fundaciomiquelvalls.org\/es\/loteria-solidaria-contra-lela-de-nadal-de-la-fundacio-catalana-dela-miquel-valls\/#breadcrumb\",\"itemListElement\":[{\"@type\":\"ListItem\",\"position\":1,\"name\":\"Portada\",\"item\":\"https:\/\/fundaciomiquelvalls.org\/es\/\"},{\"@type\":\"ListItem\",\"position\":2,\"name\":\"Loter\u00eda solidaria contra la ELA de Navidad de la Fundaci\u00f3n Catalana de ELA Miquel Valls\"}]},{\"@type\":\"WebSite\",\"@id\":\"https:\/\/fundaciomiquelvalls.org\/#website\",\"url\":\"https:\/\/fundaciomiquelvalls.org\/\",\"name\":\"Fundaci\u00f3 Catalana d&#039;ELA Miquel Valls\",\"description\":\"Treballem per millorar la qualitat de vida de les persones afectades d&#039;ELA i Malaltia de Motoneurona\",\"potentialAction\":[{\"@type\":\"SearchAction\",\"target\":{\"@type\":\"EntryPoint\",\"urlTemplate\":\"https:\/\/fundaciomiquelvalls.org\/?s={search_term_string}\"},\"query-input\":{\"@type\":\"PropertyValueSpecification\",\"valueRequired\":true,\"valueName\":\"search_term_string\"}}],\"inLanguage\":\"es\"},{\"@type\":\"Person\",\"@id\":\"https:\/\/fundaciomiquelvalls.org\/#\/schema\/person\/49e4b390c29b931f8b4213fbd9276ea3\",\"name\":\"Fundaci\u00f3 Catalana d'ELA Miquel Valls\",\"sameAs\":[\"https:\/\/fundaciomiquelvalls.org\"],\"url\":\"https:\/\/fundaciomiquelvalls.org\/es\/author\/alojapro_dev\/\"}]}<\/script>\n<!-- \/ Yoast SEO plugin. -->","yoast_head_json":{"title":"Loter\u00eda solidaria contra la ELA de Navidad de la Fundaci\u00f3n Catalana de ELA Miquel Valls - Fundaci\u00f3 Catalana d&#039;ELA Miquel Valls","description":"Adquireix la Loteria solid\u00e0ria contra l'ELA de Nadal de la Fundaci\u00f3 Catalana d'ELA Miquel Valls. Com sempre jugem amb el n\u00famero 11873.","robots":{"index":"index","follow":"follow","max-snippet":"max-snippet:-1","max-image-preview":"max-image-preview:large","max-video-preview":"max-video-preview:-1"},"canonical":"https:\/\/fundaciomiquelvalls.org\/es\/loteria-solidaria-contra-lela-de-nadal-de-la-fundacio-catalana-dela-miquel-valls\/","og_locale":"es_ES","og_type":"article","og_title":"Loter\u00eda solidaria contra la ELA de Navidad de la Fundaci\u00f3n Catalana de ELA Miquel Valls","og_description":"Adquiere la Loter\u00eda solidaria contra la ELA de Navidad de la Fundaci\u00f3n Catalana de ELA Miquel Valls. Como siempre jugamos con el n\u00famero 11.873.","og_url":"https:\/\/fundaciomiquelvalls.org\/es\/loteria-solidaria-contra-lela-de-nadal-de-la-fundacio-catalana-dela-miquel-valls\/","og_site_name":"Fundaci\u00f3 Catalana d&#039;ELA Miquel Valls","article_published_time":"2025-09-25T11:13:58+00:00","article_modified_time":"2025-10-23T13:09:57+00:00","og_image":[{"width":1200,"height":628,"url":"https:\/\/fundaciomiquelvalls.org\/wp-content\/uploads\/2025\/09\/CARTELL-LOTERIA-2025_nacional_CAST.jpg","type":"image\/jpeg"}],"author":"Fundaci\u00f3 Catalana d'ELA Miquel Valls","twitter_card":"summary_large_image","twitter_misc":{"Escrito por":"Fundaci\u00f3 Catalana d'ELA Miquel Valls","Tiempo de lectura":"2 minutos"},"schema":{"@context":"https:\/\/schema.org","@graph":[{"@type":"Article","@id":"https:\/\/fundaciomiquelvalls.org\/es\/loteria-solidaria-contra-lela-de-nadal-de-la-fundacio-catalana-dela-miquel-valls\/#article","isPartOf":{"@id":"https:\/\/fundaciomiquelvalls.org\/es\/loteria-solidaria-contra-lela-de-nadal-de-la-fundacio-catalana-dela-miquel-valls\/"},"author":{"name":"Fundaci\u00f3 Catalana d'ELA Miquel Valls","@id":"https:\/\/fundaciomiquelvalls.org\/#\/schema\/person\/49e4b390c29b931f8b4213fbd9276ea3"},"headline":"Loter\u00eda solidaria contra la ELA de Navidad de la Fundaci\u00f3n Catalana de ELA Miquel Valls","datePublished":"2025-09-25T11:13:58+00:00","dateModified":"2025-10-23T13:09:57+00:00","mainEntityOfPage":{"@id":"https:\/\/fundaciomiquelvalls.org\/es\/loteria-solidaria-contra-lela-de-nadal-de-la-fundacio-catalana-dela-miquel-valls\/"},"wordCount":312,"image":{"@id":"https:\/\/fundaciomiquelvalls.org\/es\/loteria-solidaria-contra-lela-de-nadal-de-la-fundacio-catalana-dela-miquel-valls\/#primaryimage"},"thumbnailUrl":"https:\/\/fundaciomiquelvalls.org\/wp-content\/uploads\/2025\/09\/CARTELL-LOTERIA-2025_nacional_CAST.jpg","keywords":["Fundaci\u00f3 Catalana d&#039;ELA Miquel Valls","Loteria solid\u00e0ria"],"articleSection":["Sin categorizar"],"inLanguage":"es"},{"@type":"WebPage","@id":"https:\/\/fundaciomiquelvalls.org\/es\/loteria-solidaria-contra-lela-de-nadal-de-la-fundacio-catalana-dela-miquel-valls\/","url":"https:\/\/fundaciomiquelvalls.org\/es\/loteria-solidaria-contra-lela-de-nadal-de-la-fundacio-catalana-dela-miquel-valls\/","name":"Loter\u00eda solidaria contra la ELA de Navidad de la Fundaci\u00f3n Catalana de ELA Miquel Valls - Fundaci\u00f3 Catalana d&#039;ELA Miquel Valls","isPartOf":{"@id":"https:\/\/fundaciomiquelvalls.org\/#website"},"primaryImageOfPage":{"@id":"https:\/\/fundaciomiquelvalls.org\/es\/loteria-solidaria-contra-lela-de-nadal-de-la-fundacio-catalana-dela-miquel-valls\/#primaryimage"},"image":{"@id":"https:\/\/fundaciomiquelvalls.org\/es\/loteria-solidaria-contra-lela-de-nadal-de-la-fundacio-catalana-dela-miquel-valls\/#primaryimage"},"thumbnailUrl":"https:\/\/fundaciomiquelvalls.org\/wp-content\/uploads\/2025\/09\/CARTELL-LOTERIA-2025_nacional_CAST.jpg","datePublished":"2025-09-25T11:13:58+00:00","dateModified":"2025-10-23T13:09:57+00:00","author":{"@id":"https:\/\/fundaciomiquelvalls.org\/#\/schema\/person\/49e4b390c29b931f8b4213fbd9276ea3"},"description":"Adquireix la Loteria solid\u00e0ria contra l'ELA de Nadal de la Fundaci\u00f3 Catalana d'ELA Miquel Valls. Com sempre jugem amb el n\u00famero 11873.","breadcrumb":{"@id":"https:\/\/fundaciomiquelvalls.org\/es\/loteria-solidaria-contra-lela-de-nadal-de-la-fundacio-catalana-dela-miquel-valls\/#breadcrumb"},"inLanguage":"es","potentialAction":[{"@type":"ReadAction","target":["https:\/\/fundaciomiquelvalls.org\/es\/loteria-solidaria-contra-lela-de-nadal-de-la-fundacio-catalana-dela-miquel-valls\/"]}]},{"@type":"ImageObject","inLanguage":"es","@id":"https:\/\/fundaciomiquelvalls.org\/es\/loteria-solidaria-contra-lela-de-nadal-de-la-fundacio-catalana-dela-miquel-valls\/#primaryimage","url":"https:\/\/fundaciomiquelvalls.org\/wp-content\/uploads\/2025\/09\/CARTELL-LOTERIA-2025_nacional_CAST.jpg","contentUrl":"https:\/\/fundaciomiquelvalls.org\/wp-content\/uploads\/2025\/09\/CARTELL-LOTERIA-2025_nacional_CAST.jpg","width":1200,"height":628},{"@type":"BreadcrumbList","@id":"https:\/\/fundaciomiquelvalls.org\/es\/loteria-solidaria-contra-lela-de-nadal-de-la-fundacio-catalana-dela-miquel-valls\/#breadcrumb","itemListElement":[{"@type":"ListItem","position":1,"name":"Portada","item":"https:\/\/fundaciomiquelvalls.org\/es\/"},{"@type":"ListItem","position":2,"name":"Loter\u00eda solidaria contra la ELA de Navidad de la Fundaci\u00f3n Catalana de ELA Miquel Valls"}]},{"@type":"WebSite","@id":"https:\/\/fundaciomiquelvalls.org\/#website","url":"https:\/\/fundaciomiquelvalls.org\/","name":"Fundaci\u00f3 Catalana d&#039;ELA Miquel Valls","description":"Treballem per millorar la qualitat de vida de les persones afectades d&#039;ELA i Malaltia de Motoneurona","potentialAction":[{"@type":"SearchAction","target":{"@type":"EntryPoint","urlTemplate":"https:\/\/fundaciomiquelvalls.org\/?s={search_term_string}"},"query-input":{"@type":"PropertyValueSpecification","valueRequired":true,"valueName":"search_term_string"}}],"inLanguage":"es"},{"@type":"Person","@id":"https:\/\/fundaciomiquelvalls.org\/#\/schema\/person\/49e4b390c29b931f8b4213fbd9276ea3","name":"Fundaci\u00f3 Catalana d'ELA Miquel Valls","sameAs":["https:\/\/fundaciomiquelvalls.org"],"url":"https:\/\/fundaciomiquelvalls.org\/es\/author\/alojapro_dev\/"}]}},"_links":{"self":[{"href":"https:\/\/fundaciomiquelvalls.org\/es\/wp-json\/wp\/v2\/posts\/9194","targetHints":{"allow":["GET"]}}],"collection":[{"href":"https:\/\/fundaciomiquelvalls.org\/es\/wp-json\/wp\/v2\/posts"}],"about":[{"href":"https:\/\/fundaciomiquelvalls.org\/es\/wp-json\/wp\/v2\/types\/post"}],"author":[{"embeddable":true,"href":"https:\/\/fundaciomiquelvalls.org\/es\/wp-json\/wp\/v2\/users\/1"}],"replies":[{"embeddable":true,"href":"https:\/\/fundaciomiquelvalls.org\/es\/wp-json\/wp\/v2\/comments?post=9194"}],"version-history":[{"count":2,"href":"https:\/\/fundaciomiquelvalls.org\/es\/wp-json\/wp\/v2\/posts\/9194\/revisions"}],"predecessor-version":[{"id":9200,"href":"https:\/\/fundaciomiquelvalls.org\/es\/wp-json\/wp\/v2\/posts\/9194\/revisions\/9200"}],"wp:featuredmedia":[{"embeddable":true,"href":"https:\/\/fundaciomiquelvalls.org\/es\/wp-json\/wp\/v2\/media\/9197"}],"wp:attachment":[{"href":"https:\/\/fundaciomiquelvalls.org\/es\/wp-json\/wp\/v2\/media?parent=9194"}],"wp:term":[{"taxonomy":"category","embeddable":true,"href":"https:\/\/fundaciomiquelvalls.org\/es\/wp-json\/wp\/v2\/categories?post=9194"},{"taxonomy":"post_tag","embeddable":true,"href":"https:\/\/fundaciomiquelvalls.org\/es\/wp-json\/wp\/v2\/tags?post=9194"}],"curies":[{"name":"wp","href":"https:\/\/api.w.org\/{rel}","templated":true}]}}