{"id":8822,"date":"2025-07-25T09:37:17","date_gmt":"2025-07-25T07:37:17","guid":{"rendered":"https:\/\/fundaciomiquelvalls.org\/?p=8822"},"modified":"2025-08-25T15:07:32","modified_gmt":"2025-08-25T13:07:32","slug":"la-fundacio-amplia-el-projecte-de-cuidadors-per-persones-afectades-dela-a-lespera-del-desplegament-de-la-llei-ela","status":"publish","type":"post","link":"https:\/\/fundaciomiquelvalls.org\/es\/la-fundacio-amplia-el-projecte-de-cuidadors-per-persones-afectades-dela-a-lespera-del-desplegament-de-la-llei-ela\/","title":{"rendered":"La Fundaci\u00f3n ampl\u00eda el proyecto de cuidadores para personas afectadas de ELA a la espera del despliegue de la Ley ELA"},"content":{"rendered":"\n<p>Aunque la Ley ELA fue aprobada y publicada el 30 de octubre de 2024, a d\u00eda de hoy todav\u00eda no se ha concretado ni el presupuesto necesario ni la coordinaci\u00f3n con las comunidades aut\u00f3nomas para garantizar su aplicaci\u00f3n efectiva. Esta ley \u2014impulsada por las entidades agrupadas en ConELA, entre las cuales se encuentra la Fundaci\u00f3n Catalana de ELA Miquel Valls\u2014 reconoce el derecho subjetivo de las personas afectadas, en fases avanzadas, a una atenci\u00f3n continuada y especializada las 24 horas del d\u00eda, un apoyo indispensable para garantizar su vida y dignidad.<\/p>\n\n\n\n<p>Ante la urgencia de la situaci\u00f3n y el hecho de que, por ahora, solo se ha alcanzado un <a href=\"https:\/\/fundaciomiquelvalls.org\/es\/comunicat-de-conela-sobre-lacord-assolit-amb-el-ministeri-de-sanitat-i-el-desplegament-de-la-llei-ela\/\">acuerdo con el Ministerio de Sanidad como plan de choque<\/a>, la Fundaci\u00f3n Catalana de ELA Miquel Valls ha ampliado el proyecto de cuidadores y cuidadoras a domicilio, hasta ahora <a href=\"https:\/\/fundaciomiquelvalls.org\/es\/projecte-pilot-cuidadors-fcemv\/\">enfocado en ofrecer respiros y atender a personas vulnerables<\/a>. El objetivo es garantizar la atenci\u00f3n especializada que requieren todas las personas afectadas de ELA en situaci\u00f3n de gran dependencia y con riesgo de muerte evitable, tal y como establece la propia ley.<\/p>\n\n\n\n<p>Este proyecto da respuesta a la necesidad de supervisi\u00f3n y asistencia continuada de personas que viven con ventilaci\u00f3n mec\u00e1nica (ya sea a trav\u00e9s de traqueotom\u00eda o ventilaci\u00f3n no invasiva), y que a menudo no pueden asumir el coste del apoyo que necesitan para vivir. En la mayor\u00eda de estos casos, la responsabilidad recae sobre las familias o el entorno m\u00e1s cercano, generando una sobrecarga extrema que tambi\u00e9n pone en riesgo su salud y bienestar. En Catalu\u00f1a, se estima que actualmente hay unas cuarenta personas afectadas de ELA en esta situaci\u00f3n.<\/p>\n\n\n\n<p>La finalidad es llegar a todas las personas afectadas de ELA que son objeto de la Ley, independientemente de su situaci\u00f3n econ\u00f3mica, mientras esta no se despliega con garant\u00edas.<\/p>\n\n\n\n<p>El proyecto se basa en un proceso de intervenci\u00f3n personalizado que comienza con la evaluaci\u00f3n individualizada, a cargo de los profesionales de la entidad, de las necesidades de cada familia beneficiaria. A partir de este an\u00e1lisis, se determina el recurso asistencial m\u00e1s adecuado para garantizar la supervisi\u00f3n y la atenci\u00f3n continuada que se requiere. Y es desde la propia Fundaci\u00f3n que se gestiona y contrata el servicio de cuidador o cuidadora, asegurando en todo momento la calidad de la atenci\u00f3n prestada. Adem\u00e1s, se lleva a cabo un seguimiento continuo del servicio para garantizar su correcta ejecuci\u00f3n, realizando una evaluaci\u00f3n que permite valorar tanto la utilidad del proyecto como el grado de satisfacci\u00f3n de las personas atendidas y sus familias.<\/p>\n\n\n\n<p>Con esta iniciativa, la Fundaci\u00f3n quiere dar respuesta, sobre todo, a una necesidad cr\u00f3nica que, mientras no se resuelva desde las instituciones, pone en riesgo vidas humanas cada d\u00eda. Tambi\u00e9n quiere adquirir experiencia, agilizar la coordinaci\u00f3n necesaria de los recursos y ofrecer soluciones a las personas que actualmente est\u00e1n sufriendo esta situaci\u00f3n y a quienes la ley a\u00fan no les proporciona el apoyo necesario.<\/p>\n\n\n\n<p>El proyecto ha podido ponerse en marcha gracias a la ayuda que el Departamento de Derechos Sociales de la Generalitat de Catalu\u00f1a nos ha concedido a trav\u00e9s de su convocatoria de subvenciones a entidades del \u00e1mbito de las pol\u00edticas sociales, as\u00ed como por otra subvenci\u00f3n nominativa de la Diputaci\u00f3n de Barcelona, y otras fuentes de financiaci\u00f3n propias y privadas. A todos ellos les agradecemos el apoyo y la implicaci\u00f3n en este importante proyecto.<\/p>\n\n\n<div class=\"wp-block-image\">\n<figure class=\"alignleft size-full is-resized\"><img loading=\"lazy\" decoding=\"async\" width=\"575\" height=\"100\" src=\"https:\/\/fundaciomiquelvalls.org\/wp-content\/uploads\/2025\/07\/WhatsApp-Image-2025-08-01-at-11.08.17-3.jpeg\" alt=\"\" class=\"wp-image-8853\" style=\"width:339px;height:auto\" srcset=\"https:\/\/fundaciomiquelvalls.org\/wp-content\/uploads\/2025\/07\/WhatsApp-Image-2025-08-01-at-11.08.17-3.jpeg 575w, https:\/\/fundaciomiquelvalls.org\/wp-content\/uploads\/2025\/07\/WhatsApp-Image-2025-08-01-at-11.08.17-3-300x52.jpeg 300w\"  sizes=\"(max-width: 575px) 100vw, 575px\" \/><\/figure>\n<\/div>\n\n<div class=\"wp-block-image\">\n<figure class=\"alignleft size-full is-resized\"><img loading=\"lazy\" decoding=\"async\" width=\"1025\" height=\"338\" src=\"https:\/\/fundaciomiquelvalls.org\/wp-content\/uploads\/2025\/07\/WhatsApp-Image-2025-08-01-at-11.08.18-4.jpeg\" alt=\"\" class=\"wp-image-8851\" style=\"width:230px;height:auto\" srcset=\"https:\/\/fundaciomiquelvalls.org\/wp-content\/uploads\/2025\/07\/WhatsApp-Image-2025-08-01-at-11.08.18-4.jpeg 1025w, https:\/\/fundaciomiquelvalls.org\/wp-content\/uploads\/2025\/07\/WhatsApp-Image-2025-08-01-at-11.08.18-4-300x99.jpeg 300w, https:\/\/fundaciomiquelvalls.org\/wp-content\/uploads\/2025\/07\/WhatsApp-Image-2025-08-01-at-11.08.18-4-768x253.jpeg 768w, https:\/\/fundaciomiquelvalls.org\/wp-content\/uploads\/2025\/07\/WhatsApp-Image-2025-08-01-at-11.08.18-4-958x316.jpeg 958w\"  sizes=\"(max-width: 1025px) 100vw, 1025px\" \/><\/figure>\n<\/div>\n\n\n<p><\/p>\n","protected":false},"excerpt":{"rendered":"<p>El objetivo de ampliar el proyecto es garantizar, hasta la implementaci\u00f3n de la Ley ELA, cuidadores\/as a domicilio para las personas afectadas de ELA con riesgo de muerte evitable, tal y como establece la propia ley.<\/p>\n","protected":false},"author":1,"featured_media":8820,"comment_status":"closed","ping_status":"closed","sticky":false,"template":"","format":"standard","meta":{"footnotes":""},"categories":[90],"tags":[122],"class_list":["post-8822","post","type-post","status-publish","format-standard","has-post-thumbnail","hentry","category-actualitat-es","tag-fundacio-catalana-dela-miquel-valls-es"],"yoast_head":"<!-- This site is optimized with the Yoast SEO plugin v26.9 - https:\/\/yoast.com\/product\/yoast-seo-wordpress\/ -->\n<title>La Fundaci\u00f3n ampl\u00eda el proyecto de cuidadores para personas afectadas de ELA a la espera del despliegue de la Ley ELA - Fundaci\u00f3 Catalana d&#039;ELA Miquel Valls<\/title>\n<meta name=\"description\" content=\"El objetivo de ampliar el proyecto es garantizar, hasta la implementaci\u00f3n de la Ley ELA, cuidadores\/as a domicilio para las personas afectadas de ELA con riesgo de muerte evitable, tal y como establece la propia ley.\" \/>\n<meta name=\"robots\" content=\"index, follow, max-snippet:-1, max-image-preview:large, max-video-preview:-1\" \/>\n<link rel=\"canonical\" href=\"https:\/\/fundaciomiquelvalls.org\/es\/la-fundacio-amplia-el-projecte-de-cuidadors-per-persones-afectades-dela-a-lespera-del-desplegament-de-la-llei-ela\/\" \/>\n<meta property=\"og:locale\" content=\"es_ES\" \/>\n<meta property=\"og:type\" content=\"article\" \/>\n<meta property=\"og:title\" content=\"La Fundaci\u00f3n ampl\u00eda el proyecto de cuidadores para personas afectadas de ELA a la espera del despliegue de la Ley ELA\" \/>\n<meta property=\"og:description\" content=\"El objetivo de ampliar el proyecto es garantizar, hasta la implementaci\u00f3n de la Ley ELA, cuidadores\/as a domicilio para las personas afectadas de ELA con riesgo de muerte evitable, tal y como establece la propia ley.\" \/>\n<meta property=\"og:url\" content=\"https:\/\/fundaciomiquelvalls.org\/es\/la-fundacio-amplia-el-projecte-de-cuidadors-per-persones-afectades-dela-a-lespera-del-desplegament-de-la-llei-ela\/\" \/>\n<meta property=\"og:site_name\" content=\"Fundaci\u00f3 Catalana d&#039;ELA Miquel Valls\" \/>\n<meta property=\"article:published_time\" content=\"2025-07-25T07:37:17+00:00\" \/>\n<meta property=\"article:modified_time\" content=\"2025-08-25T13:07:32+00:00\" \/>\n<meta property=\"og:image\" content=\"https:\/\/fundaciomiquelvalls.org\/wp-content\/uploads\/2025\/07\/mans_ELA-scaled.jpg\" \/>\n\t<meta property=\"og:image:width\" content=\"2560\" \/>\n\t<meta property=\"og:image:height\" content=\"1709\" \/>\n\t<meta property=\"og:image:type\" content=\"image\/jpeg\" \/>\n<meta name=\"author\" content=\"Fundaci\u00f3 Catalana d&#039;ELA Miquel Valls\" \/>\n<meta name=\"twitter:card\" content=\"summary_large_image\" \/>\n<meta name=\"twitter:label1\" content=\"Escrito por\" \/>\n\t<meta name=\"twitter:data1\" content=\"Fundaci\u00f3 Catalana d&#039;ELA Miquel Valls\" \/>\n\t<meta name=\"twitter:label2\" content=\"Tiempo de lectura\" \/>\n\t<meta name=\"twitter:data2\" content=\"4 minutos\" \/>\n<script type=\"application\/ld+json\" class=\"yoast-schema-graph\">{\"@context\":\"https:\/\/schema.org\",\"@graph\":[{\"@type\":\"Article\",\"@id\":\"https:\/\/fundaciomiquelvalls.org\/es\/la-fundacio-amplia-el-projecte-de-cuidadors-per-persones-afectades-dela-a-lespera-del-desplegament-de-la-llei-ela\/#article\",\"isPartOf\":{\"@id\":\"https:\/\/fundaciomiquelvalls.org\/es\/la-fundacio-amplia-el-projecte-de-cuidadors-per-persones-afectades-dela-a-lespera-del-desplegament-de-la-llei-ela\/\"},\"author\":{\"name\":\"Fundaci\u00f3 Catalana d'ELA Miquel Valls\",\"@id\":\"https:\/\/fundaciomiquelvalls.org\/#\/schema\/person\/49e4b390c29b931f8b4213fbd9276ea3\"},\"headline\":\"La Fundaci\u00f3n ampl\u00eda el proyecto de cuidadores para personas afectadas de ELA a la espera del despliegue de la Ley ELA\",\"datePublished\":\"2025-07-25T07:37:17+00:00\",\"dateModified\":\"2025-08-25T13:07:32+00:00\",\"mainEntityOfPage\":{\"@id\":\"https:\/\/fundaciomiquelvalls.org\/es\/la-fundacio-amplia-el-projecte-de-cuidadors-per-persones-afectades-dela-a-lespera-del-desplegament-de-la-llei-ela\/\"},\"wordCount\":628,\"image\":{\"@id\":\"https:\/\/fundaciomiquelvalls.org\/es\/la-fundacio-amplia-el-projecte-de-cuidadors-per-persones-afectades-dela-a-lespera-del-desplegament-de-la-llei-ela\/#primaryimage\"},\"thumbnailUrl\":\"https:\/\/fundaciomiquelvalls.org\/wp-content\/uploads\/2025\/07\/mans_ELA-scaled.jpg\",\"keywords\":[\"Fundaci\u00f3 Catalana d&#039;ELA Miquel Valls\"],\"articleSection\":[\"Actualitat\"],\"inLanguage\":\"es\"},{\"@type\":\"WebPage\",\"@id\":\"https:\/\/fundaciomiquelvalls.org\/es\/la-fundacio-amplia-el-projecte-de-cuidadors-per-persones-afectades-dela-a-lespera-del-desplegament-de-la-llei-ela\/\",\"url\":\"https:\/\/fundaciomiquelvalls.org\/es\/la-fundacio-amplia-el-projecte-de-cuidadors-per-persones-afectades-dela-a-lespera-del-desplegament-de-la-llei-ela\/\",\"name\":\"La Fundaci\u00f3n ampl\u00eda el proyecto de cuidadores para personas afectadas de ELA a la espera del despliegue de la Ley ELA - Fundaci\u00f3 Catalana d&#039;ELA Miquel Valls\",\"isPartOf\":{\"@id\":\"https:\/\/fundaciomiquelvalls.org\/#website\"},\"primaryImageOfPage\":{\"@id\":\"https:\/\/fundaciomiquelvalls.org\/es\/la-fundacio-amplia-el-projecte-de-cuidadors-per-persones-afectades-dela-a-lespera-del-desplegament-de-la-llei-ela\/#primaryimage\"},\"image\":{\"@id\":\"https:\/\/fundaciomiquelvalls.org\/es\/la-fundacio-amplia-el-projecte-de-cuidadors-per-persones-afectades-dela-a-lespera-del-desplegament-de-la-llei-ela\/#primaryimage\"},\"thumbnailUrl\":\"https:\/\/fundaciomiquelvalls.org\/wp-content\/uploads\/2025\/07\/mans_ELA-scaled.jpg\",\"datePublished\":\"2025-07-25T07:37:17+00:00\",\"dateModified\":\"2025-08-25T13:07:32+00:00\",\"author\":{\"@id\":\"https:\/\/fundaciomiquelvalls.org\/#\/schema\/person\/49e4b390c29b931f8b4213fbd9276ea3\"},\"description\":\"El objetivo de ampliar el proyecto es garantizar, hasta la implementaci\u00f3n de la Ley ELA, cuidadores\/as a domicilio para las personas afectadas de ELA con riesgo de muerte evitable, tal y como establece la propia ley.\",\"breadcrumb\":{\"@id\":\"https:\/\/fundaciomiquelvalls.org\/es\/la-fundacio-amplia-el-projecte-de-cuidadors-per-persones-afectades-dela-a-lespera-del-desplegament-de-la-llei-ela\/#breadcrumb\"},\"inLanguage\":\"es\",\"potentialAction\":[{\"@type\":\"ReadAction\",\"target\":[\"https:\/\/fundaciomiquelvalls.org\/es\/la-fundacio-amplia-el-projecte-de-cuidadors-per-persones-afectades-dela-a-lespera-del-desplegament-de-la-llei-ela\/\"]}]},{\"@type\":\"ImageObject\",\"inLanguage\":\"es\",\"@id\":\"https:\/\/fundaciomiquelvalls.org\/es\/la-fundacio-amplia-el-projecte-de-cuidadors-per-persones-afectades-dela-a-lespera-del-desplegament-de-la-llei-ela\/#primaryimage\",\"url\":\"https:\/\/fundaciomiquelvalls.org\/wp-content\/uploads\/2025\/07\/mans_ELA-scaled.jpg\",\"contentUrl\":\"https:\/\/fundaciomiquelvalls.org\/wp-content\/uploads\/2025\/07\/mans_ELA-scaled.jpg\",\"width\":2560,\"height\":1709},{\"@type\":\"BreadcrumbList\",\"@id\":\"https:\/\/fundaciomiquelvalls.org\/es\/la-fundacio-amplia-el-projecte-de-cuidadors-per-persones-afectades-dela-a-lespera-del-desplegament-de-la-llei-ela\/#breadcrumb\",\"itemListElement\":[{\"@type\":\"ListItem\",\"position\":1,\"name\":\"Portada\",\"item\":\"https:\/\/fundaciomiquelvalls.org\/es\/\"},{\"@type\":\"ListItem\",\"position\":2,\"name\":\"La Fundaci\u00f3n ampl\u00eda el proyecto de cuidadores para personas afectadas de ELA a la espera del despliegue de la Ley ELA\"}]},{\"@type\":\"WebSite\",\"@id\":\"https:\/\/fundaciomiquelvalls.org\/#website\",\"url\":\"https:\/\/fundaciomiquelvalls.org\/\",\"name\":\"Fundaci\u00f3 Catalana d&#039;ELA Miquel Valls\",\"description\":\"Treballem per millorar la qualitat de vida de les persones afectades d&#039;ELA i Malaltia de Motoneurona\",\"potentialAction\":[{\"@type\":\"SearchAction\",\"target\":{\"@type\":\"EntryPoint\",\"urlTemplate\":\"https:\/\/fundaciomiquelvalls.org\/?s={search_term_string}\"},\"query-input\":{\"@type\":\"PropertyValueSpecification\",\"valueRequired\":true,\"valueName\":\"search_term_string\"}}],\"inLanguage\":\"es\"},{\"@type\":\"Person\",\"@id\":\"https:\/\/fundaciomiquelvalls.org\/#\/schema\/person\/49e4b390c29b931f8b4213fbd9276ea3\",\"name\":\"Fundaci\u00f3 Catalana d'ELA Miquel Valls\",\"sameAs\":[\"https:\/\/fundaciomiquelvalls.org\"],\"url\":\"https:\/\/fundaciomiquelvalls.org\/es\/author\/alojapro_dev\/\"}]}<\/script>\n<!-- \/ Yoast SEO plugin. -->","yoast_head_json":{"title":"La Fundaci\u00f3n ampl\u00eda el proyecto de cuidadores para personas afectadas de ELA a la espera del despliegue de la Ley ELA - Fundaci\u00f3 Catalana d&#039;ELA Miquel Valls","description":"El objetivo de ampliar el proyecto es garantizar, hasta la implementaci\u00f3n de la Ley ELA, cuidadores\/as a domicilio para las personas afectadas de ELA con riesgo de muerte evitable, tal y como establece la propia ley.","robots":{"index":"index","follow":"follow","max-snippet":"max-snippet:-1","max-image-preview":"max-image-preview:large","max-video-preview":"max-video-preview:-1"},"canonical":"https:\/\/fundaciomiquelvalls.org\/es\/la-fundacio-amplia-el-projecte-de-cuidadors-per-persones-afectades-dela-a-lespera-del-desplegament-de-la-llei-ela\/","og_locale":"es_ES","og_type":"article","og_title":"La Fundaci\u00f3n ampl\u00eda el proyecto de cuidadores para personas afectadas de ELA a la espera del despliegue de la Ley ELA","og_description":"El objetivo de ampliar el proyecto es garantizar, hasta la implementaci\u00f3n de la Ley ELA, cuidadores\/as a domicilio para las personas afectadas de ELA con riesgo de muerte evitable, tal y como establece la propia ley.","og_url":"https:\/\/fundaciomiquelvalls.org\/es\/la-fundacio-amplia-el-projecte-de-cuidadors-per-persones-afectades-dela-a-lespera-del-desplegament-de-la-llei-ela\/","og_site_name":"Fundaci\u00f3 Catalana d&#039;ELA Miquel Valls","article_published_time":"2025-07-25T07:37:17+00:00","article_modified_time":"2025-08-25T13:07:32+00:00","og_image":[{"width":2560,"height":1709,"url":"https:\/\/fundaciomiquelvalls.org\/wp-content\/uploads\/2025\/07\/mans_ELA-scaled.jpg","type":"image\/jpeg"}],"author":"Fundaci\u00f3 Catalana d'ELA Miquel Valls","twitter_card":"summary_large_image","twitter_misc":{"Escrito por":"Fundaci\u00f3 Catalana d'ELA Miquel Valls","Tiempo de lectura":"4 minutos"},"schema":{"@context":"https:\/\/schema.org","@graph":[{"@type":"Article","@id":"https:\/\/fundaciomiquelvalls.org\/es\/la-fundacio-amplia-el-projecte-de-cuidadors-per-persones-afectades-dela-a-lespera-del-desplegament-de-la-llei-ela\/#article","isPartOf":{"@id":"https:\/\/fundaciomiquelvalls.org\/es\/la-fundacio-amplia-el-projecte-de-cuidadors-per-persones-afectades-dela-a-lespera-del-desplegament-de-la-llei-ela\/"},"author":{"name":"Fundaci\u00f3 Catalana d'ELA Miquel Valls","@id":"https:\/\/fundaciomiquelvalls.org\/#\/schema\/person\/49e4b390c29b931f8b4213fbd9276ea3"},"headline":"La Fundaci\u00f3n ampl\u00eda el proyecto de cuidadores para personas afectadas de ELA a la espera del despliegue de la Ley ELA","datePublished":"2025-07-25T07:37:17+00:00","dateModified":"2025-08-25T13:07:32+00:00","mainEntityOfPage":{"@id":"https:\/\/fundaciomiquelvalls.org\/es\/la-fundacio-amplia-el-projecte-de-cuidadors-per-persones-afectades-dela-a-lespera-del-desplegament-de-la-llei-ela\/"},"wordCount":628,"image":{"@id":"https:\/\/fundaciomiquelvalls.org\/es\/la-fundacio-amplia-el-projecte-de-cuidadors-per-persones-afectades-dela-a-lespera-del-desplegament-de-la-llei-ela\/#primaryimage"},"thumbnailUrl":"https:\/\/fundaciomiquelvalls.org\/wp-content\/uploads\/2025\/07\/mans_ELA-scaled.jpg","keywords":["Fundaci\u00f3 Catalana d&#039;ELA Miquel Valls"],"articleSection":["Actualitat"],"inLanguage":"es"},{"@type":"WebPage","@id":"https:\/\/fundaciomiquelvalls.org\/es\/la-fundacio-amplia-el-projecte-de-cuidadors-per-persones-afectades-dela-a-lespera-del-desplegament-de-la-llei-ela\/","url":"https:\/\/fundaciomiquelvalls.org\/es\/la-fundacio-amplia-el-projecte-de-cuidadors-per-persones-afectades-dela-a-lespera-del-desplegament-de-la-llei-ela\/","name":"La Fundaci\u00f3n ampl\u00eda el proyecto de cuidadores para personas afectadas de ELA a la espera del despliegue de la Ley ELA - Fundaci\u00f3 Catalana d&#039;ELA Miquel Valls","isPartOf":{"@id":"https:\/\/fundaciomiquelvalls.org\/#website"},"primaryImageOfPage":{"@id":"https:\/\/fundaciomiquelvalls.org\/es\/la-fundacio-amplia-el-projecte-de-cuidadors-per-persones-afectades-dela-a-lespera-del-desplegament-de-la-llei-ela\/#primaryimage"},"image":{"@id":"https:\/\/fundaciomiquelvalls.org\/es\/la-fundacio-amplia-el-projecte-de-cuidadors-per-persones-afectades-dela-a-lespera-del-desplegament-de-la-llei-ela\/#primaryimage"},"thumbnailUrl":"https:\/\/fundaciomiquelvalls.org\/wp-content\/uploads\/2025\/07\/mans_ELA-scaled.jpg","datePublished":"2025-07-25T07:37:17+00:00","dateModified":"2025-08-25T13:07:32+00:00","author":{"@id":"https:\/\/fundaciomiquelvalls.org\/#\/schema\/person\/49e4b390c29b931f8b4213fbd9276ea3"},"description":"El objetivo de ampliar el proyecto es garantizar, hasta la implementaci\u00f3n de la Ley ELA, cuidadores\/as a domicilio para las personas afectadas de ELA con riesgo de muerte evitable, tal y como establece la propia ley.","breadcrumb":{"@id":"https:\/\/fundaciomiquelvalls.org\/es\/la-fundacio-amplia-el-projecte-de-cuidadors-per-persones-afectades-dela-a-lespera-del-desplegament-de-la-llei-ela\/#breadcrumb"},"inLanguage":"es","potentialAction":[{"@type":"ReadAction","target":["https:\/\/fundaciomiquelvalls.org\/es\/la-fundacio-amplia-el-projecte-de-cuidadors-per-persones-afectades-dela-a-lespera-del-desplegament-de-la-llei-ela\/"]}]},{"@type":"ImageObject","inLanguage":"es","@id":"https:\/\/fundaciomiquelvalls.org\/es\/la-fundacio-amplia-el-projecte-de-cuidadors-per-persones-afectades-dela-a-lespera-del-desplegament-de-la-llei-ela\/#primaryimage","url":"https:\/\/fundaciomiquelvalls.org\/wp-content\/uploads\/2025\/07\/mans_ELA-scaled.jpg","contentUrl":"https:\/\/fundaciomiquelvalls.org\/wp-content\/uploads\/2025\/07\/mans_ELA-scaled.jpg","width":2560,"height":1709},{"@type":"BreadcrumbList","@id":"https:\/\/fundaciomiquelvalls.org\/es\/la-fundacio-amplia-el-projecte-de-cuidadors-per-persones-afectades-dela-a-lespera-del-desplegament-de-la-llei-ela\/#breadcrumb","itemListElement":[{"@type":"ListItem","position":1,"name":"Portada","item":"https:\/\/fundaciomiquelvalls.org\/es\/"},{"@type":"ListItem","position":2,"name":"La Fundaci\u00f3n ampl\u00eda el proyecto de cuidadores para personas afectadas de ELA a la espera del despliegue de la Ley ELA"}]},{"@type":"WebSite","@id":"https:\/\/fundaciomiquelvalls.org\/#website","url":"https:\/\/fundaciomiquelvalls.org\/","name":"Fundaci\u00f3 Catalana d&#039;ELA Miquel Valls","description":"Treballem per millorar la qualitat de vida de les persones afectades d&#039;ELA i Malaltia de Motoneurona","potentialAction":[{"@type":"SearchAction","target":{"@type":"EntryPoint","urlTemplate":"https:\/\/fundaciomiquelvalls.org\/?s={search_term_string}"},"query-input":{"@type":"PropertyValueSpecification","valueRequired":true,"valueName":"search_term_string"}}],"inLanguage":"es"},{"@type":"Person","@id":"https:\/\/fundaciomiquelvalls.org\/#\/schema\/person\/49e4b390c29b931f8b4213fbd9276ea3","name":"Fundaci\u00f3 Catalana d'ELA Miquel Valls","sameAs":["https:\/\/fundaciomiquelvalls.org"],"url":"https:\/\/fundaciomiquelvalls.org\/es\/author\/alojapro_dev\/"}]}},"_links":{"self":[{"href":"https:\/\/fundaciomiquelvalls.org\/es\/wp-json\/wp\/v2\/posts\/8822","targetHints":{"allow":["GET"]}}],"collection":[{"href":"https:\/\/fundaciomiquelvalls.org\/es\/wp-json\/wp\/v2\/posts"}],"about":[{"href":"https:\/\/fundaciomiquelvalls.org\/es\/wp-json\/wp\/v2\/types\/post"}],"author":[{"embeddable":true,"href":"https:\/\/fundaciomiquelvalls.org\/es\/wp-json\/wp\/v2\/users\/1"}],"replies":[{"embeddable":true,"href":"https:\/\/fundaciomiquelvalls.org\/es\/wp-json\/wp\/v2\/comments?post=8822"}],"version-history":[{"count":6,"href":"https:\/\/fundaciomiquelvalls.org\/es\/wp-json\/wp\/v2\/posts\/8822\/revisions"}],"predecessor-version":[{"id":8912,"href":"https:\/\/fundaciomiquelvalls.org\/es\/wp-json\/wp\/v2\/posts\/8822\/revisions\/8912"}],"wp:featuredmedia":[{"embeddable":true,"href":"https:\/\/fundaciomiquelvalls.org\/es\/wp-json\/wp\/v2\/media\/8820"}],"wp:attachment":[{"href":"https:\/\/fundaciomiquelvalls.org\/es\/wp-json\/wp\/v2\/media?parent=8822"}],"wp:term":[{"taxonomy":"category","embeddable":true,"href":"https:\/\/fundaciomiquelvalls.org\/es\/wp-json\/wp\/v2\/categories?post=8822"},{"taxonomy":"post_tag","embeddable":true,"href":"https:\/\/fundaciomiquelvalls.org\/es\/wp-json\/wp\/v2\/tags?post=8822"}],"curies":[{"name":"wp","href":"https:\/\/api.w.org\/{rel}","templated":true}]}}