{"id":8781,"date":"2025-07-10T13:57:43","date_gmt":"2025-07-10T11:57:43","guid":{"rendered":"https:\/\/fundaciomiquelvalls.org\/?p=8781"},"modified":"2025-07-17T14:44:41","modified_gmt":"2025-07-17T12:44:41","slug":"gracies-per-ajudar-nos-a-formar-a-domicili-els-cuidadors-es-de-persones-amb-ela","status":"publish","type":"post","link":"https:\/\/fundaciomiquelvalls.org\/es\/gracies-per-ajudar-nos-a-formar-a-domicili-els-cuidadors-es-de-persones-amb-ela\/","title":{"rendered":"Gracias por ayudar a formar en el domicilio a los cuidadores\/as de personas con ELA"},"content":{"rendered":"\n<p>Nos alegra compartir que la campa\u00f1a <a href=\"https:\/\/fundaciomiquelvalls.org\/ajudans-a-formar-a-domicili-els-cuidadors-es-de-les-persones-afectades-dela\/\">\u201cAy\u00fadanos a formar en el domicilio a los cuidadores\/as de las personas afectadas de ELA\u201d<\/a> ya ha finalizado y queremos agradecer la solidaridad de todas las personas que hab\u00e9is colaborado.<\/p>\n\n\n\n<p>En Catalu\u00f1a, m\u00e1s de 550 personas viven con Esclerosis Lateral Amiotr\u00f3fica (ELA), una enfermedad que, en sus fases m\u00e1s avanzadas, requiere cuidados constantes, muy espec\u00edficos y complejos. Actualmente, los recursos p\u00fablicos disponibles no cubren toda esta atenci\u00f3n, y la mayor parte del cuidado recae en familiares que, a menudo, no disponen de la formaci\u00f3n ni del apoyo necesario para hacer frente a una tarea tan exigente.<\/p>\n\n\n\n<p>Con la aprobaci\u00f3n de la Ley ELA, se ha dado un paso importante en el reconocimiento de los derechos de las personas afectadas. La ley prev\u00e9, entre otras medidas, una formaci\u00f3n espec\u00edfica para los cuidadores\/as familiares, pero todav\u00eda no se ha concretado qu\u00e9 tipo de formaci\u00f3n ser\u00e1, ni c\u00f3mo se financiar\u00e1, ni cu\u00e1ndo se desplegar\u00e1 de forma efectiva.<\/p>\n\n\n\n<p>Por este motivo, desde la Fundaci\u00f3n Catalana de ELA Miquel Valls impulsamos esta campa\u00f1a solidaria, con el objetivo de continuar ofreciendo una formaci\u00f3n inmediata y personalizada en el domicilio para los cuidadores\/as principales. Un proyecto liderado por profesionales en Terapia Ocupacional especializados en ELA, que se desplazan a cualquier punto de Catalu\u00f1a para ense\u00f1ar, desde el mismo entorno de la persona afectada, c\u00f3mo proporcionar unos cuidados seguros, eficaces y adaptados a cada caso.<\/p>\n\n\n\n<p>Gracias a las donaciones de esta campa\u00f1a, as\u00ed como a otras aportaciones privadas y subvenciones p\u00fablicas, este proyecto es posible.<\/p>\n\n\n\n<p>Aun as\u00ed, la necesidad sigue siendo muy grande, y por ello mantenemos abierta la posibilidad de seguir colaborando. Si quieres sumarte o hacer una nueva aportaci\u00f3n, puedes hacerlo a trav\u00e9s de nuestra web: <a href=\"http:\/\/www.fundaciomiquelvalls.org\/dona\">www.fundaciomiquelvalls.org\/dona<\/a><\/p>\n\n\n\n<p>Gracias por hacer un Gesto por la ELA.<\/p>\n","protected":false},"excerpt":{"rendered":"<p>\u00a1Queremos dar las gracias a todas las personas que han querido participar en esta campa\u00f1a solidaria para ayudar a formar a las personas cuidadoras de los afectados y afectadas de ELA!<\/p>\n","protected":false},"author":1,"featured_media":8782,"comment_status":"closed","ping_status":"closed","sticky":false,"template":"","format":"standard","meta":{"footnotes":""},"categories":[90],"tags":[91,122],"class_list":["post-8781","post","type-post","status-publish","format-standard","has-post-thumbnail","hentry","category-actualitat-es","tag-ela-es","tag-fundacio-catalana-dela-miquel-valls-es"],"yoast_head":"<!-- This site is optimized with the Yoast SEO plugin v26.9 - https:\/\/yoast.com\/product\/yoast-seo-wordpress\/ -->\n<title>Gracias por ayudar a formar en el domicilio a los cuidadores\/as de personas con ELA - Fundaci\u00f3 Catalana d&#039;ELA Miquel Valls<\/title>\n<meta name=\"description\" content=\"\u00a1Queremos dar las gracias a todas las personas que han querido participar en esta campa\u00f1a solidaria para ayudar a formar a las personas cuidadoras de los afectados y afectadas de ELA!\" \/>\n<meta name=\"robots\" content=\"index, follow, max-snippet:-1, max-image-preview:large, max-video-preview:-1\" \/>\n<link rel=\"canonical\" href=\"https:\/\/fundaciomiquelvalls.org\/es\/gracies-per-ajudar-nos-a-formar-a-domicili-els-cuidadors-es-de-persones-amb-ela\/\" \/>\n<meta property=\"og:locale\" content=\"es_ES\" \/>\n<meta property=\"og:type\" content=\"article\" \/>\n<meta property=\"og:title\" content=\"Gracias por ayudar a formar en el domicilio a los cuidadores\/as de personas con ELA\" \/>\n<meta property=\"og:description\" content=\"\u00a1Queremos dar las gracias a todas las personas que han querido participar en esta campa\u00f1a solidaria para ayudar a formar a las personas cuidadoras de los afectados y afectadas de ELA!\" \/>\n<meta property=\"og:url\" content=\"https:\/\/fundaciomiquelvalls.org\/es\/gracies-per-ajudar-nos-a-formar-a-domicili-els-cuidadors-es-de-persones-amb-ela\/\" \/>\n<meta property=\"og:site_name\" content=\"Fundaci\u00f3 Catalana d&#039;ELA Miquel Valls\" \/>\n<meta property=\"article:published_time\" content=\"2025-07-10T11:57:43+00:00\" \/>\n<meta property=\"article:modified_time\" content=\"2025-07-17T12:44:41+00:00\" \/>\n<meta property=\"og:image\" content=\"https:\/\/fundaciomiquelvalls.org\/wp-content\/uploads\/2025\/07\/Gracies-campanya-formacio-cuidadors.png\" \/>\n\t<meta property=\"og:image:width\" content=\"1366\" \/>\n\t<meta property=\"og:image:height\" content=\"768\" \/>\n\t<meta property=\"og:image:type\" content=\"image\/png\" \/>\n<meta name=\"author\" content=\"Fundaci\u00f3 Catalana d&#039;ELA Miquel Valls\" \/>\n<meta name=\"twitter:card\" content=\"summary_large_image\" \/>\n<meta name=\"twitter:label1\" content=\"Escrito por\" \/>\n\t<meta name=\"twitter:data1\" content=\"Fundaci\u00f3 Catalana d&#039;ELA Miquel Valls\" \/>\n\t<meta name=\"twitter:label2\" content=\"Tiempo de lectura\" \/>\n\t<meta name=\"twitter:data2\" content=\"2 minutos\" \/>\n<script type=\"application\/ld+json\" class=\"yoast-schema-graph\">{\"@context\":\"https:\/\/schema.org\",\"@graph\":[{\"@type\":\"Article\",\"@id\":\"https:\/\/fundaciomiquelvalls.org\/es\/gracies-per-ajudar-nos-a-formar-a-domicili-els-cuidadors-es-de-persones-amb-ela\/#article\",\"isPartOf\":{\"@id\":\"https:\/\/fundaciomiquelvalls.org\/es\/gracies-per-ajudar-nos-a-formar-a-domicili-els-cuidadors-es-de-persones-amb-ela\/\"},\"author\":{\"name\":\"Fundaci\u00f3 Catalana d'ELA Miquel Valls\",\"@id\":\"https:\/\/fundaciomiquelvalls.org\/#\/schema\/person\/49e4b390c29b931f8b4213fbd9276ea3\"},\"headline\":\"Gracias por ayudar a formar en el domicilio a los cuidadores\/as de personas con ELA\",\"datePublished\":\"2025-07-10T11:57:43+00:00\",\"dateModified\":\"2025-07-17T12:44:41+00:00\",\"mainEntityOfPage\":{\"@id\":\"https:\/\/fundaciomiquelvalls.org\/es\/gracies-per-ajudar-nos-a-formar-a-domicili-els-cuidadors-es-de-persones-amb-ela\/\"},\"wordCount\":344,\"image\":{\"@id\":\"https:\/\/fundaciomiquelvalls.org\/es\/gracies-per-ajudar-nos-a-formar-a-domicili-els-cuidadors-es-de-persones-amb-ela\/#primaryimage\"},\"thumbnailUrl\":\"https:\/\/fundaciomiquelvalls.org\/wp-content\/uploads\/2025\/07\/Gracies-campanya-formacio-cuidadors.png\",\"keywords\":[\"ELA\",\"Fundaci\u00f3 Catalana d&#039;ELA Miquel Valls\"],\"articleSection\":[\"Actualitat\"],\"inLanguage\":\"es\"},{\"@type\":\"WebPage\",\"@id\":\"https:\/\/fundaciomiquelvalls.org\/es\/gracies-per-ajudar-nos-a-formar-a-domicili-els-cuidadors-es-de-persones-amb-ela\/\",\"url\":\"https:\/\/fundaciomiquelvalls.org\/es\/gracies-per-ajudar-nos-a-formar-a-domicili-els-cuidadors-es-de-persones-amb-ela\/\",\"name\":\"Gracias por ayudar a formar en el domicilio a los cuidadores\/as de personas con ELA - Fundaci\u00f3 Catalana d&#039;ELA Miquel Valls\",\"isPartOf\":{\"@id\":\"https:\/\/fundaciomiquelvalls.org\/#website\"},\"primaryImageOfPage\":{\"@id\":\"https:\/\/fundaciomiquelvalls.org\/es\/gracies-per-ajudar-nos-a-formar-a-domicili-els-cuidadors-es-de-persones-amb-ela\/#primaryimage\"},\"image\":{\"@id\":\"https:\/\/fundaciomiquelvalls.org\/es\/gracies-per-ajudar-nos-a-formar-a-domicili-els-cuidadors-es-de-persones-amb-ela\/#primaryimage\"},\"thumbnailUrl\":\"https:\/\/fundaciomiquelvalls.org\/wp-content\/uploads\/2025\/07\/Gracies-campanya-formacio-cuidadors.png\",\"datePublished\":\"2025-07-10T11:57:43+00:00\",\"dateModified\":\"2025-07-17T12:44:41+00:00\",\"author\":{\"@id\":\"https:\/\/fundaciomiquelvalls.org\/#\/schema\/person\/49e4b390c29b931f8b4213fbd9276ea3\"},\"description\":\"\u00a1Queremos dar las gracias a todas las personas que han querido participar en esta campa\u00f1a solidaria para ayudar a formar a las personas cuidadoras de los afectados y afectadas de ELA!\",\"breadcrumb\":{\"@id\":\"https:\/\/fundaciomiquelvalls.org\/es\/gracies-per-ajudar-nos-a-formar-a-domicili-els-cuidadors-es-de-persones-amb-ela\/#breadcrumb\"},\"inLanguage\":\"es\",\"potentialAction\":[{\"@type\":\"ReadAction\",\"target\":[\"https:\/\/fundaciomiquelvalls.org\/es\/gracies-per-ajudar-nos-a-formar-a-domicili-els-cuidadors-es-de-persones-amb-ela\/\"]}]},{\"@type\":\"ImageObject\",\"inLanguage\":\"es\",\"@id\":\"https:\/\/fundaciomiquelvalls.org\/es\/gracies-per-ajudar-nos-a-formar-a-domicili-els-cuidadors-es-de-persones-amb-ela\/#primaryimage\",\"url\":\"https:\/\/fundaciomiquelvalls.org\/wp-content\/uploads\/2025\/07\/Gracies-campanya-formacio-cuidadors.png\",\"contentUrl\":\"https:\/\/fundaciomiquelvalls.org\/wp-content\/uploads\/2025\/07\/Gracies-campanya-formacio-cuidadors.png\",\"width\":1366,\"height\":768},{\"@type\":\"BreadcrumbList\",\"@id\":\"https:\/\/fundaciomiquelvalls.org\/es\/gracies-per-ajudar-nos-a-formar-a-domicili-els-cuidadors-es-de-persones-amb-ela\/#breadcrumb\",\"itemListElement\":[{\"@type\":\"ListItem\",\"position\":1,\"name\":\"Portada\",\"item\":\"https:\/\/fundaciomiquelvalls.org\/es\/\"},{\"@type\":\"ListItem\",\"position\":2,\"name\":\"Gracias por ayudar a formar en el domicilio a los cuidadores\/as de personas con ELA\"}]},{\"@type\":\"WebSite\",\"@id\":\"https:\/\/fundaciomiquelvalls.org\/#website\",\"url\":\"https:\/\/fundaciomiquelvalls.org\/\",\"name\":\"Fundaci\u00f3 Catalana d&#039;ELA Miquel Valls\",\"description\":\"Treballem per millorar la qualitat de vida de les persones afectades d&#039;ELA i Malaltia de Motoneurona\",\"potentialAction\":[{\"@type\":\"SearchAction\",\"target\":{\"@type\":\"EntryPoint\",\"urlTemplate\":\"https:\/\/fundaciomiquelvalls.org\/?s={search_term_string}\"},\"query-input\":{\"@type\":\"PropertyValueSpecification\",\"valueRequired\":true,\"valueName\":\"search_term_string\"}}],\"inLanguage\":\"es\"},{\"@type\":\"Person\",\"@id\":\"https:\/\/fundaciomiquelvalls.org\/#\/schema\/person\/49e4b390c29b931f8b4213fbd9276ea3\",\"name\":\"Fundaci\u00f3 Catalana d'ELA Miquel Valls\",\"sameAs\":[\"https:\/\/fundaciomiquelvalls.org\"],\"url\":\"https:\/\/fundaciomiquelvalls.org\/es\/author\/alojapro_dev\/\"}]}<\/script>\n<!-- \/ Yoast SEO plugin. -->","yoast_head_json":{"title":"Gracias por ayudar a formar en el domicilio a los cuidadores\/as de personas con ELA - Fundaci\u00f3 Catalana d&#039;ELA Miquel Valls","description":"\u00a1Queremos dar las gracias a todas las personas que han querido participar en esta campa\u00f1a solidaria para ayudar a formar a las personas cuidadoras de los afectados y afectadas de ELA!","robots":{"index":"index","follow":"follow","max-snippet":"max-snippet:-1","max-image-preview":"max-image-preview:large","max-video-preview":"max-video-preview:-1"},"canonical":"https:\/\/fundaciomiquelvalls.org\/es\/gracies-per-ajudar-nos-a-formar-a-domicili-els-cuidadors-es-de-persones-amb-ela\/","og_locale":"es_ES","og_type":"article","og_title":"Gracias por ayudar a formar en el domicilio a los cuidadores\/as de personas con ELA","og_description":"\u00a1Queremos dar las gracias a todas las personas que han querido participar en esta campa\u00f1a solidaria para ayudar a formar a las personas cuidadoras de los afectados y afectadas de ELA!","og_url":"https:\/\/fundaciomiquelvalls.org\/es\/gracies-per-ajudar-nos-a-formar-a-domicili-els-cuidadors-es-de-persones-amb-ela\/","og_site_name":"Fundaci\u00f3 Catalana d&#039;ELA Miquel Valls","article_published_time":"2025-07-10T11:57:43+00:00","article_modified_time":"2025-07-17T12:44:41+00:00","og_image":[{"width":1366,"height":768,"url":"https:\/\/fundaciomiquelvalls.org\/wp-content\/uploads\/2025\/07\/Gracies-campanya-formacio-cuidadors.png","type":"image\/png"}],"author":"Fundaci\u00f3 Catalana d'ELA Miquel Valls","twitter_card":"summary_large_image","twitter_misc":{"Escrito por":"Fundaci\u00f3 Catalana d'ELA Miquel Valls","Tiempo de lectura":"2 minutos"},"schema":{"@context":"https:\/\/schema.org","@graph":[{"@type":"Article","@id":"https:\/\/fundaciomiquelvalls.org\/es\/gracies-per-ajudar-nos-a-formar-a-domicili-els-cuidadors-es-de-persones-amb-ela\/#article","isPartOf":{"@id":"https:\/\/fundaciomiquelvalls.org\/es\/gracies-per-ajudar-nos-a-formar-a-domicili-els-cuidadors-es-de-persones-amb-ela\/"},"author":{"name":"Fundaci\u00f3 Catalana d'ELA Miquel Valls","@id":"https:\/\/fundaciomiquelvalls.org\/#\/schema\/person\/49e4b390c29b931f8b4213fbd9276ea3"},"headline":"Gracias por ayudar a formar en el domicilio a los cuidadores\/as de personas con ELA","datePublished":"2025-07-10T11:57:43+00:00","dateModified":"2025-07-17T12:44:41+00:00","mainEntityOfPage":{"@id":"https:\/\/fundaciomiquelvalls.org\/es\/gracies-per-ajudar-nos-a-formar-a-domicili-els-cuidadors-es-de-persones-amb-ela\/"},"wordCount":344,"image":{"@id":"https:\/\/fundaciomiquelvalls.org\/es\/gracies-per-ajudar-nos-a-formar-a-domicili-els-cuidadors-es-de-persones-amb-ela\/#primaryimage"},"thumbnailUrl":"https:\/\/fundaciomiquelvalls.org\/wp-content\/uploads\/2025\/07\/Gracies-campanya-formacio-cuidadors.png","keywords":["ELA","Fundaci\u00f3 Catalana d&#039;ELA Miquel Valls"],"articleSection":["Actualitat"],"inLanguage":"es"},{"@type":"WebPage","@id":"https:\/\/fundaciomiquelvalls.org\/es\/gracies-per-ajudar-nos-a-formar-a-domicili-els-cuidadors-es-de-persones-amb-ela\/","url":"https:\/\/fundaciomiquelvalls.org\/es\/gracies-per-ajudar-nos-a-formar-a-domicili-els-cuidadors-es-de-persones-amb-ela\/","name":"Gracias por ayudar a formar en el domicilio a los cuidadores\/as de personas con ELA - Fundaci\u00f3 Catalana d&#039;ELA Miquel Valls","isPartOf":{"@id":"https:\/\/fundaciomiquelvalls.org\/#website"},"primaryImageOfPage":{"@id":"https:\/\/fundaciomiquelvalls.org\/es\/gracies-per-ajudar-nos-a-formar-a-domicili-els-cuidadors-es-de-persones-amb-ela\/#primaryimage"},"image":{"@id":"https:\/\/fundaciomiquelvalls.org\/es\/gracies-per-ajudar-nos-a-formar-a-domicili-els-cuidadors-es-de-persones-amb-ela\/#primaryimage"},"thumbnailUrl":"https:\/\/fundaciomiquelvalls.org\/wp-content\/uploads\/2025\/07\/Gracies-campanya-formacio-cuidadors.png","datePublished":"2025-07-10T11:57:43+00:00","dateModified":"2025-07-17T12:44:41+00:00","author":{"@id":"https:\/\/fundaciomiquelvalls.org\/#\/schema\/person\/49e4b390c29b931f8b4213fbd9276ea3"},"description":"\u00a1Queremos dar las gracias a todas las personas que han querido participar en esta campa\u00f1a solidaria para ayudar a formar a las personas cuidadoras de los afectados y afectadas de ELA!","breadcrumb":{"@id":"https:\/\/fundaciomiquelvalls.org\/es\/gracies-per-ajudar-nos-a-formar-a-domicili-els-cuidadors-es-de-persones-amb-ela\/#breadcrumb"},"inLanguage":"es","potentialAction":[{"@type":"ReadAction","target":["https:\/\/fundaciomiquelvalls.org\/es\/gracies-per-ajudar-nos-a-formar-a-domicili-els-cuidadors-es-de-persones-amb-ela\/"]}]},{"@type":"ImageObject","inLanguage":"es","@id":"https:\/\/fundaciomiquelvalls.org\/es\/gracies-per-ajudar-nos-a-formar-a-domicili-els-cuidadors-es-de-persones-amb-ela\/#primaryimage","url":"https:\/\/fundaciomiquelvalls.org\/wp-content\/uploads\/2025\/07\/Gracies-campanya-formacio-cuidadors.png","contentUrl":"https:\/\/fundaciomiquelvalls.org\/wp-content\/uploads\/2025\/07\/Gracies-campanya-formacio-cuidadors.png","width":1366,"height":768},{"@type":"BreadcrumbList","@id":"https:\/\/fundaciomiquelvalls.org\/es\/gracies-per-ajudar-nos-a-formar-a-domicili-els-cuidadors-es-de-persones-amb-ela\/#breadcrumb","itemListElement":[{"@type":"ListItem","position":1,"name":"Portada","item":"https:\/\/fundaciomiquelvalls.org\/es\/"},{"@type":"ListItem","position":2,"name":"Gracias por ayudar a formar en el domicilio a los cuidadores\/as de personas con ELA"}]},{"@type":"WebSite","@id":"https:\/\/fundaciomiquelvalls.org\/#website","url":"https:\/\/fundaciomiquelvalls.org\/","name":"Fundaci\u00f3 Catalana d&#039;ELA Miquel Valls","description":"Treballem per millorar la qualitat de vida de les persones afectades d&#039;ELA i Malaltia de Motoneurona","potentialAction":[{"@type":"SearchAction","target":{"@type":"EntryPoint","urlTemplate":"https:\/\/fundaciomiquelvalls.org\/?s={search_term_string}"},"query-input":{"@type":"PropertyValueSpecification","valueRequired":true,"valueName":"search_term_string"}}],"inLanguage":"es"},{"@type":"Person","@id":"https:\/\/fundaciomiquelvalls.org\/#\/schema\/person\/49e4b390c29b931f8b4213fbd9276ea3","name":"Fundaci\u00f3 Catalana d'ELA Miquel Valls","sameAs":["https:\/\/fundaciomiquelvalls.org"],"url":"https:\/\/fundaciomiquelvalls.org\/es\/author\/alojapro_dev\/"}]}},"_links":{"self":[{"href":"https:\/\/fundaciomiquelvalls.org\/es\/wp-json\/wp\/v2\/posts\/8781","targetHints":{"allow":["GET"]}}],"collection":[{"href":"https:\/\/fundaciomiquelvalls.org\/es\/wp-json\/wp\/v2\/posts"}],"about":[{"href":"https:\/\/fundaciomiquelvalls.org\/es\/wp-json\/wp\/v2\/types\/post"}],"author":[{"embeddable":true,"href":"https:\/\/fundaciomiquelvalls.org\/es\/wp-json\/wp\/v2\/users\/1"}],"replies":[{"embeddable":true,"href":"https:\/\/fundaciomiquelvalls.org\/es\/wp-json\/wp\/v2\/comments?post=8781"}],"version-history":[{"count":2,"href":"https:\/\/fundaciomiquelvalls.org\/es\/wp-json\/wp\/v2\/posts\/8781\/revisions"}],"predecessor-version":[{"id":8788,"href":"https:\/\/fundaciomiquelvalls.org\/es\/wp-json\/wp\/v2\/posts\/8781\/revisions\/8788"}],"wp:featuredmedia":[{"embeddable":true,"href":"https:\/\/fundaciomiquelvalls.org\/es\/wp-json\/wp\/v2\/media\/8782"}],"wp:attachment":[{"href":"https:\/\/fundaciomiquelvalls.org\/es\/wp-json\/wp\/v2\/media?parent=8781"}],"wp:term":[{"taxonomy":"category","embeddable":true,"href":"https:\/\/fundaciomiquelvalls.org\/es\/wp-json\/wp\/v2\/categories?post=8781"},{"taxonomy":"post_tag","embeddable":true,"href":"https:\/\/fundaciomiquelvalls.org\/es\/wp-json\/wp\/v2\/tags?post=8781"}],"curies":[{"name":"wp","href":"https:\/\/api.w.org\/{rel}","templated":true}]}}