{"id":8762,"date":"2025-07-16T15:01:11","date_gmt":"2025-07-16T13:01:11","guid":{"rendered":"https:\/\/fundaciomiquelvalls.org\/?p=8762"},"modified":"2025-07-16T15:17:15","modified_gmt":"2025-07-16T13:17:15","slug":"crida-al-pais-per-la-llei-ela-comunicat-urgent-de-conela","status":"publish","type":"post","link":"https:\/\/fundaciomiquelvalls.org\/es\/crida-al-pais-per-la-llei-ela-comunicat-urgent-de-conela\/","title":{"rendered":"Comunicado Urgente &#8211; LLamamiento al pa\u00eds por la Ley ELA"},"content":{"rendered":"\n<p>El pr\u00f3ximo 31 de octubre, el Ministerio de Derechos Sociales presentar\u00e1 ante las comunidades aut\u00f3nomas el Plan de Despliegue de la Ley ELA en el marco del Consejo Territorial que puede marcar un antes y un despu\u00e9s.<\/p>\n\n\n\n<p>Ese d\u00eda puede ser el punto de inflexi\u00f3n que nuestra lucha necesita. O puede convertirse, una vez m\u00e1s, en otra oportunidad hist\u00f3rica desperdiciada. Y eso no nos lo podemos permitir.<\/p>\n\n\n\n<p>Desde ConELA hacemos un llamamiento firme y sereno a todas las asociaciones, a la sociedad civil organizada y a los medios de comunicaci\u00f3n para alinear nuestras voces y nuestras acciones en un momento decisivo. Os pedimos una sola cosa: coherencia y contundencia en el mensaje, las que nos confieren la raz\u00f3n, la ley y el apoyo de millones de personas.<\/p>\n\n\n\n<p>Primero: que la propuesta del Gobierno sea justa, sensata y viable, con una financiaci\u00f3n centralizada suficiente que garantice los cuidados domiciliarios 24 horas que nos son absolutamente indispensables.<br>Segundo: que las comunidades aut\u00f3nomas act\u00faen con altura de miras, sin escudarse en excusas t\u00e9cnicas, y asuman con valent\u00eda y responsabilidad su papel en la implementaci\u00f3n efectiva de la ley.<\/p>\n\n\n\n<p>Esto no va de ideolog\u00edas. Ni de partidos. Ni de territorios. Esto va de vidas humanas. Va de evitar que una persona con ELA est\u00e9 abandonada en una regi\u00f3n mientras otra recibe atenci\u00f3n integral en la regi\u00f3n vecina. Va de que la dignidad no dependa del c\u00f3digo postal.<\/p>\n\n\n\n<p>Por eso, pedimos que, desde hoy, todas las intervenciones p\u00fablicas \u2014en medios, en redes sociales, en actos institucionales o en conversaciones con responsables pol\u00edticos\u2014mantengan una l\u00ednea clara y firme:<\/p>\n\n\n\n<ul class=\"wp-block-list\">\n<li>No aceptamos ni arreglos parciales, ni privilegios, ni desigualdades.<\/li>\n\n\n\n<li>O la ley se cumple por igual en todo el pa\u00eds, o no se estar\u00e1 cumpliendo.<\/li>\n<\/ul>\n\n\n\n<p>En este momento, la unidad de discurso no es una opci\u00f3n: es una responsabilidad. Vamos a ser exigentes, pero tambi\u00e9n constructivos. Vamos atender la mano, pero con la verdad por delante.<\/p>\n\n\n\n<p>Esta es nuestra hora. Gracias por estar. Gracias por no fallar. Es ahora o nunca.<\/p>\n\n\n\n<p><\/p>\n\n\n\n<p>ConELA (Confederaci\u00f3n Nacional de entidades de ELA)<\/p>\n","protected":false},"excerpt":{"rendered":"<p>Desde ConELA, la Confederaci\u00f3n Nacional de Entidades de ELA, se hace un llamamiento al pa\u00eds para que en octubre, que se presenta el Plan de Despliegue de la Ley ELA, se garanticen todos los derechos de las personas afectadas y sus familias.<\/p>\n","protected":false},"author":1,"featured_media":8760,"comment_status":"closed","ping_status":"closed","sticky":false,"template":"","format":"standard","meta":{"footnotes":""},"categories":[90],"tags":[91,122,290],"class_list":["post-8762","post","type-post","status-publish","format-standard","has-post-thumbnail","hentry","category-actualitat-es","tag-ela-es","tag-fundacio-catalana-dela-miquel-valls-es","tag-llei-ela-es"],"yoast_head":"<!-- This site is optimized with the Yoast SEO plugin v26.9 - https:\/\/yoast.com\/product\/yoast-seo-wordpress\/ -->\n<title>Comunicado Urgente - LLamamiento al pa\u00eds por la Ley ELA - Fundaci\u00f3 Catalana d&#039;ELA Miquel Valls<\/title>\n<meta name=\"description\" content=\"Desde ConELA, la Confederaci\u00f3n Nacional de Entidades de ELA, se hace un llamamiento al pa\u00eds para que en octubre, que se presenta el Plan de Despliegue de la Ley ELA, se garanticen todos los derechos de las personas afectadas y sus familias.\" \/>\n<meta name=\"robots\" content=\"index, follow, max-snippet:-1, max-image-preview:large, max-video-preview:-1\" \/>\n<link rel=\"canonical\" href=\"https:\/\/fundaciomiquelvalls.org\/es\/crida-al-pais-per-la-llei-ela-comunicat-urgent-de-conela\/\" \/>\n<meta property=\"og:locale\" content=\"es_ES\" \/>\n<meta property=\"og:type\" content=\"article\" \/>\n<meta property=\"og:title\" content=\"Comunicado Urgente - LLamamiento al pa\u00eds por la Ley ELA\" \/>\n<meta property=\"og:description\" content=\"Desde ConELA, la Confederaci\u00f3n Nacional de Entidades de ELA, se hace un llamamiento al pa\u00eds para que en octubre, que se presenta el Plan de Despliegue de la Ley ELA, se garanticen todos los derechos de las personas afectadas y sus familias.\" \/>\n<meta property=\"og:url\" content=\"https:\/\/fundaciomiquelvalls.org\/es\/crida-al-pais-per-la-llei-ela-comunicat-urgent-de-conela\/\" \/>\n<meta property=\"og:site_name\" content=\"Fundaci\u00f3 Catalana d&#039;ELA Miquel Valls\" \/>\n<meta property=\"article:published_time\" content=\"2025-07-16T13:01:11+00:00\" \/>\n<meta property=\"article:modified_time\" content=\"2025-07-16T13:17:15+00:00\" \/>\n<meta property=\"og:image\" content=\"https:\/\/fundaciomiquelvalls.org\/wp-content\/uploads\/2025\/07\/comunicat-conela.jpg\" \/>\n\t<meta property=\"og:image:width\" content=\"1080\" \/>\n\t<meta property=\"og:image:height\" content=\"608\" \/>\n\t<meta property=\"og:image:type\" content=\"image\/jpeg\" \/>\n<meta name=\"author\" content=\"Fundaci\u00f3 Catalana d&#039;ELA Miquel Valls\" \/>\n<meta name=\"twitter:card\" content=\"summary_large_image\" \/>\n<meta name=\"twitter:label1\" content=\"Escrito por\" \/>\n\t<meta name=\"twitter:data1\" content=\"Fundaci\u00f3 Catalana d&#039;ELA Miquel Valls\" \/>\n\t<meta name=\"twitter:label2\" content=\"Tiempo de lectura\" \/>\n\t<meta name=\"twitter:data2\" content=\"3 minutos\" \/>\n<script type=\"application\/ld+json\" class=\"yoast-schema-graph\">{\"@context\":\"https:\/\/schema.org\",\"@graph\":[{\"@type\":\"Article\",\"@id\":\"https:\/\/fundaciomiquelvalls.org\/es\/crida-al-pais-per-la-llei-ela-comunicat-urgent-de-conela\/#article\",\"isPartOf\":{\"@id\":\"https:\/\/fundaciomiquelvalls.org\/es\/crida-al-pais-per-la-llei-ela-comunicat-urgent-de-conela\/\"},\"author\":{\"name\":\"Fundaci\u00f3 Catalana d'ELA Miquel Valls\",\"@id\":\"https:\/\/fundaciomiquelvalls.org\/#\/schema\/person\/49e4b390c29b931f8b4213fbd9276ea3\"},\"headline\":\"Comunicado Urgente &#8211; LLamamiento al pa\u00eds por la Ley ELA\",\"datePublished\":\"2025-07-16T13:01:11+00:00\",\"dateModified\":\"2025-07-16T13:17:15+00:00\",\"mainEntityOfPage\":{\"@id\":\"https:\/\/fundaciomiquelvalls.org\/es\/crida-al-pais-per-la-llei-ela-comunicat-urgent-de-conela\/\"},\"wordCount\":377,\"image\":{\"@id\":\"https:\/\/fundaciomiquelvalls.org\/es\/crida-al-pais-per-la-llei-ela-comunicat-urgent-de-conela\/#primaryimage\"},\"thumbnailUrl\":\"https:\/\/fundaciomiquelvalls.org\/wp-content\/uploads\/2025\/07\/comunicat-conela.jpg\",\"keywords\":[\"ELA\",\"Fundaci\u00f3 Catalana d&#039;ELA Miquel Valls\",\"Llei ELA\"],\"articleSection\":[\"Actualitat\"],\"inLanguage\":\"es\"},{\"@type\":\"WebPage\",\"@id\":\"https:\/\/fundaciomiquelvalls.org\/es\/crida-al-pais-per-la-llei-ela-comunicat-urgent-de-conela\/\",\"url\":\"https:\/\/fundaciomiquelvalls.org\/es\/crida-al-pais-per-la-llei-ela-comunicat-urgent-de-conela\/\",\"name\":\"Comunicado Urgente - LLamamiento al pa\u00eds por la Ley ELA - Fundaci\u00f3 Catalana d&#039;ELA Miquel Valls\",\"isPartOf\":{\"@id\":\"https:\/\/fundaciomiquelvalls.org\/#website\"},\"primaryImageOfPage\":{\"@id\":\"https:\/\/fundaciomiquelvalls.org\/es\/crida-al-pais-per-la-llei-ela-comunicat-urgent-de-conela\/#primaryimage\"},\"image\":{\"@id\":\"https:\/\/fundaciomiquelvalls.org\/es\/crida-al-pais-per-la-llei-ela-comunicat-urgent-de-conela\/#primaryimage\"},\"thumbnailUrl\":\"https:\/\/fundaciomiquelvalls.org\/wp-content\/uploads\/2025\/07\/comunicat-conela.jpg\",\"datePublished\":\"2025-07-16T13:01:11+00:00\",\"dateModified\":\"2025-07-16T13:17:15+00:00\",\"author\":{\"@id\":\"https:\/\/fundaciomiquelvalls.org\/#\/schema\/person\/49e4b390c29b931f8b4213fbd9276ea3\"},\"description\":\"Desde ConELA, la Confederaci\u00f3n Nacional de Entidades de ELA, se hace un llamamiento al pa\u00eds para que en octubre, que se presenta el Plan de Despliegue de la Ley ELA, se garanticen todos los derechos de las personas afectadas y sus familias.\",\"breadcrumb\":{\"@id\":\"https:\/\/fundaciomiquelvalls.org\/es\/crida-al-pais-per-la-llei-ela-comunicat-urgent-de-conela\/#breadcrumb\"},\"inLanguage\":\"es\",\"potentialAction\":[{\"@type\":\"ReadAction\",\"target\":[\"https:\/\/fundaciomiquelvalls.org\/es\/crida-al-pais-per-la-llei-ela-comunicat-urgent-de-conela\/\"]}]},{\"@type\":\"ImageObject\",\"inLanguage\":\"es\",\"@id\":\"https:\/\/fundaciomiquelvalls.org\/es\/crida-al-pais-per-la-llei-ela-comunicat-urgent-de-conela\/#primaryimage\",\"url\":\"https:\/\/fundaciomiquelvalls.org\/wp-content\/uploads\/2025\/07\/comunicat-conela.jpg\",\"contentUrl\":\"https:\/\/fundaciomiquelvalls.org\/wp-content\/uploads\/2025\/07\/comunicat-conela.jpg\",\"width\":1080,\"height\":608},{\"@type\":\"BreadcrumbList\",\"@id\":\"https:\/\/fundaciomiquelvalls.org\/es\/crida-al-pais-per-la-llei-ela-comunicat-urgent-de-conela\/#breadcrumb\",\"itemListElement\":[{\"@type\":\"ListItem\",\"position\":1,\"name\":\"Portada\",\"item\":\"https:\/\/fundaciomiquelvalls.org\/es\/\"},{\"@type\":\"ListItem\",\"position\":2,\"name\":\"Comunicado Urgente &#8211; LLamamiento al pa\u00eds por la Ley ELA\"}]},{\"@type\":\"WebSite\",\"@id\":\"https:\/\/fundaciomiquelvalls.org\/#website\",\"url\":\"https:\/\/fundaciomiquelvalls.org\/\",\"name\":\"Fundaci\u00f3 Catalana d&#039;ELA Miquel Valls\",\"description\":\"Treballem per millorar la qualitat de vida de les persones afectades d&#039;ELA i Malaltia de Motoneurona\",\"potentialAction\":[{\"@type\":\"SearchAction\",\"target\":{\"@type\":\"EntryPoint\",\"urlTemplate\":\"https:\/\/fundaciomiquelvalls.org\/?s={search_term_string}\"},\"query-input\":{\"@type\":\"PropertyValueSpecification\",\"valueRequired\":true,\"valueName\":\"search_term_string\"}}],\"inLanguage\":\"es\"},{\"@type\":\"Person\",\"@id\":\"https:\/\/fundaciomiquelvalls.org\/#\/schema\/person\/49e4b390c29b931f8b4213fbd9276ea3\",\"name\":\"Fundaci\u00f3 Catalana d'ELA Miquel Valls\",\"sameAs\":[\"https:\/\/fundaciomiquelvalls.org\"],\"url\":\"https:\/\/fundaciomiquelvalls.org\/es\/author\/alojapro_dev\/\"}]}<\/script>\n<!-- \/ Yoast SEO plugin. -->","yoast_head_json":{"title":"Comunicado Urgente - LLamamiento al pa\u00eds por la Ley ELA - Fundaci\u00f3 Catalana d&#039;ELA Miquel Valls","description":"Desde ConELA, la Confederaci\u00f3n Nacional de Entidades de ELA, se hace un llamamiento al pa\u00eds para que en octubre, que se presenta el Plan de Despliegue de la Ley ELA, se garanticen todos los derechos de las personas afectadas y sus familias.","robots":{"index":"index","follow":"follow","max-snippet":"max-snippet:-1","max-image-preview":"max-image-preview:large","max-video-preview":"max-video-preview:-1"},"canonical":"https:\/\/fundaciomiquelvalls.org\/es\/crida-al-pais-per-la-llei-ela-comunicat-urgent-de-conela\/","og_locale":"es_ES","og_type":"article","og_title":"Comunicado Urgente - LLamamiento al pa\u00eds por la Ley ELA","og_description":"Desde ConELA, la Confederaci\u00f3n Nacional de Entidades de ELA, se hace un llamamiento al pa\u00eds para que en octubre, que se presenta el Plan de Despliegue de la Ley ELA, se garanticen todos los derechos de las personas afectadas y sus familias.","og_url":"https:\/\/fundaciomiquelvalls.org\/es\/crida-al-pais-per-la-llei-ela-comunicat-urgent-de-conela\/","og_site_name":"Fundaci\u00f3 Catalana d&#039;ELA Miquel Valls","article_published_time":"2025-07-16T13:01:11+00:00","article_modified_time":"2025-07-16T13:17:15+00:00","og_image":[{"width":1080,"height":608,"url":"https:\/\/fundaciomiquelvalls.org\/wp-content\/uploads\/2025\/07\/comunicat-conela.jpg","type":"image\/jpeg"}],"author":"Fundaci\u00f3 Catalana d'ELA Miquel Valls","twitter_card":"summary_large_image","twitter_misc":{"Escrito por":"Fundaci\u00f3 Catalana d'ELA Miquel Valls","Tiempo de lectura":"3 minutos"},"schema":{"@context":"https:\/\/schema.org","@graph":[{"@type":"Article","@id":"https:\/\/fundaciomiquelvalls.org\/es\/crida-al-pais-per-la-llei-ela-comunicat-urgent-de-conela\/#article","isPartOf":{"@id":"https:\/\/fundaciomiquelvalls.org\/es\/crida-al-pais-per-la-llei-ela-comunicat-urgent-de-conela\/"},"author":{"name":"Fundaci\u00f3 Catalana d'ELA Miquel Valls","@id":"https:\/\/fundaciomiquelvalls.org\/#\/schema\/person\/49e4b390c29b931f8b4213fbd9276ea3"},"headline":"Comunicado Urgente &#8211; LLamamiento al pa\u00eds por la Ley ELA","datePublished":"2025-07-16T13:01:11+00:00","dateModified":"2025-07-16T13:17:15+00:00","mainEntityOfPage":{"@id":"https:\/\/fundaciomiquelvalls.org\/es\/crida-al-pais-per-la-llei-ela-comunicat-urgent-de-conela\/"},"wordCount":377,"image":{"@id":"https:\/\/fundaciomiquelvalls.org\/es\/crida-al-pais-per-la-llei-ela-comunicat-urgent-de-conela\/#primaryimage"},"thumbnailUrl":"https:\/\/fundaciomiquelvalls.org\/wp-content\/uploads\/2025\/07\/comunicat-conela.jpg","keywords":["ELA","Fundaci\u00f3 Catalana d&#039;ELA Miquel Valls","Llei ELA"],"articleSection":["Actualitat"],"inLanguage":"es"},{"@type":"WebPage","@id":"https:\/\/fundaciomiquelvalls.org\/es\/crida-al-pais-per-la-llei-ela-comunicat-urgent-de-conela\/","url":"https:\/\/fundaciomiquelvalls.org\/es\/crida-al-pais-per-la-llei-ela-comunicat-urgent-de-conela\/","name":"Comunicado Urgente - LLamamiento al pa\u00eds por la Ley ELA - Fundaci\u00f3 Catalana d&#039;ELA Miquel Valls","isPartOf":{"@id":"https:\/\/fundaciomiquelvalls.org\/#website"},"primaryImageOfPage":{"@id":"https:\/\/fundaciomiquelvalls.org\/es\/crida-al-pais-per-la-llei-ela-comunicat-urgent-de-conela\/#primaryimage"},"image":{"@id":"https:\/\/fundaciomiquelvalls.org\/es\/crida-al-pais-per-la-llei-ela-comunicat-urgent-de-conela\/#primaryimage"},"thumbnailUrl":"https:\/\/fundaciomiquelvalls.org\/wp-content\/uploads\/2025\/07\/comunicat-conela.jpg","datePublished":"2025-07-16T13:01:11+00:00","dateModified":"2025-07-16T13:17:15+00:00","author":{"@id":"https:\/\/fundaciomiquelvalls.org\/#\/schema\/person\/49e4b390c29b931f8b4213fbd9276ea3"},"description":"Desde ConELA, la Confederaci\u00f3n Nacional de Entidades de ELA, se hace un llamamiento al pa\u00eds para que en octubre, que se presenta el Plan de Despliegue de la Ley ELA, se garanticen todos los derechos de las personas afectadas y sus familias.","breadcrumb":{"@id":"https:\/\/fundaciomiquelvalls.org\/es\/crida-al-pais-per-la-llei-ela-comunicat-urgent-de-conela\/#breadcrumb"},"inLanguage":"es","potentialAction":[{"@type":"ReadAction","target":["https:\/\/fundaciomiquelvalls.org\/es\/crida-al-pais-per-la-llei-ela-comunicat-urgent-de-conela\/"]}]},{"@type":"ImageObject","inLanguage":"es","@id":"https:\/\/fundaciomiquelvalls.org\/es\/crida-al-pais-per-la-llei-ela-comunicat-urgent-de-conela\/#primaryimage","url":"https:\/\/fundaciomiquelvalls.org\/wp-content\/uploads\/2025\/07\/comunicat-conela.jpg","contentUrl":"https:\/\/fundaciomiquelvalls.org\/wp-content\/uploads\/2025\/07\/comunicat-conela.jpg","width":1080,"height":608},{"@type":"BreadcrumbList","@id":"https:\/\/fundaciomiquelvalls.org\/es\/crida-al-pais-per-la-llei-ela-comunicat-urgent-de-conela\/#breadcrumb","itemListElement":[{"@type":"ListItem","position":1,"name":"Portada","item":"https:\/\/fundaciomiquelvalls.org\/es\/"},{"@type":"ListItem","position":2,"name":"Comunicado Urgente &#8211; LLamamiento al pa\u00eds por la Ley ELA"}]},{"@type":"WebSite","@id":"https:\/\/fundaciomiquelvalls.org\/#website","url":"https:\/\/fundaciomiquelvalls.org\/","name":"Fundaci\u00f3 Catalana d&#039;ELA Miquel Valls","description":"Treballem per millorar la qualitat de vida de les persones afectades d&#039;ELA i Malaltia de Motoneurona","potentialAction":[{"@type":"SearchAction","target":{"@type":"EntryPoint","urlTemplate":"https:\/\/fundaciomiquelvalls.org\/?s={search_term_string}"},"query-input":{"@type":"PropertyValueSpecification","valueRequired":true,"valueName":"search_term_string"}}],"inLanguage":"es"},{"@type":"Person","@id":"https:\/\/fundaciomiquelvalls.org\/#\/schema\/person\/49e4b390c29b931f8b4213fbd9276ea3","name":"Fundaci\u00f3 Catalana d'ELA Miquel Valls","sameAs":["https:\/\/fundaciomiquelvalls.org"],"url":"https:\/\/fundaciomiquelvalls.org\/es\/author\/alojapro_dev\/"}]}},"_links":{"self":[{"href":"https:\/\/fundaciomiquelvalls.org\/es\/wp-json\/wp\/v2\/posts\/8762","targetHints":{"allow":["GET"]}}],"collection":[{"href":"https:\/\/fundaciomiquelvalls.org\/es\/wp-json\/wp\/v2\/posts"}],"about":[{"href":"https:\/\/fundaciomiquelvalls.org\/es\/wp-json\/wp\/v2\/types\/post"}],"author":[{"embeddable":true,"href":"https:\/\/fundaciomiquelvalls.org\/es\/wp-json\/wp\/v2\/users\/1"}],"replies":[{"embeddable":true,"href":"https:\/\/fundaciomiquelvalls.org\/es\/wp-json\/wp\/v2\/comments?post=8762"}],"version-history":[{"count":2,"href":"https:\/\/fundaciomiquelvalls.org\/es\/wp-json\/wp\/v2\/posts\/8762\/revisions"}],"predecessor-version":[{"id":8765,"href":"https:\/\/fundaciomiquelvalls.org\/es\/wp-json\/wp\/v2\/posts\/8762\/revisions\/8765"}],"wp:featuredmedia":[{"embeddable":true,"href":"https:\/\/fundaciomiquelvalls.org\/es\/wp-json\/wp\/v2\/media\/8760"}],"wp:attachment":[{"href":"https:\/\/fundaciomiquelvalls.org\/es\/wp-json\/wp\/v2\/media?parent=8762"}],"wp:term":[{"taxonomy":"category","embeddable":true,"href":"https:\/\/fundaciomiquelvalls.org\/es\/wp-json\/wp\/v2\/categories?post=8762"},{"taxonomy":"post_tag","embeddable":true,"href":"https:\/\/fundaciomiquelvalls.org\/es\/wp-json\/wp\/v2\/tags?post=8762"}],"curies":[{"name":"wp","href":"https:\/\/api.w.org\/{rel}","templated":true}]}}