{"id":8499,"date":"2025-05-23T14:00:14","date_gmt":"2025-05-23T14:00:14","guid":{"rendered":"https:\/\/fundaciomiquelvalls.org\/jornada-del-dia-mundial-de-lela-hospital-universitari-de-bellvitge\/"},"modified":"2025-06-17T10:44:01","modified_gmt":"2025-06-17T10:44:01","slug":"jornada-del-dia-mundial-de-lela-hospital-universitari-de-bellvitge","status":"publish","type":"post","link":"https:\/\/fundaciomiquelvalls.org\/es\/jornada-del-dia-mundial-de-lela-hospital-universitari-de-bellvitge\/","title":{"rendered":"Jornada del D\u00eda Mundial de la ELA: Investigaci\u00f3n, Atenci\u00f3n y Futuro \u2013 18 de junio, Hospital Universitario de Bellvitge"},"content":{"rendered":"\n<p>El pr\u00f3ximo 18 de junio, el Hospital Universitario de Bellvitge, en colaboraci\u00f3n con la Fundaci\u00f3 Catalana d\u2019ELA Miquel Valls, celebrar\u00e1 la <em>Jornada del D\u00eda Mundial de la ELA: Investigaci\u00f3n, Atenci\u00f3n y Futuro<\/em>, un encuentro multidisciplinar dirigido a pacientes, familias, profesionales sanitarios y p\u00fablico general, con el objetivo de compartir los avances en investigaci\u00f3n, atenci\u00f3n cl\u00ednica y tecnolog\u00eda vinculados a la Esclerosis Lateral Amiotr\u00f3fica (ELA).<\/p>\n\n\n\n<p>La jornada contar\u00e1 con ponencias y mesas redondas centradas en distintos ejes: proyectos de investigaci\u00f3n nacionales e internacionales, el estado actual de los ensayos cl\u00ednicos, la integraci\u00f3n de la atenci\u00f3n primaria en el abordaje de la ELA, y la aplicaci\u00f3n de nuevas tecnolog\u00edas e inteligencia artificial en la comunicaci\u00f3n alternativa y aumentativa.<\/p>\n\n\n\n<p>Tambi\u00e9n se llevar\u00e1 a cabo una mesa dedicada a la Ley ELA, con representantes del Departamento de Salud y de Derechos Sociales de la Generalitat de Catalunya, as\u00ed como de la Confederaci\u00f3n ConELA, que ofrecer\u00e1n una mirada institucional sobre el estado actual de implementaci\u00f3n de esta ley.<\/p>\n\n\n\n<p class=\"has-text-align-center\"><strong><em>Jornada Dia Mundial ELA<\/em><\/strong><\/p>\n\n\n\n<p class=\"has-text-align-center\"><em>Miercoles 18 de junio<\/em><\/p>\n\n\n\n<p class=\"has-text-align-center\"><em>Sala de actos del Hospital Universitari de Bellvitge<\/em><\/p>\n\n\n\n<p class=\"has-text-align-center\"><em>Modalidades: Presencial (inscripciones cerradas) y en l\u00ednia<\/em><\/p>\n\n\n\n<div class=\"wp-block-buttons is-content-justification-center is-layout-flex wp-container-core-buttons-is-layout-16018d1d wp-block-buttons-is-layout-flex\">\n<div class=\"wp-block-button\"><a class=\"wp-block-button__link wp-element-button\" href=\"https:\/\/www.youtube.com\/watch?v=zC5DteCM0xc\">Ver la JORNADA:<\/a><\/div>\n<\/div>\n\n\n\n<div style=\"height:37px\" aria-hidden=\"true\" class=\"wp-block-spacer\"><\/div>\n\n\n\n<figure class=\"wp-block-embed is-type-video is-provider-youtube wp-block-embed-youtube wp-embed-aspect-16-9 wp-has-aspect-ratio\"><div class=\"wp-block-embed__wrapper\">\n<iframe loading=\"lazy\" title=\"Jornada del d\u00eda mundial de la ELA: Investigaci\u00f3n, Atenci\u00f3n y Futuro\" width=\"680\" height=\"383\" src=\"https:\/\/www.youtube.com\/embed\/zC5DteCM0xc?feature=oembed\" frameborder=\"0\" allow=\"accelerometer; autoplay; clipboard-write; encrypted-media; gyroscope; picture-in-picture; web-share\" referrerpolicy=\"strict-origin-when-cross-origin\" allowfullscreen><\/iframe>\n<\/div><\/figure>\n\n\n\n<div style=\"height:37px\" aria-hidden=\"true\" class=\"wp-block-spacer\"><\/div>\n\n\n<div class=\"wp-block-image\">\n<figure class=\"aligncenter size-large\"><a href=\"https:\/\/fundaciomiquelvalls.org\/wp-content\/uploads\/2025\/06\/jornades_ELA_25_cartell2.pdf\"><img loading=\"lazy\" decoding=\"async\" width=\"1024\" height=\"725\" src=\"https:\/\/fundaciomiquelvalls.org\/wp-content\/uploads\/2025\/05\/jornades_ELA_25_programa-1024x725.jpg\" alt=\"\" class=\"wp-image-8509\" srcset=\"https:\/\/fundaciomiquelvalls.org\/wp-content\/uploads\/2025\/05\/jornades_ELA_25_programa-1024x725.jpg 1024w, https:\/\/fundaciomiquelvalls.org\/wp-content\/uploads\/2025\/05\/jornades_ELA_25_programa-300x212.jpg 300w, https:\/\/fundaciomiquelvalls.org\/wp-content\/uploads\/2025\/05\/jornades_ELA_25_programa-768x543.jpg 768w, https:\/\/fundaciomiquelvalls.org\/wp-content\/uploads\/2025\/05\/jornades_ELA_25_programa-1536x1087.jpg 1536w, https:\/\/fundaciomiquelvalls.org\/wp-content\/uploads\/2025\/05\/jornades_ELA_25_programa-958x678.jpg 958w, https:\/\/fundaciomiquelvalls.org\/wp-content\/uploads\/2025\/05\/jornades_ELA_25_programa.jpg 1754w\"  sizes=\"(max-width: 1024px) 100vw, 1024px\" \/><\/a><\/figure>\n<\/div>","protected":false},"excerpt":{"rendered":"<p>El Hospital Universitario de Bellvitge acoger\u00e1 el 18 de junio la Jornada del D\u00eda Mundial de la ELA, centrada en los avances en investigaci\u00f3n, atenci\u00f3n cl\u00ednica y en cuidados, nuevas tecnolog\u00edas, as\u00ed como la Ley ELA.<\/p>\n","protected":false},"author":1,"featured_media":8555,"comment_status":"closed","ping_status":"closed","sticky":false,"template":"","format":"standard","meta":{"footnotes":""},"categories":[90,257],"tags":[91,122],"class_list":["post-8499","post","type-post","status-publish","format-standard","has-post-thumbnail","hentry","category-actualitat-es","category-jornades-es","tag-ela-es","tag-fundacio-catalana-dela-miquel-valls-es"],"yoast_head":"<!-- This site is optimized with the Yoast SEO plugin v26.9 - https:\/\/yoast.com\/product\/yoast-seo-wordpress\/ -->\n<title>Jornada del D\u00eda Mundial de la ELA: Investigaci\u00f3n, Atenci\u00f3n y Futuro \u2013 18 de junio, Hospital Universitario de Bellvitge - Fundaci\u00f3 Catalana d&#039;ELA Miquel Valls<\/title>\n<meta name=\"description\" content=\"El Hospital Universitario de Bellvitge acoger\u00e1 el 18 de junio la Jornada del D\u00eda Mundial de la ELA, centrada en los avances en investigaci\u00f3n, atenci\u00f3n cl\u00ednica y en cuidados, nuevas tecnolog\u00edas, as\u00ed como la Ley ELA.\" \/>\n<meta name=\"robots\" content=\"index, follow, max-snippet:-1, max-image-preview:large, max-video-preview:-1\" \/>\n<link rel=\"canonical\" href=\"https:\/\/fundaciomiquelvalls.org\/es\/jornada-del-dia-mundial-de-lela-hospital-universitari-de-bellvitge\/\" \/>\n<meta property=\"og:locale\" content=\"es_ES\" \/>\n<meta property=\"og:type\" content=\"article\" \/>\n<meta property=\"og:title\" content=\"Jornada del D\u00eda Mundial de la ELA \u2013 18 de junio. Hospital Universitario de Bellvitge\" \/>\n<meta property=\"og:description\" content=\"El Hospital Universitario de Bellvitge acoger\u00e1 el 18 de junio la Jornada del D\u00eda Mundial de la ELA, centrada en los avances en investigaci\u00f3n, atenci\u00f3n cl\u00ednica y en cuidados, nuevas tecnolog\u00edas, as\u00ed como la Ley ELA.\" \/>\n<meta property=\"og:url\" content=\"https:\/\/fundaciomiquelvalls.org\/es\/jornada-del-dia-mundial-de-lela-hospital-universitari-de-bellvitge\/\" \/>\n<meta property=\"og:site_name\" content=\"Fundaci\u00f3 Catalana d&#039;ELA Miquel Valls\" \/>\n<meta property=\"article:published_time\" content=\"2025-05-23T14:00:14+00:00\" \/>\n<meta property=\"article:modified_time\" content=\"2025-06-17T10:44:01+00:00\" \/>\n<meta property=\"og:image\" content=\"https:\/\/fundaciomiquelvalls.org\/wp-content\/uploads\/2025\/05\/Cartell-Jornada-18-juny-ELA-Bellvitge.png\" \/>\n\t<meta property=\"og:image:width\" content=\"2000\" \/>\n\t<meta property=\"og:image:height\" content=\"1414\" \/>\n\t<meta property=\"og:image:type\" content=\"image\/png\" \/>\n<meta name=\"author\" content=\"Fundaci\u00f3 Catalana d&#039;ELA Miquel Valls\" \/>\n<meta name=\"twitter:card\" content=\"summary_large_image\" \/>\n<meta name=\"twitter:label1\" content=\"Escrito por\" \/>\n\t<meta name=\"twitter:data1\" content=\"Fundaci\u00f3 Catalana d&#039;ELA Miquel Valls\" \/>\n\t<meta name=\"twitter:label2\" content=\"Tiempo de lectura\" \/>\n\t<meta name=\"twitter:data2\" content=\"2 minutos\" \/>\n<script type=\"application\/ld+json\" class=\"yoast-schema-graph\">{\"@context\":\"https:\/\/schema.org\",\"@graph\":[{\"@type\":\"Article\",\"@id\":\"https:\/\/fundaciomiquelvalls.org\/es\/jornada-del-dia-mundial-de-lela-hospital-universitari-de-bellvitge\/#article\",\"isPartOf\":{\"@id\":\"https:\/\/fundaciomiquelvalls.org\/es\/jornada-del-dia-mundial-de-lela-hospital-universitari-de-bellvitge\/\"},\"author\":{\"name\":\"Fundaci\u00f3 Catalana d'ELA Miquel Valls\",\"@id\":\"https:\/\/fundaciomiquelvalls.org\/#\/schema\/person\/49e4b390c29b931f8b4213fbd9276ea3\"},\"headline\":\"Jornada del D\u00eda Mundial de la ELA: Investigaci\u00f3n, Atenci\u00f3n y Futuro \u2013 18 de junio, Hospital Universitario de Bellvitge\",\"datePublished\":\"2025-05-23T14:00:14+00:00\",\"dateModified\":\"2025-06-17T10:44:01+00:00\",\"mainEntityOfPage\":{\"@id\":\"https:\/\/fundaciomiquelvalls.org\/es\/jornada-del-dia-mundial-de-lela-hospital-universitari-de-bellvitge\/\"},\"wordCount\":240,\"image\":{\"@id\":\"https:\/\/fundaciomiquelvalls.org\/es\/jornada-del-dia-mundial-de-lela-hospital-universitari-de-bellvitge\/#primaryimage\"},\"thumbnailUrl\":\"https:\/\/fundaciomiquelvalls.org\/wp-content\/uploads\/2025\/05\/jornades_ELA_25_cat_Cartell.jpg\",\"keywords\":[\"ELA\",\"Fundaci\u00f3 Catalana d&#039;ELA Miquel Valls\"],\"articleSection\":[\"Actualitat\",\"Jornades\"],\"inLanguage\":\"es\"},{\"@type\":\"WebPage\",\"@id\":\"https:\/\/fundaciomiquelvalls.org\/es\/jornada-del-dia-mundial-de-lela-hospital-universitari-de-bellvitge\/\",\"url\":\"https:\/\/fundaciomiquelvalls.org\/es\/jornada-del-dia-mundial-de-lela-hospital-universitari-de-bellvitge\/\",\"name\":\"Jornada del D\u00eda Mundial de la ELA: Investigaci\u00f3n, Atenci\u00f3n y Futuro \u2013 18 de junio, Hospital Universitario de Bellvitge - Fundaci\u00f3 Catalana d&#039;ELA Miquel Valls\",\"isPartOf\":{\"@id\":\"https:\/\/fundaciomiquelvalls.org\/#website\"},\"primaryImageOfPage\":{\"@id\":\"https:\/\/fundaciomiquelvalls.org\/es\/jornada-del-dia-mundial-de-lela-hospital-universitari-de-bellvitge\/#primaryimage\"},\"image\":{\"@id\":\"https:\/\/fundaciomiquelvalls.org\/es\/jornada-del-dia-mundial-de-lela-hospital-universitari-de-bellvitge\/#primaryimage\"},\"thumbnailUrl\":\"https:\/\/fundaciomiquelvalls.org\/wp-content\/uploads\/2025\/05\/jornades_ELA_25_cat_Cartell.jpg\",\"datePublished\":\"2025-05-23T14:00:14+00:00\",\"dateModified\":\"2025-06-17T10:44:01+00:00\",\"author\":{\"@id\":\"https:\/\/fundaciomiquelvalls.org\/#\/schema\/person\/49e4b390c29b931f8b4213fbd9276ea3\"},\"description\":\"El Hospital Universitario de Bellvitge acoger\u00e1 el 18 de junio la Jornada del D\u00eda Mundial de la ELA, centrada en los avances en investigaci\u00f3n, atenci\u00f3n cl\u00ednica y en cuidados, nuevas tecnolog\u00edas, as\u00ed como la Ley ELA.\",\"breadcrumb\":{\"@id\":\"https:\/\/fundaciomiquelvalls.org\/es\/jornada-del-dia-mundial-de-lela-hospital-universitari-de-bellvitge\/#breadcrumb\"},\"inLanguage\":\"es\",\"potentialAction\":[{\"@type\":\"ReadAction\",\"target\":[\"https:\/\/fundaciomiquelvalls.org\/es\/jornada-del-dia-mundial-de-lela-hospital-universitari-de-bellvitge\/\"]}]},{\"@type\":\"ImageObject\",\"inLanguage\":\"es\",\"@id\":\"https:\/\/fundaciomiquelvalls.org\/es\/jornada-del-dia-mundial-de-lela-hospital-universitari-de-bellvitge\/#primaryimage\",\"url\":\"https:\/\/fundaciomiquelvalls.org\/wp-content\/uploads\/2025\/05\/jornades_ELA_25_cat_Cartell.jpg\",\"contentUrl\":\"https:\/\/fundaciomiquelvalls.org\/wp-content\/uploads\/2025\/05\/jornades_ELA_25_cat_Cartell.jpg\",\"width\":1754,\"height\":1241},{\"@type\":\"BreadcrumbList\",\"@id\":\"https:\/\/fundaciomiquelvalls.org\/es\/jornada-del-dia-mundial-de-lela-hospital-universitari-de-bellvitge\/#breadcrumb\",\"itemListElement\":[{\"@type\":\"ListItem\",\"position\":1,\"name\":\"Portada\",\"item\":\"https:\/\/fundaciomiquelvalls.org\/es\/\"},{\"@type\":\"ListItem\",\"position\":2,\"name\":\"Jornada del D\u00eda Mundial de la ELA: Investigaci\u00f3n, Atenci\u00f3n y Futuro \u2013 18 de junio, Hospital Universitario de Bellvitge\"}]},{\"@type\":\"WebSite\",\"@id\":\"https:\/\/fundaciomiquelvalls.org\/#website\",\"url\":\"https:\/\/fundaciomiquelvalls.org\/\",\"name\":\"Fundaci\u00f3 Catalana d&#039;ELA Miquel Valls\",\"description\":\"Treballem per millorar la qualitat de vida de les persones afectades d&#039;ELA i Malaltia de Motoneurona\",\"potentialAction\":[{\"@type\":\"SearchAction\",\"target\":{\"@type\":\"EntryPoint\",\"urlTemplate\":\"https:\/\/fundaciomiquelvalls.org\/?s={search_term_string}\"},\"query-input\":{\"@type\":\"PropertyValueSpecification\",\"valueRequired\":true,\"valueName\":\"search_term_string\"}}],\"inLanguage\":\"es\"},{\"@type\":\"Person\",\"@id\":\"https:\/\/fundaciomiquelvalls.org\/#\/schema\/person\/49e4b390c29b931f8b4213fbd9276ea3\",\"name\":\"Fundaci\u00f3 Catalana d'ELA Miquel Valls\",\"sameAs\":[\"https:\/\/fundaciomiquelvalls.org\"],\"url\":\"https:\/\/fundaciomiquelvalls.org\/es\/author\/alojapro_dev\/\"}]}<\/script>\n<!-- \/ Yoast SEO plugin. -->","yoast_head_json":{"title":"Jornada del D\u00eda Mundial de la ELA: Investigaci\u00f3n, Atenci\u00f3n y Futuro \u2013 18 de junio, Hospital Universitario de Bellvitge - Fundaci\u00f3 Catalana d&#039;ELA Miquel Valls","description":"El Hospital Universitario de Bellvitge acoger\u00e1 el 18 de junio la Jornada del D\u00eda Mundial de la ELA, centrada en los avances en investigaci\u00f3n, atenci\u00f3n cl\u00ednica y en cuidados, nuevas tecnolog\u00edas, as\u00ed como la Ley ELA.","robots":{"index":"index","follow":"follow","max-snippet":"max-snippet:-1","max-image-preview":"max-image-preview:large","max-video-preview":"max-video-preview:-1"},"canonical":"https:\/\/fundaciomiquelvalls.org\/es\/jornada-del-dia-mundial-de-lela-hospital-universitari-de-bellvitge\/","og_locale":"es_ES","og_type":"article","og_title":"Jornada del D\u00eda Mundial de la ELA \u2013 18 de junio. Hospital Universitario de Bellvitge","og_description":"El Hospital Universitario de Bellvitge acoger\u00e1 el 18 de junio la Jornada del D\u00eda Mundial de la ELA, centrada en los avances en investigaci\u00f3n, atenci\u00f3n cl\u00ednica y en cuidados, nuevas tecnolog\u00edas, as\u00ed como la Ley ELA.","og_url":"https:\/\/fundaciomiquelvalls.org\/es\/jornada-del-dia-mundial-de-lela-hospital-universitari-de-bellvitge\/","og_site_name":"Fundaci\u00f3 Catalana d&#039;ELA Miquel Valls","article_published_time":"2025-05-23T14:00:14+00:00","article_modified_time":"2025-06-17T10:44:01+00:00","og_image":[{"width":2000,"height":1414,"url":"https:\/\/fundaciomiquelvalls.org\/wp-content\/uploads\/2025\/05\/Cartell-Jornada-18-juny-ELA-Bellvitge.png","type":"image\/png"}],"author":"Fundaci\u00f3 Catalana d'ELA Miquel Valls","twitter_card":"summary_large_image","twitter_misc":{"Escrito por":"Fundaci\u00f3 Catalana d'ELA Miquel Valls","Tiempo de lectura":"2 minutos"},"schema":{"@context":"https:\/\/schema.org","@graph":[{"@type":"Article","@id":"https:\/\/fundaciomiquelvalls.org\/es\/jornada-del-dia-mundial-de-lela-hospital-universitari-de-bellvitge\/#article","isPartOf":{"@id":"https:\/\/fundaciomiquelvalls.org\/es\/jornada-del-dia-mundial-de-lela-hospital-universitari-de-bellvitge\/"},"author":{"name":"Fundaci\u00f3 Catalana d'ELA Miquel Valls","@id":"https:\/\/fundaciomiquelvalls.org\/#\/schema\/person\/49e4b390c29b931f8b4213fbd9276ea3"},"headline":"Jornada del D\u00eda Mundial de la ELA: Investigaci\u00f3n, Atenci\u00f3n y Futuro \u2013 18 de junio, Hospital Universitario de Bellvitge","datePublished":"2025-05-23T14:00:14+00:00","dateModified":"2025-06-17T10:44:01+00:00","mainEntityOfPage":{"@id":"https:\/\/fundaciomiquelvalls.org\/es\/jornada-del-dia-mundial-de-lela-hospital-universitari-de-bellvitge\/"},"wordCount":240,"image":{"@id":"https:\/\/fundaciomiquelvalls.org\/es\/jornada-del-dia-mundial-de-lela-hospital-universitari-de-bellvitge\/#primaryimage"},"thumbnailUrl":"https:\/\/fundaciomiquelvalls.org\/wp-content\/uploads\/2025\/05\/jornades_ELA_25_cat_Cartell.jpg","keywords":["ELA","Fundaci\u00f3 Catalana d&#039;ELA Miquel Valls"],"articleSection":["Actualitat","Jornades"],"inLanguage":"es"},{"@type":"WebPage","@id":"https:\/\/fundaciomiquelvalls.org\/es\/jornada-del-dia-mundial-de-lela-hospital-universitari-de-bellvitge\/","url":"https:\/\/fundaciomiquelvalls.org\/es\/jornada-del-dia-mundial-de-lela-hospital-universitari-de-bellvitge\/","name":"Jornada del D\u00eda Mundial de la ELA: Investigaci\u00f3n, Atenci\u00f3n y Futuro \u2013 18 de junio, Hospital Universitario de Bellvitge - Fundaci\u00f3 Catalana d&#039;ELA Miquel Valls","isPartOf":{"@id":"https:\/\/fundaciomiquelvalls.org\/#website"},"primaryImageOfPage":{"@id":"https:\/\/fundaciomiquelvalls.org\/es\/jornada-del-dia-mundial-de-lela-hospital-universitari-de-bellvitge\/#primaryimage"},"image":{"@id":"https:\/\/fundaciomiquelvalls.org\/es\/jornada-del-dia-mundial-de-lela-hospital-universitari-de-bellvitge\/#primaryimage"},"thumbnailUrl":"https:\/\/fundaciomiquelvalls.org\/wp-content\/uploads\/2025\/05\/jornades_ELA_25_cat_Cartell.jpg","datePublished":"2025-05-23T14:00:14+00:00","dateModified":"2025-06-17T10:44:01+00:00","author":{"@id":"https:\/\/fundaciomiquelvalls.org\/#\/schema\/person\/49e4b390c29b931f8b4213fbd9276ea3"},"description":"El Hospital Universitario de Bellvitge acoger\u00e1 el 18 de junio la Jornada del D\u00eda Mundial de la ELA, centrada en los avances en investigaci\u00f3n, atenci\u00f3n cl\u00ednica y en cuidados, nuevas tecnolog\u00edas, as\u00ed como la Ley ELA.","breadcrumb":{"@id":"https:\/\/fundaciomiquelvalls.org\/es\/jornada-del-dia-mundial-de-lela-hospital-universitari-de-bellvitge\/#breadcrumb"},"inLanguage":"es","potentialAction":[{"@type":"ReadAction","target":["https:\/\/fundaciomiquelvalls.org\/es\/jornada-del-dia-mundial-de-lela-hospital-universitari-de-bellvitge\/"]}]},{"@type":"ImageObject","inLanguage":"es","@id":"https:\/\/fundaciomiquelvalls.org\/es\/jornada-del-dia-mundial-de-lela-hospital-universitari-de-bellvitge\/#primaryimage","url":"https:\/\/fundaciomiquelvalls.org\/wp-content\/uploads\/2025\/05\/jornades_ELA_25_cat_Cartell.jpg","contentUrl":"https:\/\/fundaciomiquelvalls.org\/wp-content\/uploads\/2025\/05\/jornades_ELA_25_cat_Cartell.jpg","width":1754,"height":1241},{"@type":"BreadcrumbList","@id":"https:\/\/fundaciomiquelvalls.org\/es\/jornada-del-dia-mundial-de-lela-hospital-universitari-de-bellvitge\/#breadcrumb","itemListElement":[{"@type":"ListItem","position":1,"name":"Portada","item":"https:\/\/fundaciomiquelvalls.org\/es\/"},{"@type":"ListItem","position":2,"name":"Jornada del D\u00eda Mundial de la ELA: Investigaci\u00f3n, Atenci\u00f3n y Futuro \u2013 18 de junio, Hospital Universitario de Bellvitge"}]},{"@type":"WebSite","@id":"https:\/\/fundaciomiquelvalls.org\/#website","url":"https:\/\/fundaciomiquelvalls.org\/","name":"Fundaci\u00f3 Catalana d&#039;ELA Miquel Valls","description":"Treballem per millorar la qualitat de vida de les persones afectades d&#039;ELA i Malaltia de Motoneurona","potentialAction":[{"@type":"SearchAction","target":{"@type":"EntryPoint","urlTemplate":"https:\/\/fundaciomiquelvalls.org\/?s={search_term_string}"},"query-input":{"@type":"PropertyValueSpecification","valueRequired":true,"valueName":"search_term_string"}}],"inLanguage":"es"},{"@type":"Person","@id":"https:\/\/fundaciomiquelvalls.org\/#\/schema\/person\/49e4b390c29b931f8b4213fbd9276ea3","name":"Fundaci\u00f3 Catalana d'ELA Miquel Valls","sameAs":["https:\/\/fundaciomiquelvalls.org"],"url":"https:\/\/fundaciomiquelvalls.org\/es\/author\/alojapro_dev\/"}]}},"_links":{"self":[{"href":"https:\/\/fundaciomiquelvalls.org\/es\/wp-json\/wp\/v2\/posts\/8499","targetHints":{"allow":["GET"]}}],"collection":[{"href":"https:\/\/fundaciomiquelvalls.org\/es\/wp-json\/wp\/v2\/posts"}],"about":[{"href":"https:\/\/fundaciomiquelvalls.org\/es\/wp-json\/wp\/v2\/types\/post"}],"author":[{"embeddable":true,"href":"https:\/\/fundaciomiquelvalls.org\/es\/wp-json\/wp\/v2\/users\/1"}],"replies":[{"embeddable":true,"href":"https:\/\/fundaciomiquelvalls.org\/es\/wp-json\/wp\/v2\/comments?post=8499"}],"version-history":[{"count":7,"href":"https:\/\/fundaciomiquelvalls.org\/es\/wp-json\/wp\/v2\/posts\/8499\/revisions"}],"predecessor-version":[{"id":8596,"href":"https:\/\/fundaciomiquelvalls.org\/es\/wp-json\/wp\/v2\/posts\/8499\/revisions\/8596"}],"wp:featuredmedia":[{"embeddable":true,"href":"https:\/\/fundaciomiquelvalls.org\/es\/wp-json\/wp\/v2\/media\/8555"}],"wp:attachment":[{"href":"https:\/\/fundaciomiquelvalls.org\/es\/wp-json\/wp\/v2\/media?parent=8499"}],"wp:term":[{"taxonomy":"category","embeddable":true,"href":"https:\/\/fundaciomiquelvalls.org\/es\/wp-json\/wp\/v2\/categories?post=8499"},{"taxonomy":"post_tag","embeddable":true,"href":"https:\/\/fundaciomiquelvalls.org\/es\/wp-json\/wp\/v2\/tags?post=8499"}],"curies":[{"name":"wp","href":"https:\/\/api.w.org\/{rel}","templated":true}]}}