{"id":7676,"date":"2024-09-19T13:29:19","date_gmt":"2024-09-19T13:29:19","guid":{"rendered":"https:\/\/fundaciomiquelvalls.org\/entrevista-a-esther-selles-al-programa-mes324-de-tv3-en-motiu-de-laprovacio-de-la-llei-ela\/"},"modified":"2024-10-03T13:42:08","modified_gmt":"2024-10-03T13:42:08","slug":"entrevista-a-esther-selles-al-programa-mes324-de-tv3-en-motiu-de-laprovacio-de-la-llei-ela","status":"publish","type":"post","link":"https:\/\/fundaciomiquelvalls.org\/es\/entrevista-a-esther-selles-al-programa-mes324-de-tv3-en-motiu-de-laprovacio-de-la-llei-ela\/","title":{"rendered":"Entrevista a Esther Sell\u00e9s en el programa M\u00e9s324 de TV3, con motivo de la aprobaci\u00f3n de la Ley ELA"},"content":{"rendered":"\n<p>La directora general de la Fundaci\u00f3n Catalana de ELA Miquel Valls, Esther Sell\u00e9s, fue entrevistada en el programa de TV3 M\u00e9s324 el 17 de septiembre, con motivo de la aprobaci\u00f3n del texto de la Ley ELA.<\/p>\n\n\n\n<p>Os dejamos a continuaci\u00f3n toda la entrevista:<\/p>\n\n\n<div class=\"wp-block-image\">\n<figure class=\"aligncenter size-large is-resized\"><a href=\"https:\/\/www.3cat.cat\/3cat\/esther-selles-la-llei-ela-evitara-morts-i-millorara-la-qualitat-de-vida-de-malalts-i-cuidadors\/video\/6300586\/\"><img loading=\"lazy\" decoding=\"async\" width=\"1024\" height=\"571\" src=\"https:\/\/fundaciomiquelvalls.org\/wp-content\/uploads\/2024\/10\/Entrevista-Esther-Selles-mes324.mp4-1024x571.png\" alt=\"\" class=\"wp-image-7671\" style=\"width:592px;height:auto\" srcset=\"https:\/\/fundaciomiquelvalls.org\/wp-content\/uploads\/2024\/10\/Entrevista-Esther-Selles-mes324.mp4-1024x571.png 1024w, https:\/\/fundaciomiquelvalls.org\/wp-content\/uploads\/2024\/10\/Entrevista-Esther-Selles-mes324.mp4-300x167.png 300w, https:\/\/fundaciomiquelvalls.org\/wp-content\/uploads\/2024\/10\/Entrevista-Esther-Selles-mes324.mp4-768x428.png 768w, https:\/\/fundaciomiquelvalls.org\/wp-content\/uploads\/2024\/10\/Entrevista-Esther-Selles-mes324.mp4-958x534.png 958w, https:\/\/fundaciomiquelvalls.org\/wp-content\/uploads\/2024\/10\/Entrevista-Esther-Selles-mes324.mp4.png 1448w\"  sizes=\"(max-width: 1024px) 100vw, 1024px\" \/><\/a><\/figure>\n<\/div>","protected":false},"excerpt":{"rendered":"<p>La directora general de la Fundaci\u00f3n Catalana de ELA Miquel Valls, Esther Sell\u00e9s, fue entrevistada en el programa de TV3 M\u00e9s324 con motivo de la aprobaci\u00f3n del texto de la Ley ELA.<\/p>\n","protected":false},"author":1,"featured_media":7688,"comment_status":"closed","ping_status":"closed","sticky":false,"template":"","format":"standard","meta":{"footnotes":""},"categories":[79],"tags":[91,122,290],"class_list":["post-7676","post","type-post","status-publish","format-standard","has-post-thumbnail","hentry","category-sin-categorizar","tag-ela-es","tag-fundacio-catalana-dela-miquel-valls-es","tag-llei-ela-es"],"yoast_head":"<!-- This site is optimized with the Yoast SEO plugin v26.9 - https:\/\/yoast.com\/product\/yoast-seo-wordpress\/ -->\n<title>Entrevista a Esther Sell\u00e9s en el programa M\u00e9s324 de TV3, con motivo de la aprobaci\u00f3n de la Ley ELA - Fundaci\u00f3 Catalana d&#039;ELA Miquel Valls<\/title>\n<meta name=\"description\" content=\"La directora general de la Fundaci\u00f3n Catalana de ELA Miquel Valls, Esther Sell\u00e9s, fue entrevistada en el programa de TV3 M\u00e9s324 con motivo de la aprobaci\u00f3n del texto de la Ley ELA.\" \/>\n<meta name=\"robots\" content=\"index, follow, max-snippet:-1, max-image-preview:large, max-video-preview:-1\" \/>\n<link rel=\"canonical\" href=\"https:\/\/fundaciomiquelvalls.org\/es\/entrevista-a-esther-selles-al-programa-mes324-de-tv3-en-motiu-de-laprovacio-de-la-llei-ela\/\" \/>\n<meta property=\"og:locale\" content=\"es_ES\" \/>\n<meta property=\"og:type\" content=\"article\" \/>\n<meta property=\"og:title\" content=\"Entrevista a Esther Sell\u00e9s en el programa M\u00e9s324 de TV3, con motivo de la aprobaci\u00f3n de la Ley ELA\" \/>\n<meta property=\"og:description\" content=\"La directora general de la Fundaci\u00f3n Catalana de ELA Miquel Valls, Esther Sell\u00e9s, fue entrevistada en el programa de TV3 M\u00e9s324 con motivo de la aprobaci\u00f3n del texto de la Ley ELA.\" \/>\n<meta property=\"og:url\" content=\"https:\/\/fundaciomiquelvalls.org\/es\/entrevista-a-esther-selles-al-programa-mes324-de-tv3-en-motiu-de-laprovacio-de-la-llei-ela\/\" \/>\n<meta property=\"og:site_name\" content=\"Fundaci\u00f3 Catalana d&#039;ELA Miquel Valls\" \/>\n<meta property=\"article:published_time\" content=\"2024-09-19T13:29:19+00:00\" \/>\n<meta property=\"article:modified_time\" content=\"2024-10-03T13:42:08+00:00\" \/>\n<meta property=\"og:image\" content=\"https:\/\/fundaciomiquelvalls.org\/wp-content\/uploads\/2024\/10\/Entrevista-Esther-Selles-mes324.mp4.png\" \/>\n\t<meta property=\"og:image:width\" content=\"1448\" \/>\n\t<meta property=\"og:image:height\" content=\"807\" \/>\n\t<meta property=\"og:image:type\" content=\"image\/png\" \/>\n<meta name=\"author\" content=\"Fundaci\u00f3 Catalana d&#039;ELA Miquel Valls\" \/>\n<meta name=\"twitter:card\" content=\"summary_large_image\" \/>\n<meta name=\"twitter:title\" content=\"Entrevista a Esther Sell\u00e9s en el programa M\u00e9s324 de TV3, con motivo de la aprobaci\u00f3n de la Ley ELA\" \/>\n<meta name=\"twitter:description\" content=\"La directora general de la Fundaci\u00f3n Catalana de ELA Miquel Valls, Esther Sell\u00e9s, fue entrevistada en el programa de TV3 M\u00e9s324 con motivo de la aprobaci\u00f3n del texto de la Ley ELA.\" \/>\n<meta name=\"twitter:image\" content=\"https:\/\/fundaciomiquelvalls.org\/wp-content\/uploads\/2024\/10\/Entrevista-Esther-Selles-mes324.mp4.png\" \/>\n<meta name=\"twitter:label1\" content=\"Escrito por\" \/>\n\t<meta name=\"twitter:data1\" content=\"Fundaci\u00f3 Catalana d&#039;ELA Miquel Valls\" \/>\n\t<meta name=\"twitter:label2\" content=\"Tiempo de lectura\" \/>\n\t<meta name=\"twitter:data2\" content=\"1 minuto\" \/>\n<script type=\"application\/ld+json\" class=\"yoast-schema-graph\">{\"@context\":\"https:\/\/schema.org\",\"@graph\":[{\"@type\":\"Article\",\"@id\":\"https:\/\/fundaciomiquelvalls.org\/es\/entrevista-a-esther-selles-al-programa-mes324-de-tv3-en-motiu-de-laprovacio-de-la-llei-ela\/#article\",\"isPartOf\":{\"@id\":\"https:\/\/fundaciomiquelvalls.org\/es\/entrevista-a-esther-selles-al-programa-mes324-de-tv3-en-motiu-de-laprovacio-de-la-llei-ela\/\"},\"author\":{\"name\":\"Fundaci\u00f3 Catalana d'ELA Miquel Valls\",\"@id\":\"https:\/\/fundaciomiquelvalls.org\/#\/schema\/person\/49e4b390c29b931f8b4213fbd9276ea3\"},\"headline\":\"Entrevista a Esther Sell\u00e9s en el programa M\u00e9s324 de TV3, con motivo de la aprobaci\u00f3n de la Ley ELA\",\"datePublished\":\"2024-09-19T13:29:19+00:00\",\"dateModified\":\"2024-10-03T13:42:08+00:00\",\"mainEntityOfPage\":{\"@id\":\"https:\/\/fundaciomiquelvalls.org\/es\/entrevista-a-esther-selles-al-programa-mes324-de-tv3-en-motiu-de-laprovacio-de-la-llei-ela\/\"},\"wordCount\":69,\"image\":{\"@id\":\"https:\/\/fundaciomiquelvalls.org\/es\/entrevista-a-esther-selles-al-programa-mes324-de-tv3-en-motiu-de-laprovacio-de-la-llei-ela\/#primaryimage\"},\"thumbnailUrl\":\"https:\/\/fundaciomiquelvalls.org\/wp-content\/uploads\/2024\/09\/Entrevista-Esther-mes324_portada.png\",\"keywords\":[\"ELA\",\"Fundaci\u00f3 Catalana d&#039;ELA Miquel Valls\",\"Llei ELA\"],\"articleSection\":[\"Sin categorizar\"],\"inLanguage\":\"es\"},{\"@type\":\"WebPage\",\"@id\":\"https:\/\/fundaciomiquelvalls.org\/es\/entrevista-a-esther-selles-al-programa-mes324-de-tv3-en-motiu-de-laprovacio-de-la-llei-ela\/\",\"url\":\"https:\/\/fundaciomiquelvalls.org\/es\/entrevista-a-esther-selles-al-programa-mes324-de-tv3-en-motiu-de-laprovacio-de-la-llei-ela\/\",\"name\":\"Entrevista a Esther Sell\u00e9s en el programa M\u00e9s324 de TV3, con motivo de la aprobaci\u00f3n de la Ley ELA - Fundaci\u00f3 Catalana d&#039;ELA Miquel Valls\",\"isPartOf\":{\"@id\":\"https:\/\/fundaciomiquelvalls.org\/#website\"},\"primaryImageOfPage\":{\"@id\":\"https:\/\/fundaciomiquelvalls.org\/es\/entrevista-a-esther-selles-al-programa-mes324-de-tv3-en-motiu-de-laprovacio-de-la-llei-ela\/#primaryimage\"},\"image\":{\"@id\":\"https:\/\/fundaciomiquelvalls.org\/es\/entrevista-a-esther-selles-al-programa-mes324-de-tv3-en-motiu-de-laprovacio-de-la-llei-ela\/#primaryimage\"},\"thumbnailUrl\":\"https:\/\/fundaciomiquelvalls.org\/wp-content\/uploads\/2024\/09\/Entrevista-Esther-mes324_portada.png\",\"datePublished\":\"2024-09-19T13:29:19+00:00\",\"dateModified\":\"2024-10-03T13:42:08+00:00\",\"author\":{\"@id\":\"https:\/\/fundaciomiquelvalls.org\/#\/schema\/person\/49e4b390c29b931f8b4213fbd9276ea3\"},\"description\":\"La directora general de la Fundaci\u00f3n Catalana de ELA Miquel Valls, Esther Sell\u00e9s, fue entrevistada en el programa de TV3 M\u00e9s324 con motivo de la aprobaci\u00f3n del texto de la Ley ELA.\",\"breadcrumb\":{\"@id\":\"https:\/\/fundaciomiquelvalls.org\/es\/entrevista-a-esther-selles-al-programa-mes324-de-tv3-en-motiu-de-laprovacio-de-la-llei-ela\/#breadcrumb\"},\"inLanguage\":\"es\",\"potentialAction\":[{\"@type\":\"ReadAction\",\"target\":[\"https:\/\/fundaciomiquelvalls.org\/es\/entrevista-a-esther-selles-al-programa-mes324-de-tv3-en-motiu-de-laprovacio-de-la-llei-ela\/\"]}]},{\"@type\":\"ImageObject\",\"inLanguage\":\"es\",\"@id\":\"https:\/\/fundaciomiquelvalls.org\/es\/entrevista-a-esther-selles-al-programa-mes324-de-tv3-en-motiu-de-laprovacio-de-la-llei-ela\/#primaryimage\",\"url\":\"https:\/\/fundaciomiquelvalls.org\/wp-content\/uploads\/2024\/09\/Entrevista-Esther-mes324_portada.png\",\"contentUrl\":\"https:\/\/fundaciomiquelvalls.org\/wp-content\/uploads\/2024\/09\/Entrevista-Esther-mes324_portada.png\",\"width\":942,\"height\":580},{\"@type\":\"BreadcrumbList\",\"@id\":\"https:\/\/fundaciomiquelvalls.org\/es\/entrevista-a-esther-selles-al-programa-mes324-de-tv3-en-motiu-de-laprovacio-de-la-llei-ela\/#breadcrumb\",\"itemListElement\":[{\"@type\":\"ListItem\",\"position\":1,\"name\":\"Portada\",\"item\":\"https:\/\/fundaciomiquelvalls.org\/es\/\"},{\"@type\":\"ListItem\",\"position\":2,\"name\":\"Entrevista a Esther Sell\u00e9s en el programa M\u00e9s324 de TV3, con motivo de la aprobaci\u00f3n de la Ley ELA\"}]},{\"@type\":\"WebSite\",\"@id\":\"https:\/\/fundaciomiquelvalls.org\/#website\",\"url\":\"https:\/\/fundaciomiquelvalls.org\/\",\"name\":\"Fundaci\u00f3 Catalana d&#039;ELA Miquel Valls\",\"description\":\"Treballem per millorar la qualitat de vida de les persones afectades d&#039;ELA i Malaltia de Motoneurona\",\"potentialAction\":[{\"@type\":\"SearchAction\",\"target\":{\"@type\":\"EntryPoint\",\"urlTemplate\":\"https:\/\/fundaciomiquelvalls.org\/?s={search_term_string}\"},\"query-input\":{\"@type\":\"PropertyValueSpecification\",\"valueRequired\":true,\"valueName\":\"search_term_string\"}}],\"inLanguage\":\"es\"},{\"@type\":\"Person\",\"@id\":\"https:\/\/fundaciomiquelvalls.org\/#\/schema\/person\/49e4b390c29b931f8b4213fbd9276ea3\",\"name\":\"Fundaci\u00f3 Catalana d'ELA Miquel Valls\",\"sameAs\":[\"https:\/\/fundaciomiquelvalls.org\"],\"url\":\"https:\/\/fundaciomiquelvalls.org\/es\/author\/alojapro_dev\/\"}]}<\/script>\n<!-- \/ Yoast SEO plugin. -->","yoast_head_json":{"title":"Entrevista a Esther Sell\u00e9s en el programa M\u00e9s324 de TV3, con motivo de la aprobaci\u00f3n de la Ley ELA - Fundaci\u00f3 Catalana d&#039;ELA Miquel Valls","description":"La directora general de la Fundaci\u00f3n Catalana de ELA Miquel Valls, Esther Sell\u00e9s, fue entrevistada en el programa de TV3 M\u00e9s324 con motivo de la aprobaci\u00f3n del texto de la Ley ELA.","robots":{"index":"index","follow":"follow","max-snippet":"max-snippet:-1","max-image-preview":"max-image-preview:large","max-video-preview":"max-video-preview:-1"},"canonical":"https:\/\/fundaciomiquelvalls.org\/es\/entrevista-a-esther-selles-al-programa-mes324-de-tv3-en-motiu-de-laprovacio-de-la-llei-ela\/","og_locale":"es_ES","og_type":"article","og_title":"Entrevista a Esther Sell\u00e9s en el programa M\u00e9s324 de TV3, con motivo de la aprobaci\u00f3n de la Ley ELA","og_description":"La directora general de la Fundaci\u00f3n Catalana de ELA Miquel Valls, Esther Sell\u00e9s, fue entrevistada en el programa de TV3 M\u00e9s324 con motivo de la aprobaci\u00f3n del texto de la Ley ELA.","og_url":"https:\/\/fundaciomiquelvalls.org\/es\/entrevista-a-esther-selles-al-programa-mes324-de-tv3-en-motiu-de-laprovacio-de-la-llei-ela\/","og_site_name":"Fundaci\u00f3 Catalana d&#039;ELA Miquel Valls","article_published_time":"2024-09-19T13:29:19+00:00","article_modified_time":"2024-10-03T13:42:08+00:00","og_image":[{"width":1448,"height":807,"url":"https:\/\/fundaciomiquelvalls.org\/wp-content\/uploads\/2024\/10\/Entrevista-Esther-Selles-mes324.mp4.png","type":"image\/png"}],"author":"Fundaci\u00f3 Catalana d'ELA Miquel Valls","twitter_card":"summary_large_image","twitter_title":"Entrevista a Esther Sell\u00e9s en el programa M\u00e9s324 de TV3, con motivo de la aprobaci\u00f3n de la Ley ELA","twitter_description":"La directora general de la Fundaci\u00f3n Catalana de ELA Miquel Valls, Esther Sell\u00e9s, fue entrevistada en el programa de TV3 M\u00e9s324 con motivo de la aprobaci\u00f3n del texto de la Ley ELA.","twitter_image":"https:\/\/fundaciomiquelvalls.org\/wp-content\/uploads\/2024\/10\/Entrevista-Esther-Selles-mes324.mp4.png","twitter_misc":{"Escrito por":"Fundaci\u00f3 Catalana d'ELA Miquel Valls","Tiempo de lectura":"1 minuto"},"schema":{"@context":"https:\/\/schema.org","@graph":[{"@type":"Article","@id":"https:\/\/fundaciomiquelvalls.org\/es\/entrevista-a-esther-selles-al-programa-mes324-de-tv3-en-motiu-de-laprovacio-de-la-llei-ela\/#article","isPartOf":{"@id":"https:\/\/fundaciomiquelvalls.org\/es\/entrevista-a-esther-selles-al-programa-mes324-de-tv3-en-motiu-de-laprovacio-de-la-llei-ela\/"},"author":{"name":"Fundaci\u00f3 Catalana d'ELA Miquel Valls","@id":"https:\/\/fundaciomiquelvalls.org\/#\/schema\/person\/49e4b390c29b931f8b4213fbd9276ea3"},"headline":"Entrevista a Esther Sell\u00e9s en el programa M\u00e9s324 de TV3, con motivo de la aprobaci\u00f3n de la Ley ELA","datePublished":"2024-09-19T13:29:19+00:00","dateModified":"2024-10-03T13:42:08+00:00","mainEntityOfPage":{"@id":"https:\/\/fundaciomiquelvalls.org\/es\/entrevista-a-esther-selles-al-programa-mes324-de-tv3-en-motiu-de-laprovacio-de-la-llei-ela\/"},"wordCount":69,"image":{"@id":"https:\/\/fundaciomiquelvalls.org\/es\/entrevista-a-esther-selles-al-programa-mes324-de-tv3-en-motiu-de-laprovacio-de-la-llei-ela\/#primaryimage"},"thumbnailUrl":"https:\/\/fundaciomiquelvalls.org\/wp-content\/uploads\/2024\/09\/Entrevista-Esther-mes324_portada.png","keywords":["ELA","Fundaci\u00f3 Catalana d&#039;ELA Miquel Valls","Llei ELA"],"articleSection":["Sin categorizar"],"inLanguage":"es"},{"@type":"WebPage","@id":"https:\/\/fundaciomiquelvalls.org\/es\/entrevista-a-esther-selles-al-programa-mes324-de-tv3-en-motiu-de-laprovacio-de-la-llei-ela\/","url":"https:\/\/fundaciomiquelvalls.org\/es\/entrevista-a-esther-selles-al-programa-mes324-de-tv3-en-motiu-de-laprovacio-de-la-llei-ela\/","name":"Entrevista a Esther Sell\u00e9s en el programa M\u00e9s324 de TV3, con motivo de la aprobaci\u00f3n de la Ley ELA - Fundaci\u00f3 Catalana d&#039;ELA Miquel Valls","isPartOf":{"@id":"https:\/\/fundaciomiquelvalls.org\/#website"},"primaryImageOfPage":{"@id":"https:\/\/fundaciomiquelvalls.org\/es\/entrevista-a-esther-selles-al-programa-mes324-de-tv3-en-motiu-de-laprovacio-de-la-llei-ela\/#primaryimage"},"image":{"@id":"https:\/\/fundaciomiquelvalls.org\/es\/entrevista-a-esther-selles-al-programa-mes324-de-tv3-en-motiu-de-laprovacio-de-la-llei-ela\/#primaryimage"},"thumbnailUrl":"https:\/\/fundaciomiquelvalls.org\/wp-content\/uploads\/2024\/09\/Entrevista-Esther-mes324_portada.png","datePublished":"2024-09-19T13:29:19+00:00","dateModified":"2024-10-03T13:42:08+00:00","author":{"@id":"https:\/\/fundaciomiquelvalls.org\/#\/schema\/person\/49e4b390c29b931f8b4213fbd9276ea3"},"description":"La directora general de la Fundaci\u00f3n Catalana de ELA Miquel Valls, Esther Sell\u00e9s, fue entrevistada en el programa de TV3 M\u00e9s324 con motivo de la aprobaci\u00f3n del texto de la Ley ELA.","breadcrumb":{"@id":"https:\/\/fundaciomiquelvalls.org\/es\/entrevista-a-esther-selles-al-programa-mes324-de-tv3-en-motiu-de-laprovacio-de-la-llei-ela\/#breadcrumb"},"inLanguage":"es","potentialAction":[{"@type":"ReadAction","target":["https:\/\/fundaciomiquelvalls.org\/es\/entrevista-a-esther-selles-al-programa-mes324-de-tv3-en-motiu-de-laprovacio-de-la-llei-ela\/"]}]},{"@type":"ImageObject","inLanguage":"es","@id":"https:\/\/fundaciomiquelvalls.org\/es\/entrevista-a-esther-selles-al-programa-mes324-de-tv3-en-motiu-de-laprovacio-de-la-llei-ela\/#primaryimage","url":"https:\/\/fundaciomiquelvalls.org\/wp-content\/uploads\/2024\/09\/Entrevista-Esther-mes324_portada.png","contentUrl":"https:\/\/fundaciomiquelvalls.org\/wp-content\/uploads\/2024\/09\/Entrevista-Esther-mes324_portada.png","width":942,"height":580},{"@type":"BreadcrumbList","@id":"https:\/\/fundaciomiquelvalls.org\/es\/entrevista-a-esther-selles-al-programa-mes324-de-tv3-en-motiu-de-laprovacio-de-la-llei-ela\/#breadcrumb","itemListElement":[{"@type":"ListItem","position":1,"name":"Portada","item":"https:\/\/fundaciomiquelvalls.org\/es\/"},{"@type":"ListItem","position":2,"name":"Entrevista a Esther Sell\u00e9s en el programa M\u00e9s324 de TV3, con motivo de la aprobaci\u00f3n de la Ley ELA"}]},{"@type":"WebSite","@id":"https:\/\/fundaciomiquelvalls.org\/#website","url":"https:\/\/fundaciomiquelvalls.org\/","name":"Fundaci\u00f3 Catalana d&#039;ELA Miquel Valls","description":"Treballem per millorar la qualitat de vida de les persones afectades d&#039;ELA i Malaltia de Motoneurona","potentialAction":[{"@type":"SearchAction","target":{"@type":"EntryPoint","urlTemplate":"https:\/\/fundaciomiquelvalls.org\/?s={search_term_string}"},"query-input":{"@type":"PropertyValueSpecification","valueRequired":true,"valueName":"search_term_string"}}],"inLanguage":"es"},{"@type":"Person","@id":"https:\/\/fundaciomiquelvalls.org\/#\/schema\/person\/49e4b390c29b931f8b4213fbd9276ea3","name":"Fundaci\u00f3 Catalana d'ELA Miquel Valls","sameAs":["https:\/\/fundaciomiquelvalls.org"],"url":"https:\/\/fundaciomiquelvalls.org\/es\/author\/alojapro_dev\/"}]}},"_links":{"self":[{"href":"https:\/\/fundaciomiquelvalls.org\/es\/wp-json\/wp\/v2\/posts\/7676","targetHints":{"allow":["GET"]}}],"collection":[{"href":"https:\/\/fundaciomiquelvalls.org\/es\/wp-json\/wp\/v2\/posts"}],"about":[{"href":"https:\/\/fundaciomiquelvalls.org\/es\/wp-json\/wp\/v2\/types\/post"}],"author":[{"embeddable":true,"href":"https:\/\/fundaciomiquelvalls.org\/es\/wp-json\/wp\/v2\/users\/1"}],"replies":[{"embeddable":true,"href":"https:\/\/fundaciomiquelvalls.org\/es\/wp-json\/wp\/v2\/comments?post=7676"}],"version-history":[{"count":3,"href":"https:\/\/fundaciomiquelvalls.org\/es\/wp-json\/wp\/v2\/posts\/7676\/revisions"}],"predecessor-version":[{"id":7682,"href":"https:\/\/fundaciomiquelvalls.org\/es\/wp-json\/wp\/v2\/posts\/7676\/revisions\/7682"}],"wp:featuredmedia":[{"embeddable":true,"href":"https:\/\/fundaciomiquelvalls.org\/es\/wp-json\/wp\/v2\/media\/7688"}],"wp:attachment":[{"href":"https:\/\/fundaciomiquelvalls.org\/es\/wp-json\/wp\/v2\/media?parent=7676"}],"wp:term":[{"taxonomy":"category","embeddable":true,"href":"https:\/\/fundaciomiquelvalls.org\/es\/wp-json\/wp\/v2\/categories?post=7676"},{"taxonomy":"post_tag","embeddable":true,"href":"https:\/\/fundaciomiquelvalls.org\/es\/wp-json\/wp\/v2\/tags?post=7676"}],"curies":[{"name":"wp","href":"https:\/\/api.w.org\/{rel}","templated":true}]}}