{"id":7436,"date":"2024-06-14T08:47:03","date_gmt":"2024-06-14T08:47:03","guid":{"rendered":"https:\/\/fundaciomiquelvalls.org\/musica-per-lela-concert-solidari-de-sober-i-vuelo-505-a-luz-de-gas\/"},"modified":"2024-07-15T09:05:09","modified_gmt":"2024-07-15T09:05:09","slug":"musica-per-lela-concert-solidari-de-sober-i-vuelo-505-a-luz-de-gas","status":"publish","type":"post","link":"https:\/\/fundaciomiquelvalls.org\/es\/musica-per-lela-concert-solidari-de-sober-i-vuelo-505-a-luz-de-gas\/","title":{"rendered":"\u00a0\u201cM\u00fasica por la ELA\u201d concierto solidario de S\u00f4ber y Vuelo 505 en Luz de Gas"},"content":{"rendered":"\n<p>El mi\u00e9rcoles 16 de octubre, en la Sala Luz de Gas de Barcelona, tendr\u00e1 lugar el concierto solidario para ayudar a las personas afectadas de ELA \u00abM\u00fasica por la ELA\u00bb en el que actuaran los grupos S\u00d4BER y Vuelo 505.<\/p>\n\n\n\n<p>La Unidad de ELA del Hospital del Mar, junto con la Fundaci\u00f3n Catalana de ELA Miquel Valls, ser\u00e1n los beneficiarios de este gran concierto con el fin de mejorar la situaci\u00f3n de las personas y familias afectadas de ELA y para ayudar a la investigaci\u00f3n de esta enfermedad.<\/p>\n\n\n\n<p>El concierto ser\u00e1 el 16 de octubre a las 20h en la Sala Luz de Gas de Barcelona (Muntaner, 246 de Barcelona). La banda principal de este evento ser\u00e1 S\u00d3BER. Esta banda de rock\/metal progresivo con 30 a\u00f1os de historia, ofrecer\u00e1 un concierto ac\u00fastico en su gira por toda Espa\u00f1a para promocionar su \u00faltimo trabajo \u201cRetorcidos\u201d. Durante el evento les acompa\u00f1ar\u00e1 la banda Vuelo 505, una banda de rock, en la que uno de sus miembros est\u00e1 diagnosticado de ELA.<\/p>\n\n\n\n<p>El objetivo es que sea un evento en solidaridad a las personas afectadas de ELA y tambi\u00e9n que ellas puedan venir a disfrutar de este concierto, ya que la sala est\u00e1 adaptada para personas con movilidad reducida.<\/p>\n\n\n\n<p>Todos los beneficios de la venta de las entradas ir\u00e1n destinados a la Fundaci\u00f3n Catalana de ELA Miquel Valls y a la Unidad de ELA del Hospital del Mar. Ambas organizaciones apoyan y acompa\u00f1an a las personas afectadas por esta enfermedad y trabajan para seguir investigando en los mecanismos causales de la enfermedad y posibles tratamientos.<\/p>\n\n\n\n<p>Puede adquirir sus entradas en la plataforma Entr\u00e1polis: <a href=\"https:\/\/www.entrapolis.com\/entradas\/sober-vuelo505-musica-por-la-ela-concierto-solidario\">https:\/\/www.entrapolis.com\/entradas\/sober-vuelo505-musica-por-la-ela-concierto-solidario<\/a><\/p>\n\n\n\n<p>\u00a1Os esperamos a todos!<\/p>\n","protected":false},"excerpt":{"rendered":"<p>El mi\u00e9rcoles 16 de octubre, en la Sala Luz de Gas de Barcelona, tendr\u00e1 lugar el concierto solidario para ayudar a las personas afectadas de ELA \u00abM\u00fasica por la ELA\u00bb en el que actuaran los grupos S\u00d4BER y Vuelo 505.<\/p>\n","protected":false},"author":1,"featured_media":7434,"comment_status":"closed","ping_status":"closed","sticky":false,"template":"","format":"standard","meta":{"footnotes":""},"categories":[90,78],"tags":[91,122],"class_list":["post-7436","post","type-post","status-publish","format-standard","has-post-thumbnail","hentry","category-actualitat-es","category-iniciatives-solidaries","tag-ela-es","tag-fundacio-catalana-dela-miquel-valls-es"],"yoast_head":"<!-- This site is optimized with the Yoast SEO plugin v26.9 - https:\/\/yoast.com\/product\/yoast-seo-wordpress\/ -->\n<title>\u00a0\u201cM\u00fasica por la ELA\u201d concierto solidario de S\u00f4ber y Vuelo 505 en Luz de Gas - Fundaci\u00f3 Catalana d&#039;ELA Miquel Valls<\/title>\n<meta name=\"description\" content=\"El mi\u00e9rcoles 16 de octubre, en la Sala Luz de Gas de Barcelona, tendr\u00e1 lugar el concierto solidario para ayudar a las personas afectadas de ELA &quot;M\u00fasica por la ELA&quot; en el que actuaran los grupos S\u00d4BER y Vuelo 505.\" \/>\n<meta name=\"robots\" content=\"index, follow, max-snippet:-1, max-image-preview:large, max-video-preview:-1\" \/>\n<link rel=\"canonical\" href=\"https:\/\/fundaciomiquelvalls.org\/es\/musica-per-lela-concert-solidari-de-sober-i-vuelo-505-a-luz-de-gas\/\" \/>\n<meta property=\"og:locale\" content=\"es_ES\" \/>\n<meta property=\"og:type\" content=\"article\" \/>\n<meta property=\"og:title\" content=\"\u00a0\u201cM\u00fasica por la ELA\u201d concierto solidario de S\u00f4ber y Vuelo 505 en Luz de Gas\" \/>\n<meta property=\"og:description\" content=\"El mi\u00e9rcoles 16 de octubre, en la Sala Luz de Gas de Barcelona, tendr\u00e1 lugar el concierto solidario para ayudar a las personas afectadas de ELA &quot;M\u00fasica por la ELA&quot; en el que actuaran los grupos S\u00d4BER y Vuelo 505.\" \/>\n<meta property=\"og:url\" content=\"https:\/\/fundaciomiquelvalls.org\/es\/musica-per-lela-concert-solidari-de-sober-i-vuelo-505-a-luz-de-gas\/\" \/>\n<meta property=\"og:site_name\" content=\"Fundaci\u00f3 Catalana d&#039;ELA Miquel Valls\" \/>\n<meta property=\"article:published_time\" content=\"2024-06-14T08:47:03+00:00\" \/>\n<meta property=\"article:modified_time\" content=\"2024-07-15T09:05:09+00:00\" \/>\n<meta property=\"og:image\" content=\"https:\/\/fundaciomiquelvalls.org\/wp-content\/uploads\/2024\/07\/poster_horizontal_NOQR_CAST-scaled.jpg\" \/>\n\t<meta property=\"og:image:width\" content=\"2560\" \/>\n\t<meta property=\"og:image:height\" content=\"1656\" \/>\n\t<meta property=\"og:image:type\" content=\"image\/jpeg\" \/>\n<meta name=\"author\" content=\"Fundaci\u00f3 Catalana d&#039;ELA Miquel Valls\" \/>\n<meta name=\"twitter:card\" content=\"summary_large_image\" \/>\n<meta name=\"twitter:title\" content=\"\u00a0\u201cM\u00fasica por la ELA\u201d concierto solidario de S\u00f4ber y Vuelo 505 en Luz de Gas\" \/>\n<meta name=\"twitter:description\" content=\"El mi\u00e9rcoles 16 de octubre, en la Sala Luz de Gas de Barcelona, tendr\u00e1 lugar el concierto solidario para ayudar a las personas afectadas de ELA &quot;M\u00fasica por la ELA&quot; en el que actuaran los grupos S\u00d4BER y Vuelo 505.\" \/>\n<meta name=\"twitter:image\" content=\"https:\/\/fundaciomiquelvalls.org\/wp-content\/uploads\/2024\/07\/poster_horizontal_NOQR_CAST-scaled.jpg\" \/>\n<meta name=\"twitter:label1\" content=\"Escrito por\" \/>\n\t<meta name=\"twitter:data1\" content=\"Fundaci\u00f3 Catalana d&#039;ELA Miquel Valls\" \/>\n\t<meta name=\"twitter:label2\" content=\"Tiempo de lectura\" \/>\n\t<meta name=\"twitter:data2\" content=\"2 minutos\" \/>\n<script type=\"application\/ld+json\" class=\"yoast-schema-graph\">{\"@context\":\"https:\/\/schema.org\",\"@graph\":[{\"@type\":\"Article\",\"@id\":\"https:\/\/fundaciomiquelvalls.org\/es\/musica-per-lela-concert-solidari-de-sober-i-vuelo-505-a-luz-de-gas\/#article\",\"isPartOf\":{\"@id\":\"https:\/\/fundaciomiquelvalls.org\/es\/musica-per-lela-concert-solidari-de-sober-i-vuelo-505-a-luz-de-gas\/\"},\"author\":{\"name\":\"Fundaci\u00f3 Catalana d'ELA Miquel Valls\",\"@id\":\"https:\/\/fundaciomiquelvalls.org\/#\/schema\/person\/49e4b390c29b931f8b4213fbd9276ea3\"},\"headline\":\"\u00a0\u201cM\u00fasica por la ELA\u201d concierto solidario de S\u00f4ber y Vuelo 505 en Luz de Gas\",\"datePublished\":\"2024-06-14T08:47:03+00:00\",\"dateModified\":\"2024-07-15T09:05:09+00:00\",\"mainEntityOfPage\":{\"@id\":\"https:\/\/fundaciomiquelvalls.org\/es\/musica-per-lela-concert-solidari-de-sober-i-vuelo-505-a-luz-de-gas\/\"},\"wordCount\":308,\"image\":{\"@id\":\"https:\/\/fundaciomiquelvalls.org\/es\/musica-per-lela-concert-solidari-de-sober-i-vuelo-505-a-luz-de-gas\/#primaryimage\"},\"thumbnailUrl\":\"https:\/\/fundaciomiquelvalls.org\/wp-content\/uploads\/2024\/07\/poster_horizontal_NOQR_CAST-scaled.jpg\",\"keywords\":[\"ELA\",\"Fundaci\u00f3 Catalana d&#039;ELA Miquel Valls\"],\"articleSection\":[\"Actualitat\",\"Iniciatives solid\u00e0ries\"],\"inLanguage\":\"es\"},{\"@type\":\"WebPage\",\"@id\":\"https:\/\/fundaciomiquelvalls.org\/es\/musica-per-lela-concert-solidari-de-sober-i-vuelo-505-a-luz-de-gas\/\",\"url\":\"https:\/\/fundaciomiquelvalls.org\/es\/musica-per-lela-concert-solidari-de-sober-i-vuelo-505-a-luz-de-gas\/\",\"name\":\"\u00a0\u201cM\u00fasica por la ELA\u201d concierto solidario de S\u00f4ber y Vuelo 505 en Luz de Gas - Fundaci\u00f3 Catalana d&#039;ELA Miquel Valls\",\"isPartOf\":{\"@id\":\"https:\/\/fundaciomiquelvalls.org\/#website\"},\"primaryImageOfPage\":{\"@id\":\"https:\/\/fundaciomiquelvalls.org\/es\/musica-per-lela-concert-solidari-de-sober-i-vuelo-505-a-luz-de-gas\/#primaryimage\"},\"image\":{\"@id\":\"https:\/\/fundaciomiquelvalls.org\/es\/musica-per-lela-concert-solidari-de-sober-i-vuelo-505-a-luz-de-gas\/#primaryimage\"},\"thumbnailUrl\":\"https:\/\/fundaciomiquelvalls.org\/wp-content\/uploads\/2024\/07\/poster_horizontal_NOQR_CAST-scaled.jpg\",\"datePublished\":\"2024-06-14T08:47:03+00:00\",\"dateModified\":\"2024-07-15T09:05:09+00:00\",\"author\":{\"@id\":\"https:\/\/fundaciomiquelvalls.org\/#\/schema\/person\/49e4b390c29b931f8b4213fbd9276ea3\"},\"description\":\"El mi\u00e9rcoles 16 de octubre, en la Sala Luz de Gas de Barcelona, tendr\u00e1 lugar el concierto solidario para ayudar a las personas afectadas de ELA \\\"M\u00fasica por la ELA\\\" en el que actuaran los grupos S\u00d4BER y Vuelo 505.\",\"breadcrumb\":{\"@id\":\"https:\/\/fundaciomiquelvalls.org\/es\/musica-per-lela-concert-solidari-de-sober-i-vuelo-505-a-luz-de-gas\/#breadcrumb\"},\"inLanguage\":\"es\",\"potentialAction\":[{\"@type\":\"ReadAction\",\"target\":[\"https:\/\/fundaciomiquelvalls.org\/es\/musica-per-lela-concert-solidari-de-sober-i-vuelo-505-a-luz-de-gas\/\"]}]},{\"@type\":\"ImageObject\",\"inLanguage\":\"es\",\"@id\":\"https:\/\/fundaciomiquelvalls.org\/es\/musica-per-lela-concert-solidari-de-sober-i-vuelo-505-a-luz-de-gas\/#primaryimage\",\"url\":\"https:\/\/fundaciomiquelvalls.org\/wp-content\/uploads\/2024\/07\/poster_horizontal_NOQR_CAST-scaled.jpg\",\"contentUrl\":\"https:\/\/fundaciomiquelvalls.org\/wp-content\/uploads\/2024\/07\/poster_horizontal_NOQR_CAST-scaled.jpg\",\"width\":2560,\"height\":1656},{\"@type\":\"BreadcrumbList\",\"@id\":\"https:\/\/fundaciomiquelvalls.org\/es\/musica-per-lela-concert-solidari-de-sober-i-vuelo-505-a-luz-de-gas\/#breadcrumb\",\"itemListElement\":[{\"@type\":\"ListItem\",\"position\":1,\"name\":\"Portada\",\"item\":\"https:\/\/fundaciomiquelvalls.org\/es\/\"},{\"@type\":\"ListItem\",\"position\":2,\"name\":\"\u00a0\u201cM\u00fasica por la ELA\u201d concierto solidario de S\u00f4ber y Vuelo 505 en Luz de Gas\"}]},{\"@type\":\"WebSite\",\"@id\":\"https:\/\/fundaciomiquelvalls.org\/#website\",\"url\":\"https:\/\/fundaciomiquelvalls.org\/\",\"name\":\"Fundaci\u00f3 Catalana d&#039;ELA Miquel Valls\",\"description\":\"Treballem per millorar la qualitat de vida de les persones afectades d&#039;ELA i Malaltia de Motoneurona\",\"potentialAction\":[{\"@type\":\"SearchAction\",\"target\":{\"@type\":\"EntryPoint\",\"urlTemplate\":\"https:\/\/fundaciomiquelvalls.org\/?s={search_term_string}\"},\"query-input\":{\"@type\":\"PropertyValueSpecification\",\"valueRequired\":true,\"valueName\":\"search_term_string\"}}],\"inLanguage\":\"es\"},{\"@type\":\"Person\",\"@id\":\"https:\/\/fundaciomiquelvalls.org\/#\/schema\/person\/49e4b390c29b931f8b4213fbd9276ea3\",\"name\":\"Fundaci\u00f3 Catalana d'ELA Miquel Valls\",\"sameAs\":[\"https:\/\/fundaciomiquelvalls.org\"],\"url\":\"https:\/\/fundaciomiquelvalls.org\/es\/author\/alojapro_dev\/\"}]}<\/script>\n<!-- \/ Yoast SEO plugin. -->","yoast_head_json":{"title":"\u00a0\u201cM\u00fasica por la ELA\u201d concierto solidario de S\u00f4ber y Vuelo 505 en Luz de Gas - Fundaci\u00f3 Catalana d&#039;ELA Miquel Valls","description":"El mi\u00e9rcoles 16 de octubre, en la Sala Luz de Gas de Barcelona, tendr\u00e1 lugar el concierto solidario para ayudar a las personas afectadas de ELA \"M\u00fasica por la ELA\" en el que actuaran los grupos S\u00d4BER y Vuelo 505.","robots":{"index":"index","follow":"follow","max-snippet":"max-snippet:-1","max-image-preview":"max-image-preview:large","max-video-preview":"max-video-preview:-1"},"canonical":"https:\/\/fundaciomiquelvalls.org\/es\/musica-per-lela-concert-solidari-de-sober-i-vuelo-505-a-luz-de-gas\/","og_locale":"es_ES","og_type":"article","og_title":"\u00a0\u201cM\u00fasica por la ELA\u201d concierto solidario de S\u00f4ber y Vuelo 505 en Luz de Gas","og_description":"El mi\u00e9rcoles 16 de octubre, en la Sala Luz de Gas de Barcelona, tendr\u00e1 lugar el concierto solidario para ayudar a las personas afectadas de ELA \"M\u00fasica por la ELA\" en el que actuaran los grupos S\u00d4BER y Vuelo 505.","og_url":"https:\/\/fundaciomiquelvalls.org\/es\/musica-per-lela-concert-solidari-de-sober-i-vuelo-505-a-luz-de-gas\/","og_site_name":"Fundaci\u00f3 Catalana d&#039;ELA Miquel Valls","article_published_time":"2024-06-14T08:47:03+00:00","article_modified_time":"2024-07-15T09:05:09+00:00","og_image":[{"width":2560,"height":1656,"url":"https:\/\/fundaciomiquelvalls.org\/wp-content\/uploads\/2024\/07\/poster_horizontal_NOQR_CAST-scaled.jpg","type":"image\/jpeg"}],"author":"Fundaci\u00f3 Catalana d'ELA Miquel Valls","twitter_card":"summary_large_image","twitter_title":"\u00a0\u201cM\u00fasica por la ELA\u201d concierto solidario de S\u00f4ber y Vuelo 505 en Luz de Gas","twitter_description":"El mi\u00e9rcoles 16 de octubre, en la Sala Luz de Gas de Barcelona, tendr\u00e1 lugar el concierto solidario para ayudar a las personas afectadas de ELA \"M\u00fasica por la ELA\" en el que actuaran los grupos S\u00d4BER y Vuelo 505.","twitter_image":"https:\/\/fundaciomiquelvalls.org\/wp-content\/uploads\/2024\/07\/poster_horizontal_NOQR_CAST-scaled.jpg","twitter_misc":{"Escrito por":"Fundaci\u00f3 Catalana d'ELA Miquel Valls","Tiempo de lectura":"2 minutos"},"schema":{"@context":"https:\/\/schema.org","@graph":[{"@type":"Article","@id":"https:\/\/fundaciomiquelvalls.org\/es\/musica-per-lela-concert-solidari-de-sober-i-vuelo-505-a-luz-de-gas\/#article","isPartOf":{"@id":"https:\/\/fundaciomiquelvalls.org\/es\/musica-per-lela-concert-solidari-de-sober-i-vuelo-505-a-luz-de-gas\/"},"author":{"name":"Fundaci\u00f3 Catalana d'ELA Miquel Valls","@id":"https:\/\/fundaciomiquelvalls.org\/#\/schema\/person\/49e4b390c29b931f8b4213fbd9276ea3"},"headline":"\u00a0\u201cM\u00fasica por la ELA\u201d concierto solidario de S\u00f4ber y Vuelo 505 en Luz de Gas","datePublished":"2024-06-14T08:47:03+00:00","dateModified":"2024-07-15T09:05:09+00:00","mainEntityOfPage":{"@id":"https:\/\/fundaciomiquelvalls.org\/es\/musica-per-lela-concert-solidari-de-sober-i-vuelo-505-a-luz-de-gas\/"},"wordCount":308,"image":{"@id":"https:\/\/fundaciomiquelvalls.org\/es\/musica-per-lela-concert-solidari-de-sober-i-vuelo-505-a-luz-de-gas\/#primaryimage"},"thumbnailUrl":"https:\/\/fundaciomiquelvalls.org\/wp-content\/uploads\/2024\/07\/poster_horizontal_NOQR_CAST-scaled.jpg","keywords":["ELA","Fundaci\u00f3 Catalana d&#039;ELA Miquel Valls"],"articleSection":["Actualitat","Iniciatives solid\u00e0ries"],"inLanguage":"es"},{"@type":"WebPage","@id":"https:\/\/fundaciomiquelvalls.org\/es\/musica-per-lela-concert-solidari-de-sober-i-vuelo-505-a-luz-de-gas\/","url":"https:\/\/fundaciomiquelvalls.org\/es\/musica-per-lela-concert-solidari-de-sober-i-vuelo-505-a-luz-de-gas\/","name":"\u00a0\u201cM\u00fasica por la ELA\u201d concierto solidario de S\u00f4ber y Vuelo 505 en Luz de Gas - Fundaci\u00f3 Catalana d&#039;ELA Miquel Valls","isPartOf":{"@id":"https:\/\/fundaciomiquelvalls.org\/#website"},"primaryImageOfPage":{"@id":"https:\/\/fundaciomiquelvalls.org\/es\/musica-per-lela-concert-solidari-de-sober-i-vuelo-505-a-luz-de-gas\/#primaryimage"},"image":{"@id":"https:\/\/fundaciomiquelvalls.org\/es\/musica-per-lela-concert-solidari-de-sober-i-vuelo-505-a-luz-de-gas\/#primaryimage"},"thumbnailUrl":"https:\/\/fundaciomiquelvalls.org\/wp-content\/uploads\/2024\/07\/poster_horizontal_NOQR_CAST-scaled.jpg","datePublished":"2024-06-14T08:47:03+00:00","dateModified":"2024-07-15T09:05:09+00:00","author":{"@id":"https:\/\/fundaciomiquelvalls.org\/#\/schema\/person\/49e4b390c29b931f8b4213fbd9276ea3"},"description":"El mi\u00e9rcoles 16 de octubre, en la Sala Luz de Gas de Barcelona, tendr\u00e1 lugar el concierto solidario para ayudar a las personas afectadas de ELA \"M\u00fasica por la ELA\" en el que actuaran los grupos S\u00d4BER y Vuelo 505.","breadcrumb":{"@id":"https:\/\/fundaciomiquelvalls.org\/es\/musica-per-lela-concert-solidari-de-sober-i-vuelo-505-a-luz-de-gas\/#breadcrumb"},"inLanguage":"es","potentialAction":[{"@type":"ReadAction","target":["https:\/\/fundaciomiquelvalls.org\/es\/musica-per-lela-concert-solidari-de-sober-i-vuelo-505-a-luz-de-gas\/"]}]},{"@type":"ImageObject","inLanguage":"es","@id":"https:\/\/fundaciomiquelvalls.org\/es\/musica-per-lela-concert-solidari-de-sober-i-vuelo-505-a-luz-de-gas\/#primaryimage","url":"https:\/\/fundaciomiquelvalls.org\/wp-content\/uploads\/2024\/07\/poster_horizontal_NOQR_CAST-scaled.jpg","contentUrl":"https:\/\/fundaciomiquelvalls.org\/wp-content\/uploads\/2024\/07\/poster_horizontal_NOQR_CAST-scaled.jpg","width":2560,"height":1656},{"@type":"BreadcrumbList","@id":"https:\/\/fundaciomiquelvalls.org\/es\/musica-per-lela-concert-solidari-de-sober-i-vuelo-505-a-luz-de-gas\/#breadcrumb","itemListElement":[{"@type":"ListItem","position":1,"name":"Portada","item":"https:\/\/fundaciomiquelvalls.org\/es\/"},{"@type":"ListItem","position":2,"name":"\u00a0\u201cM\u00fasica por la ELA\u201d concierto solidario de S\u00f4ber y Vuelo 505 en Luz de Gas"}]},{"@type":"WebSite","@id":"https:\/\/fundaciomiquelvalls.org\/#website","url":"https:\/\/fundaciomiquelvalls.org\/","name":"Fundaci\u00f3 Catalana d&#039;ELA Miquel Valls","description":"Treballem per millorar la qualitat de vida de les persones afectades d&#039;ELA i Malaltia de Motoneurona","potentialAction":[{"@type":"SearchAction","target":{"@type":"EntryPoint","urlTemplate":"https:\/\/fundaciomiquelvalls.org\/?s={search_term_string}"},"query-input":{"@type":"PropertyValueSpecification","valueRequired":true,"valueName":"search_term_string"}}],"inLanguage":"es"},{"@type":"Person","@id":"https:\/\/fundaciomiquelvalls.org\/#\/schema\/person\/49e4b390c29b931f8b4213fbd9276ea3","name":"Fundaci\u00f3 Catalana d'ELA Miquel Valls","sameAs":["https:\/\/fundaciomiquelvalls.org"],"url":"https:\/\/fundaciomiquelvalls.org\/es\/author\/alojapro_dev\/"}]}},"_links":{"self":[{"href":"https:\/\/fundaciomiquelvalls.org\/es\/wp-json\/wp\/v2\/posts\/7436","targetHints":{"allow":["GET"]}}],"collection":[{"href":"https:\/\/fundaciomiquelvalls.org\/es\/wp-json\/wp\/v2\/posts"}],"about":[{"href":"https:\/\/fundaciomiquelvalls.org\/es\/wp-json\/wp\/v2\/types\/post"}],"author":[{"embeddable":true,"href":"https:\/\/fundaciomiquelvalls.org\/es\/wp-json\/wp\/v2\/users\/1"}],"replies":[{"embeddable":true,"href":"https:\/\/fundaciomiquelvalls.org\/es\/wp-json\/wp\/v2\/comments?post=7436"}],"version-history":[{"count":1,"href":"https:\/\/fundaciomiquelvalls.org\/es\/wp-json\/wp\/v2\/posts\/7436\/revisions"}],"predecessor-version":[{"id":7438,"href":"https:\/\/fundaciomiquelvalls.org\/es\/wp-json\/wp\/v2\/posts\/7436\/revisions\/7438"}],"wp:featuredmedia":[{"embeddable":true,"href":"https:\/\/fundaciomiquelvalls.org\/es\/wp-json\/wp\/v2\/media\/7434"}],"wp:attachment":[{"href":"https:\/\/fundaciomiquelvalls.org\/es\/wp-json\/wp\/v2\/media?parent=7436"}],"wp:term":[{"taxonomy":"category","embeddable":true,"href":"https:\/\/fundaciomiquelvalls.org\/es\/wp-json\/wp\/v2\/categories?post=7436"},{"taxonomy":"post_tag","embeddable":true,"href":"https:\/\/fundaciomiquelvalls.org\/es\/wp-json\/wp\/v2\/tags?post=7436"}],"curies":[{"name":"wp","href":"https:\/\/api.w.org\/{rel}","templated":true}]}}