{"id":7292,"date":"2024-06-17T12:22:16","date_gmt":"2024-06-17T12:22:16","guid":{"rendered":"https:\/\/fundaciomiquelvalls.org\/jornada-sobre-ela-a-vall-dhebron\/"},"modified":"2024-07-15T08:38:43","modified_gmt":"2024-07-15T08:38:43","slug":"jornada-sobre-ela-a-vall-dhebron","status":"publish","type":"post","link":"https:\/\/fundaciomiquelvalls.org\/es\/jornada-sobre-ela-a-vall-dhebron\/","title":{"rendered":"Jornada sobre ELA en el Hospital Universitari Vall d&#8217;Hebron en el D\u00eda Mundial de la enfermedad, el 21 de junio"},"content":{"rendered":"\n<p>El proper divendres 21 de juny, amb motiu del Dia Mundial de l\u2019ELA, la Unitat Multidisciplin\u00e0ria d\u2019ELA de l\u2019Hospital Universitari Vall d\u2019Hebron organitza una jornada dirigida a les persones afectades, els seus familiars, amics i cuidadors.<\/p>\n\n<p>L\u2019acte tindr\u00e0 lloc durant el mat\u00ed, a partir de les 10h a la Sala d\u2019Actes de l\u2019edifici General de l\u2019Hospital Vall d\u2019Hebron, \u00a010a planta (acc\u00e9s per la porta principal).<\/p>\n\n<p>Us adjuntem l&#8217;enlla\u00e7 amb el programa de la jornada: <a href=\"https:\/\/www.vallhebron.com\/actualitat\/agenda\/jornada-dia-mundial-de-lela\"><strong>https:\/\/www.vallhebron.com\/actualitat\/agenda\/jornada-dia-mundial-de-lela<\/strong><\/a><\/p>\n\n<p>Si esteu interessats en participar-hi, \u00e9s necess\u00e0ria inscripci\u00f3 pr\u00e8via aqu\u00ed: <strong><a href=\"https:\/\/secure-web.cisco.com\/1ysT8cGPBAA-aSFGmrou9QJScHlD0BBFy8t2eTcuw1MVdjEQ-d0VTrgGgshV_JUi4h2FYooKD_bY0Z5zqWpTxRzlaigPHgyECkNeEhcuaK1oJTnFoJuqh3JapenTWwMPrDLee3hWTVhPnzfnRpzYsC3RmYjMQxXhtyslQnllGUqX9yRvXvE5jnX4iIoCehSessm12G6YEJ8QxbHweRD_qJQi_h50K9eGj3FjgroMrw7M1Np_Ge9iwpSvATAvDT7GpdGlo01Kl6TH7ANhSTcmQDrJHsStNaRI-erJOTvZxJKNV3qZ_6PmyNgefxB6HceUuveZyYd0QRswRb0E9X93vcyq91e5qhYMjEwiYgTaYhAcS6kCPwc8HfxoOcKZAnpchKhqT9n6E9BiDHE3D2OXihwiiNH3IPomZyRRQHlPyAfPV88m7yHS19mmhaCEzMv5bJz0VIP7h88ZOHOIBCfldIEInWOWuKJTZEd17kTk0cbAr6g4Uf3nht2aixysjqNNjtFwXkl2VGy9S0LqWELDJWA\/https%3A%2F%2Fvalldhebron.typeform.com%2Fto%2FX1LwNBQE\" target=\"_blank\" rel=\"noreferrer noopener\">https:\/\/valldhebron.typeform.com\/to\/X1LwNBQE<\/a>.<\/strong><\/p>\n\n<p>I en cas de no poder assistir-hi, us podreu connectar telem\u00e0ticament via aquest enlla\u00e7 de zoom:\u00a0<a href=\"https:\/\/gencat.zoom.us\/j\/92048856831\" target=\"_blank\" rel=\"noreferrer noopener\"><strong>https:\/\/gencat.zoom.us\/j\/92048856831<\/strong><\/a><\/p>\n\n<p>Us hi esperem!<\/p>\n","protected":false},"excerpt":{"rendered":"<p>El 21 de junio, con motivo del D\u00eda Mundial de la ELA, la Unidad Multidisciplinaria de ELA del Hospital Universitario Vall d&#8217;Hebron organiza una jornada dirigida a las personas afectadas, sus familiares, amigos y cuidadores.<\/p>\n","protected":false},"author":1,"featured_media":7290,"comment_status":"closed","ping_status":"closed","sticky":false,"template":"","format":"standard","meta":{"footnotes":""},"categories":[90,257],"tags":[91,122],"class_list":["post-7292","post","type-post","status-publish","format-standard","has-post-thumbnail","hentry","category-actualitat-es","category-jornades-es","tag-ela-es","tag-fundacio-catalana-dela-miquel-valls-es"],"yoast_head":"<!-- This site is optimized with the Yoast SEO plugin v26.9 - https:\/\/yoast.com\/product\/yoast-seo-wordpress\/ -->\n<title>Jornada sobre ELA en el Hospital Universitari Vall d&#039;Hebron en el D\u00eda Mundial de la enfermedad, el 21 de junio - Fundaci\u00f3 Catalana d&#039;ELA Miquel Valls<\/title>\n<meta name=\"description\" content=\"El 21 de junio, con motivo del D\u00eda Mundial de la ELA, la Unidad Multidisciplinaria de ELA del Hospital Universitario Vall d&#039;Hebron organiza una jornada dirigida a las personas afectadas, sus familiares, amigos y cuidadores.\" \/>\n<meta name=\"robots\" content=\"index, follow, max-snippet:-1, max-image-preview:large, max-video-preview:-1\" \/>\n<link rel=\"canonical\" href=\"https:\/\/fundaciomiquelvalls.org\/es\/jornada-sobre-ela-a-vall-dhebron\/\" \/>\n<meta property=\"og:locale\" content=\"es_ES\" \/>\n<meta property=\"og:type\" content=\"article\" \/>\n<meta property=\"og:title\" content=\"Jornada sobre ELA en el Hospital Universitari Vall d&#039;Hebron en el D\u00eda Mundial de la enfermedad, el 21 de junio\" \/>\n<meta property=\"og:description\" content=\"El 21 de junio, con motivo del D\u00eda Mundial de la ELA, la Unidad Multidisciplinaria de ELA del Hospital Universitario Vall d&#039;Hebron organiza una jornada dirigida a las personas afectadas, sus familiares, amigos y cuidadores.\" \/>\n<meta property=\"og:url\" content=\"https:\/\/fundaciomiquelvalls.org\/es\/jornada-sobre-ela-a-vall-dhebron\/\" \/>\n<meta property=\"og:site_name\" content=\"Fundaci\u00f3 Catalana d&#039;ELA Miquel Valls\" \/>\n<meta property=\"article:published_time\" content=\"2024-06-17T12:22:16+00:00\" \/>\n<meta property=\"article:modified_time\" content=\"2024-07-15T08:38:43+00:00\" \/>\n<meta property=\"og:image\" content=\"https:\/\/fundaciomiquelvalls.org\/wp-content\/uploads\/2024\/06\/Jornada-ELA-Vall-Hebron-2024-banner.jpg\" \/>\n\t<meta property=\"og:image:width\" content=\"1250\" \/>\n\t<meta property=\"og:image:height\" content=\"703\" \/>\n\t<meta property=\"og:image:type\" content=\"image\/jpeg\" \/>\n<meta name=\"author\" content=\"Fundaci\u00f3 Catalana d&#039;ELA Miquel Valls\" \/>\n<meta name=\"twitter:card\" content=\"summary_large_image\" \/>\n<meta name=\"twitter:title\" content=\"Jornada sobre ELA en el Hospital Universitari Vall d&#039;Hebron en el D\u00eda Mundial de la enfermedad, el 21 de junio\" \/>\n<meta name=\"twitter:description\" content=\"El 21 de junio, con motivo del D\u00eda Mundial de la ELA, la Unidad Multidisciplinaria de ELA del Hospital Universitario Vall d&#039;Hebron organiza una jornada dirigida a las personas afectadas, sus familiares, amigos y cuidadores.\" \/>\n<meta name=\"twitter:image\" content=\"https:\/\/fundaciomiquelvalls.org\/wp-content\/uploads\/2024\/06\/Jornada-ELA-Vall-Hebron-2024-banner.jpg\" \/>\n<meta name=\"twitter:label1\" content=\"Escrito por\" \/>\n\t<meta name=\"twitter:data1\" content=\"Fundaci\u00f3 Catalana d&#039;ELA Miquel Valls\" \/>\n\t<meta name=\"twitter:label2\" content=\"Tiempo de lectura\" \/>\n\t<meta name=\"twitter:data2\" content=\"1 minuto\" \/>\n<script type=\"application\/ld+json\" class=\"yoast-schema-graph\">{\"@context\":\"https:\/\/schema.org\",\"@graph\":[{\"@type\":\"Article\",\"@id\":\"https:\/\/fundaciomiquelvalls.org\/es\/jornada-sobre-ela-a-vall-dhebron\/#article\",\"isPartOf\":{\"@id\":\"https:\/\/fundaciomiquelvalls.org\/es\/jornada-sobre-ela-a-vall-dhebron\/\"},\"author\":{\"name\":\"Fundaci\u00f3 Catalana d'ELA Miquel Valls\",\"@id\":\"https:\/\/fundaciomiquelvalls.org\/#\/schema\/person\/49e4b390c29b931f8b4213fbd9276ea3\"},\"headline\":\"Jornada sobre ELA en el Hospital Universitari Vall d&#8217;Hebron en el D\u00eda Mundial de la enfermedad, el 21 de junio\",\"datePublished\":\"2024-06-17T12:22:16+00:00\",\"dateModified\":\"2024-07-15T08:38:43+00:00\",\"mainEntityOfPage\":{\"@id\":\"https:\/\/fundaciomiquelvalls.org\/es\/jornada-sobre-ela-a-vall-dhebron\/\"},\"wordCount\":157,\"image\":{\"@id\":\"https:\/\/fundaciomiquelvalls.org\/es\/jornada-sobre-ela-a-vall-dhebron\/#primaryimage\"},\"thumbnailUrl\":\"https:\/\/fundaciomiquelvalls.org\/wp-content\/uploads\/2024\/06\/Jornada-ELA-Vall-Hebron-2024-banner.jpg\",\"keywords\":[\"ELA\",\"Fundaci\u00f3 Catalana d&#039;ELA Miquel Valls\"],\"articleSection\":[\"Actualitat\",\"Jornades\"],\"inLanguage\":\"es\"},{\"@type\":\"WebPage\",\"@id\":\"https:\/\/fundaciomiquelvalls.org\/es\/jornada-sobre-ela-a-vall-dhebron\/\",\"url\":\"https:\/\/fundaciomiquelvalls.org\/es\/jornada-sobre-ela-a-vall-dhebron\/\",\"name\":\"Jornada sobre ELA en el Hospital Universitari Vall d'Hebron en el D\u00eda Mundial de la enfermedad, el 21 de junio - Fundaci\u00f3 Catalana d&#039;ELA Miquel Valls\",\"isPartOf\":{\"@id\":\"https:\/\/fundaciomiquelvalls.org\/#website\"},\"primaryImageOfPage\":{\"@id\":\"https:\/\/fundaciomiquelvalls.org\/es\/jornada-sobre-ela-a-vall-dhebron\/#primaryimage\"},\"image\":{\"@id\":\"https:\/\/fundaciomiquelvalls.org\/es\/jornada-sobre-ela-a-vall-dhebron\/#primaryimage\"},\"thumbnailUrl\":\"https:\/\/fundaciomiquelvalls.org\/wp-content\/uploads\/2024\/06\/Jornada-ELA-Vall-Hebron-2024-banner.jpg\",\"datePublished\":\"2024-06-17T12:22:16+00:00\",\"dateModified\":\"2024-07-15T08:38:43+00:00\",\"author\":{\"@id\":\"https:\/\/fundaciomiquelvalls.org\/#\/schema\/person\/49e4b390c29b931f8b4213fbd9276ea3\"},\"description\":\"El 21 de junio, con motivo del D\u00eda Mundial de la ELA, la Unidad Multidisciplinaria de ELA del Hospital Universitario Vall d'Hebron organiza una jornada dirigida a las personas afectadas, sus familiares, amigos y cuidadores.\",\"breadcrumb\":{\"@id\":\"https:\/\/fundaciomiquelvalls.org\/es\/jornada-sobre-ela-a-vall-dhebron\/#breadcrumb\"},\"inLanguage\":\"es\",\"potentialAction\":[{\"@type\":\"ReadAction\",\"target\":[\"https:\/\/fundaciomiquelvalls.org\/es\/jornada-sobre-ela-a-vall-dhebron\/\"]}]},{\"@type\":\"ImageObject\",\"inLanguage\":\"es\",\"@id\":\"https:\/\/fundaciomiquelvalls.org\/es\/jornada-sobre-ela-a-vall-dhebron\/#primaryimage\",\"url\":\"https:\/\/fundaciomiquelvalls.org\/wp-content\/uploads\/2024\/06\/Jornada-ELA-Vall-Hebron-2024-banner.jpg\",\"contentUrl\":\"https:\/\/fundaciomiquelvalls.org\/wp-content\/uploads\/2024\/06\/Jornada-ELA-Vall-Hebron-2024-banner.jpg\",\"width\":1250,\"height\":703},{\"@type\":\"BreadcrumbList\",\"@id\":\"https:\/\/fundaciomiquelvalls.org\/es\/jornada-sobre-ela-a-vall-dhebron\/#breadcrumb\",\"itemListElement\":[{\"@type\":\"ListItem\",\"position\":1,\"name\":\"Portada\",\"item\":\"https:\/\/fundaciomiquelvalls.org\/es\/\"},{\"@type\":\"ListItem\",\"position\":2,\"name\":\"Jornada sobre ELA en el Hospital Universitari Vall d&#8217;Hebron en el D\u00eda Mundial de la enfermedad, el 21 de junio\"}]},{\"@type\":\"WebSite\",\"@id\":\"https:\/\/fundaciomiquelvalls.org\/#website\",\"url\":\"https:\/\/fundaciomiquelvalls.org\/\",\"name\":\"Fundaci\u00f3 Catalana d&#039;ELA Miquel Valls\",\"description\":\"Treballem per millorar la qualitat de vida de les persones afectades d&#039;ELA i Malaltia de Motoneurona\",\"potentialAction\":[{\"@type\":\"SearchAction\",\"target\":{\"@type\":\"EntryPoint\",\"urlTemplate\":\"https:\/\/fundaciomiquelvalls.org\/?s={search_term_string}\"},\"query-input\":{\"@type\":\"PropertyValueSpecification\",\"valueRequired\":true,\"valueName\":\"search_term_string\"}}],\"inLanguage\":\"es\"},{\"@type\":\"Person\",\"@id\":\"https:\/\/fundaciomiquelvalls.org\/#\/schema\/person\/49e4b390c29b931f8b4213fbd9276ea3\",\"name\":\"Fundaci\u00f3 Catalana d'ELA Miquel Valls\",\"sameAs\":[\"https:\/\/fundaciomiquelvalls.org\"],\"url\":\"https:\/\/fundaciomiquelvalls.org\/es\/author\/alojapro_dev\/\"}]}<\/script>\n<!-- \/ Yoast SEO plugin. -->","yoast_head_json":{"title":"Jornada sobre ELA en el Hospital Universitari Vall d'Hebron en el D\u00eda Mundial de la enfermedad, el 21 de junio - Fundaci\u00f3 Catalana d&#039;ELA Miquel Valls","description":"El 21 de junio, con motivo del D\u00eda Mundial de la ELA, la Unidad Multidisciplinaria de ELA del Hospital Universitario Vall d'Hebron organiza una jornada dirigida a las personas afectadas, sus familiares, amigos y cuidadores.","robots":{"index":"index","follow":"follow","max-snippet":"max-snippet:-1","max-image-preview":"max-image-preview:large","max-video-preview":"max-video-preview:-1"},"canonical":"https:\/\/fundaciomiquelvalls.org\/es\/jornada-sobre-ela-a-vall-dhebron\/","og_locale":"es_ES","og_type":"article","og_title":"Jornada sobre ELA en el Hospital Universitari Vall d'Hebron en el D\u00eda Mundial de la enfermedad, el 21 de junio","og_description":"El 21 de junio, con motivo del D\u00eda Mundial de la ELA, la Unidad Multidisciplinaria de ELA del Hospital Universitario Vall d'Hebron organiza una jornada dirigida a las personas afectadas, sus familiares, amigos y cuidadores.","og_url":"https:\/\/fundaciomiquelvalls.org\/es\/jornada-sobre-ela-a-vall-dhebron\/","og_site_name":"Fundaci\u00f3 Catalana d&#039;ELA Miquel Valls","article_published_time":"2024-06-17T12:22:16+00:00","article_modified_time":"2024-07-15T08:38:43+00:00","og_image":[{"width":1250,"height":703,"url":"https:\/\/fundaciomiquelvalls.org\/wp-content\/uploads\/2024\/06\/Jornada-ELA-Vall-Hebron-2024-banner.jpg","type":"image\/jpeg"}],"author":"Fundaci\u00f3 Catalana d'ELA Miquel Valls","twitter_card":"summary_large_image","twitter_title":"Jornada sobre ELA en el Hospital Universitari Vall d'Hebron en el D\u00eda Mundial de la enfermedad, el 21 de junio","twitter_description":"El 21 de junio, con motivo del D\u00eda Mundial de la ELA, la Unidad Multidisciplinaria de ELA del Hospital Universitario Vall d'Hebron organiza una jornada dirigida a las personas afectadas, sus familiares, amigos y cuidadores.","twitter_image":"https:\/\/fundaciomiquelvalls.org\/wp-content\/uploads\/2024\/06\/Jornada-ELA-Vall-Hebron-2024-banner.jpg","twitter_misc":{"Escrito por":"Fundaci\u00f3 Catalana d'ELA Miquel Valls","Tiempo de lectura":"1 minuto"},"schema":{"@context":"https:\/\/schema.org","@graph":[{"@type":"Article","@id":"https:\/\/fundaciomiquelvalls.org\/es\/jornada-sobre-ela-a-vall-dhebron\/#article","isPartOf":{"@id":"https:\/\/fundaciomiquelvalls.org\/es\/jornada-sobre-ela-a-vall-dhebron\/"},"author":{"name":"Fundaci\u00f3 Catalana d'ELA Miquel Valls","@id":"https:\/\/fundaciomiquelvalls.org\/#\/schema\/person\/49e4b390c29b931f8b4213fbd9276ea3"},"headline":"Jornada sobre ELA en el Hospital Universitari Vall d&#8217;Hebron en el D\u00eda Mundial de la enfermedad, el 21 de junio","datePublished":"2024-06-17T12:22:16+00:00","dateModified":"2024-07-15T08:38:43+00:00","mainEntityOfPage":{"@id":"https:\/\/fundaciomiquelvalls.org\/es\/jornada-sobre-ela-a-vall-dhebron\/"},"wordCount":157,"image":{"@id":"https:\/\/fundaciomiquelvalls.org\/es\/jornada-sobre-ela-a-vall-dhebron\/#primaryimage"},"thumbnailUrl":"https:\/\/fundaciomiquelvalls.org\/wp-content\/uploads\/2024\/06\/Jornada-ELA-Vall-Hebron-2024-banner.jpg","keywords":["ELA","Fundaci\u00f3 Catalana d&#039;ELA Miquel Valls"],"articleSection":["Actualitat","Jornades"],"inLanguage":"es"},{"@type":"WebPage","@id":"https:\/\/fundaciomiquelvalls.org\/es\/jornada-sobre-ela-a-vall-dhebron\/","url":"https:\/\/fundaciomiquelvalls.org\/es\/jornada-sobre-ela-a-vall-dhebron\/","name":"Jornada sobre ELA en el Hospital Universitari Vall d'Hebron en el D\u00eda Mundial de la enfermedad, el 21 de junio - Fundaci\u00f3 Catalana d&#039;ELA Miquel Valls","isPartOf":{"@id":"https:\/\/fundaciomiquelvalls.org\/#website"},"primaryImageOfPage":{"@id":"https:\/\/fundaciomiquelvalls.org\/es\/jornada-sobre-ela-a-vall-dhebron\/#primaryimage"},"image":{"@id":"https:\/\/fundaciomiquelvalls.org\/es\/jornada-sobre-ela-a-vall-dhebron\/#primaryimage"},"thumbnailUrl":"https:\/\/fundaciomiquelvalls.org\/wp-content\/uploads\/2024\/06\/Jornada-ELA-Vall-Hebron-2024-banner.jpg","datePublished":"2024-06-17T12:22:16+00:00","dateModified":"2024-07-15T08:38:43+00:00","author":{"@id":"https:\/\/fundaciomiquelvalls.org\/#\/schema\/person\/49e4b390c29b931f8b4213fbd9276ea3"},"description":"El 21 de junio, con motivo del D\u00eda Mundial de la ELA, la Unidad Multidisciplinaria de ELA del Hospital Universitario Vall d'Hebron organiza una jornada dirigida a las personas afectadas, sus familiares, amigos y cuidadores.","breadcrumb":{"@id":"https:\/\/fundaciomiquelvalls.org\/es\/jornada-sobre-ela-a-vall-dhebron\/#breadcrumb"},"inLanguage":"es","potentialAction":[{"@type":"ReadAction","target":["https:\/\/fundaciomiquelvalls.org\/es\/jornada-sobre-ela-a-vall-dhebron\/"]}]},{"@type":"ImageObject","inLanguage":"es","@id":"https:\/\/fundaciomiquelvalls.org\/es\/jornada-sobre-ela-a-vall-dhebron\/#primaryimage","url":"https:\/\/fundaciomiquelvalls.org\/wp-content\/uploads\/2024\/06\/Jornada-ELA-Vall-Hebron-2024-banner.jpg","contentUrl":"https:\/\/fundaciomiquelvalls.org\/wp-content\/uploads\/2024\/06\/Jornada-ELA-Vall-Hebron-2024-banner.jpg","width":1250,"height":703},{"@type":"BreadcrumbList","@id":"https:\/\/fundaciomiquelvalls.org\/es\/jornada-sobre-ela-a-vall-dhebron\/#breadcrumb","itemListElement":[{"@type":"ListItem","position":1,"name":"Portada","item":"https:\/\/fundaciomiquelvalls.org\/es\/"},{"@type":"ListItem","position":2,"name":"Jornada sobre ELA en el Hospital Universitari Vall d&#8217;Hebron en el D\u00eda Mundial de la enfermedad, el 21 de junio"}]},{"@type":"WebSite","@id":"https:\/\/fundaciomiquelvalls.org\/#website","url":"https:\/\/fundaciomiquelvalls.org\/","name":"Fundaci\u00f3 Catalana d&#039;ELA Miquel Valls","description":"Treballem per millorar la qualitat de vida de les persones afectades d&#039;ELA i Malaltia de Motoneurona","potentialAction":[{"@type":"SearchAction","target":{"@type":"EntryPoint","urlTemplate":"https:\/\/fundaciomiquelvalls.org\/?s={search_term_string}"},"query-input":{"@type":"PropertyValueSpecification","valueRequired":true,"valueName":"search_term_string"}}],"inLanguage":"es"},{"@type":"Person","@id":"https:\/\/fundaciomiquelvalls.org\/#\/schema\/person\/49e4b390c29b931f8b4213fbd9276ea3","name":"Fundaci\u00f3 Catalana d'ELA Miquel Valls","sameAs":["https:\/\/fundaciomiquelvalls.org"],"url":"https:\/\/fundaciomiquelvalls.org\/es\/author\/alojapro_dev\/"}]}},"_links":{"self":[{"href":"https:\/\/fundaciomiquelvalls.org\/es\/wp-json\/wp\/v2\/posts\/7292","targetHints":{"allow":["GET"]}}],"collection":[{"href":"https:\/\/fundaciomiquelvalls.org\/es\/wp-json\/wp\/v2\/posts"}],"about":[{"href":"https:\/\/fundaciomiquelvalls.org\/es\/wp-json\/wp\/v2\/types\/post"}],"author":[{"embeddable":true,"href":"https:\/\/fundaciomiquelvalls.org\/es\/wp-json\/wp\/v2\/users\/1"}],"replies":[{"embeddable":true,"href":"https:\/\/fundaciomiquelvalls.org\/es\/wp-json\/wp\/v2\/comments?post=7292"}],"version-history":[{"count":4,"href":"https:\/\/fundaciomiquelvalls.org\/es\/wp-json\/wp\/v2\/posts\/7292\/revisions"}],"predecessor-version":[{"id":7426,"href":"https:\/\/fundaciomiquelvalls.org\/es\/wp-json\/wp\/v2\/posts\/7292\/revisions\/7426"}],"wp:featuredmedia":[{"embeddable":true,"href":"https:\/\/fundaciomiquelvalls.org\/es\/wp-json\/wp\/v2\/media\/7290"}],"wp:attachment":[{"href":"https:\/\/fundaciomiquelvalls.org\/es\/wp-json\/wp\/v2\/media?parent=7292"}],"wp:term":[{"taxonomy":"category","embeddable":true,"href":"https:\/\/fundaciomiquelvalls.org\/es\/wp-json\/wp\/v2\/categories?post=7292"},{"taxonomy":"post_tag","embeddable":true,"href":"https:\/\/fundaciomiquelvalls.org\/es\/wp-json\/wp\/v2\/tags?post=7292"}],"curies":[{"name":"wp","href":"https:\/\/api.w.org\/{rel}","templated":true}]}}