{"id":7178,"date":"2024-05-24T12:11:14","date_gmt":"2024-05-24T12:11:14","guid":{"rendered":"https:\/\/fundaciomiquelvalls.org\/judit-neddermann-estrenara-avui-es-el-millor-dia-una-canco-per-ajudar-a-les-persones-afectades-dela\/"},"modified":"2024-06-12T12:25:46","modified_gmt":"2024-06-12T12:25:46","slug":"judit-neddermann-estrenara-avui-es-el-millor-dia-una-cancion-para-ayudar-a-las-personas-afectadas-de-ela","status":"publish","type":"post","link":"https:\/\/fundaciomiquelvalls.org\/es\/judit-neddermann-estrenara-avui-es-el-millor-dia-una-cancion-para-ayudar-a-las-personas-afectadas-de-ela\/","title":{"rendered":"Judit Neddermann estrenar\u00e1 \u201cAvui \u00e9s el millor dia\u201d, una canci\u00f3n para ayudar a las personas afectadas de ELA"},"content":{"rendered":"\n<p>La cantante Judit Neddermann estrenar\u00e1 el viernes 7 de junio la canci\u00f3n \u00abAVUI \u00c9S EL MILLOR DIA\u00bb, que interpreta junto al grupo de Gospel The Beating Souls. Los beneficios que se recauden ser\u00e1n destinados a la ayuda de las personas afectadas de ELA y sus familias a trav\u00e9s de los proyectos de la Fundaci\u00f3 Catalana d\u2019ELA Miquel Valls.<\/p>\n\n\n\n<p>Para inspirarse, Neddermann fue a conocer Ildefons Oliveras, Ilde, afectado de ELA desde 2020. Ilde y su familia tienen por lema \u201cAvui \u00e9s el millor dia\u201d, que significa Hoy es el mejor d\u00eda, para ellos esta frase transmite la importancia de vivir el presente porque nunca sabes qu\u00e9 te puede pasar ma\u00f1ana. Y por este motivo, Judit ha cogido este lema como frase principal y t\u00edtulo de la canci\u00f3n.<\/p>\n\n\n\n<p>\u201cMe sent\u00ed muy animada, pens\u00e9 que quer\u00eda componer un tema nuevo y quer\u00eda hacerlo con conocimiento de causa\u201d, explica la cantautora.<\/p>\n\n\n\n<p>A partir del viernes 7 de junio se podr\u00e1 escuchar la canci\u00f3n en todas las plataformas y ver el videoclip en el <a href=\"https:\/\/www.youtube.com\/user\/FUNDMIQUELVALLS\">canal de youtube de la Fundaci\u00f3 Catalana d\u2019ELA Miquel Valls.<\/a><\/p>\n\n\n\n<p>Pod\u00e9is hacer el presave y  el viernes ser los primeros en escuchar la canci\u00f3n aqu\u00ed:<\/p>\n\n\n<div class=\"wp-block-image\">\n<figure class=\"aligncenter size-full is-resized\"><a href=\"https:\/\/musicaglobal.lnk.to\/avui-es-el-millor\"><img loading=\"lazy\" decoding=\"async\" width=\"894\" height=\"923\" src=\"https:\/\/fundaciomiquelvalls.org\/wp-content\/uploads\/2024\/06\/miniatura-presave_avui-es-el-millor-dia.png\" alt=\"\" class=\"wp-image-7168\" style=\"width:320px;height:auto\" srcset=\"https:\/\/fundaciomiquelvalls.org\/wp-content\/uploads\/2024\/06\/miniatura-presave_avui-es-el-millor-dia.png 894w, https:\/\/fundaciomiquelvalls.org\/wp-content\/uploads\/2024\/06\/miniatura-presave_avui-es-el-millor-dia-291x300.png 291w, https:\/\/fundaciomiquelvalls.org\/wp-content\/uploads\/2024\/06\/miniatura-presave_avui-es-el-millor-dia-768x793.png 768w\"  sizes=\"(max-width: 894px) 100vw, 894px\" \/><\/a><\/figure>\n<\/div>\n\n\n<div style=\"height:21px\" aria-hidden=\"true\" class=\"wp-block-spacer\"><\/div>\n\n\n\n<div class=\"wp-block-buttons is-content-justification-center is-layout-flex wp-container-core-buttons-is-layout-16018d1d wp-block-buttons-is-layout-flex\">\n<div class=\"wp-block-button\"><a class=\"wp-block-button__link has-background has-text-align-center wp-element-button\" href=\"https:\/\/musicaglobal.lnk.to\/avui-es-el-millor\" style=\"background-color:#bad735\"><strong>Presave \u00abAvui \u00e9s el millor dia\u00bb<\/strong><\/a><\/div>\n<\/div>\n\n\n\n<div style=\"height:21px\" aria-hidden=\"true\" class=\"wp-block-spacer\"><\/div>\n\n\n\n<p>Tambi\u00e9n os dejamos con un fragmento del programa Via Lliure de Rac1 en que Judit Neddermann explica este proyecto tan solidario:<\/p>\n\n\n<div class=\"wp-block-image\">\n<figure class=\"aligncenter size-full is-resized\"><a href=\"https:\/\/www.rac1.cat\/via-lliure\/20240601\/174566\/aixi-sona-canco-judit-neddermann-fet-lluitar-ela.html\"><img loading=\"lazy\" decoding=\"async\" width=\"506\" height=\"254\" src=\"https:\/\/fundaciomiquelvalls.org\/wp-content\/uploads\/2024\/06\/via-lliure_rac1.png\" alt=\"\" class=\"wp-image-7170\" style=\"width:386px;height:auto\" srcset=\"https:\/\/fundaciomiquelvalls.org\/wp-content\/uploads\/2024\/06\/via-lliure_rac1.png 506w, https:\/\/fundaciomiquelvalls.org\/wp-content\/uploads\/2024\/06\/via-lliure_rac1-300x151.png 300w\"  sizes=\"(max-width: 506px) 100vw, 506px\" \/><\/a><\/figure>\n<\/div>\n\n\n<div style=\"height:21px\" aria-hidden=\"true\" class=\"wp-block-spacer\"><\/div>\n\n\n\n<div class=\"wp-block-buttons is-content-justification-center is-layout-flex wp-container-core-buttons-is-layout-16018d1d wp-block-buttons-is-layout-flex\">\n<div class=\"wp-block-button\"><a class=\"wp-block-button__link has-background wp-element-button\" href=\"https:\/\/www.rac1.cat\/via-lliure\/20240601\/174566\/aixi-sona-canco-judit-neddermann-fet-lluitar-ela.html\" style=\"background-color:#bad735\"><strong>Esc<\/strong>ucha<strong> el programa<\/strong><\/a><\/div>\n<\/div>\n","protected":false},"excerpt":{"rendered":"<p>Judit Neddermann estrena el viernes 7 de junio la canci\u00f3n \u00abAVUI \u00c9S EL MILLOR DIA\u00bb. Las ganancias se destinar\u00e1n a la ayuda de las personas afectadas de ELA y sus familias a trav\u00e9s de los proyectos de la Fundaci\u00f3n Catalana de ELA Miquel Valls.<\/p>\n","protected":false},"author":1,"featured_media":7176,"comment_status":"closed","ping_status":"closed","sticky":false,"template":"","format":"standard","meta":{"footnotes":""},"categories":[90,78],"tags":[91,122,102],"class_list":["post-7178","post","type-post","status-publish","format-standard","has-post-thumbnail","hentry","category-actualitat-es","category-iniciatives-solidaries","tag-ela-es","tag-fundacio-catalana-dela-miquel-valls-es","tag-solidaritat-es"],"yoast_head":"<!-- This site is optimized with the Yoast SEO plugin v26.9 - https:\/\/yoast.com\/product\/yoast-seo-wordpress\/ -->\n<title>Judit Neddermann estrenar\u00e1 \u201cAvui \u00e9s el millor dia\u201d, una canci\u00f3n para ayudar a las personas afectadas de ELA - Fundaci\u00f3 Catalana d&#039;ELA Miquel Valls<\/title>\n<meta name=\"description\" content=\"Judit Neddermann estrena el viernes 7 de junio la canci\u00f3n &quot;AVUI \u00c9S EL MILLOR DIA&quot;. Las ganancias se destinar\u00e1n a la ayuda de las personas afectadas de ELA y sus familias a trav\u00e9s de los proyectos de la Fundaci\u00f3n Catalana de ELA Miquel Valls.\" \/>\n<meta name=\"robots\" content=\"index, follow, max-snippet:-1, max-image-preview:large, max-video-preview:-1\" \/>\n<link rel=\"canonical\" href=\"https:\/\/fundaciomiquelvalls.org\/es\/judit-neddermann-estrenara-avui-es-el-millor-dia-una-cancion-para-ayudar-a-las-personas-afectadas-de-ela\/\" \/>\n<meta property=\"og:locale\" content=\"es_ES\" \/>\n<meta property=\"og:type\" content=\"article\" \/>\n<meta property=\"og:title\" content=\"Judit Neddermann estrenar\u00e1 \u201cAvui \u00e9s el millor dia\u201d, una canci\u00f3n para ayudar a las personas afectadas de ELA\" \/>\n<meta property=\"og:description\" content=\"Judit Neddermann estrena el viernes 7 de junio la canci\u00f3n &quot;AVUI \u00c9S EL MILLOR DIA&quot;. Las ganancias se destinar\u00e1n a la ayuda de las personas afectadas de ELA y sus familias a trav\u00e9s de los proyectos de la Fundaci\u00f3n Catalana de ELA Miquel Valls.\" \/>\n<meta property=\"og:url\" content=\"https:\/\/fundaciomiquelvalls.org\/es\/judit-neddermann-estrenara-avui-es-el-millor-dia-una-cancion-para-ayudar-a-las-personas-afectadas-de-ela\/\" \/>\n<meta property=\"og:site_name\" content=\"Fundaci\u00f3 Catalana d&#039;ELA Miquel Valls\" \/>\n<meta property=\"article:published_time\" content=\"2024-05-24T12:11:14+00:00\" \/>\n<meta property=\"article:modified_time\" content=\"2024-06-12T12:25:46+00:00\" \/>\n<meta property=\"og:image\" content=\"https:\/\/fundaciomiquelvalls.org\/wp-content\/uploads\/2024\/06\/Avui-es-el-millor-dia_xarxes.png\" \/>\n\t<meta property=\"og:image:width\" content=\"940\" \/>\n\t<meta property=\"og:image:height\" content=\"788\" \/>\n\t<meta property=\"og:image:type\" content=\"image\/png\" \/>\n<meta name=\"author\" content=\"Fundaci\u00f3 Catalana d&#039;ELA Miquel Valls\" \/>\n<meta name=\"twitter:card\" content=\"summary_large_image\" \/>\n<meta name=\"twitter:title\" content=\"Judit Neddermann estrenar\u00e1 \u201cAvui \u00e9s el millor dia\u201d, una canci\u00f3n para ayudar a las personas afectadas de ELA\" \/>\n<meta name=\"twitter:description\" content=\"Judit Neddermann estrena el viernes 7 de junio la canci\u00f3n &quot;AVUI \u00c9S EL MILLOR DIA&quot;. Las ganancias se destinar\u00e1n a la ayuda de las personas afectadas de ELA y sus familias a trav\u00e9s de los proyectos de la Fundaci\u00f3n Catalana de ELA Miquel Valls.\" \/>\n<meta name=\"twitter:image\" content=\"https:\/\/fundaciomiquelvalls.org\/wp-content\/uploads\/2024\/06\/Avui-es-el-millor-dia_xarxes.png\" \/>\n<meta name=\"twitter:label1\" content=\"Escrito por\" \/>\n\t<meta name=\"twitter:data1\" content=\"Fundaci\u00f3 Catalana d&#039;ELA Miquel Valls\" \/>\n\t<meta name=\"twitter:label2\" content=\"Tiempo de lectura\" \/>\n\t<meta name=\"twitter:data2\" content=\"2 minutos\" \/>\n<script type=\"application\/ld+json\" class=\"yoast-schema-graph\">{\"@context\":\"https:\/\/schema.org\",\"@graph\":[{\"@type\":\"Article\",\"@id\":\"https:\/\/fundaciomiquelvalls.org\/es\/judit-neddermann-estrenara-avui-es-el-millor-dia-una-cancion-para-ayudar-a-las-personas-afectadas-de-ela\/#article\",\"isPartOf\":{\"@id\":\"https:\/\/fundaciomiquelvalls.org\/es\/judit-neddermann-estrenara-avui-es-el-millor-dia-una-cancion-para-ayudar-a-las-personas-afectadas-de-ela\/\"},\"author\":{\"name\":\"Fundaci\u00f3 Catalana d'ELA Miquel Valls\",\"@id\":\"https:\/\/fundaciomiquelvalls.org\/#\/schema\/person\/49e4b390c29b931f8b4213fbd9276ea3\"},\"headline\":\"Judit Neddermann estrenar\u00e1 \u201cAvui \u00e9s el millor dia\u201d, una canci\u00f3n para ayudar a las personas afectadas de ELA\",\"datePublished\":\"2024-05-24T12:11:14+00:00\",\"dateModified\":\"2024-06-12T12:25:46+00:00\",\"mainEntityOfPage\":{\"@id\":\"https:\/\/fundaciomiquelvalls.org\/es\/judit-neddermann-estrenara-avui-es-el-millor-dia-una-cancion-para-ayudar-a-las-personas-afectadas-de-ela\/\"},\"wordCount\":256,\"image\":{\"@id\":\"https:\/\/fundaciomiquelvalls.org\/es\/judit-neddermann-estrenara-avui-es-el-millor-dia-una-cancion-para-ayudar-a-las-personas-afectadas-de-ela\/#primaryimage\"},\"thumbnailUrl\":\"https:\/\/fundaciomiquelvalls.org\/wp-content\/uploads\/2024\/06\/Avui-es-el-millor-dia_xarxes.png\",\"keywords\":[\"ELA\",\"Fundaci\u00f3 Catalana d&#039;ELA Miquel Valls\",\"solidaritat\"],\"articleSection\":[\"Actualitat\",\"Iniciatives solid\u00e0ries\"],\"inLanguage\":\"es\"},{\"@type\":\"WebPage\",\"@id\":\"https:\/\/fundaciomiquelvalls.org\/es\/judit-neddermann-estrenara-avui-es-el-millor-dia-una-cancion-para-ayudar-a-las-personas-afectadas-de-ela\/\",\"url\":\"https:\/\/fundaciomiquelvalls.org\/es\/judit-neddermann-estrenara-avui-es-el-millor-dia-una-cancion-para-ayudar-a-las-personas-afectadas-de-ela\/\",\"name\":\"Judit Neddermann estrenar\u00e1 \u201cAvui \u00e9s el millor dia\u201d, una canci\u00f3n para ayudar a las personas afectadas de ELA - Fundaci\u00f3 Catalana d&#039;ELA Miquel Valls\",\"isPartOf\":{\"@id\":\"https:\/\/fundaciomiquelvalls.org\/#website\"},\"primaryImageOfPage\":{\"@id\":\"https:\/\/fundaciomiquelvalls.org\/es\/judit-neddermann-estrenara-avui-es-el-millor-dia-una-cancion-para-ayudar-a-las-personas-afectadas-de-ela\/#primaryimage\"},\"image\":{\"@id\":\"https:\/\/fundaciomiquelvalls.org\/es\/judit-neddermann-estrenara-avui-es-el-millor-dia-una-cancion-para-ayudar-a-las-personas-afectadas-de-ela\/#primaryimage\"},\"thumbnailUrl\":\"https:\/\/fundaciomiquelvalls.org\/wp-content\/uploads\/2024\/06\/Avui-es-el-millor-dia_xarxes.png\",\"datePublished\":\"2024-05-24T12:11:14+00:00\",\"dateModified\":\"2024-06-12T12:25:46+00:00\",\"author\":{\"@id\":\"https:\/\/fundaciomiquelvalls.org\/#\/schema\/person\/49e4b390c29b931f8b4213fbd9276ea3\"},\"description\":\"Judit Neddermann estrena el viernes 7 de junio la canci\u00f3n \\\"AVUI \u00c9S EL MILLOR DIA\\\". Las ganancias se destinar\u00e1n a la ayuda de las personas afectadas de ELA y sus familias a trav\u00e9s de los proyectos de la Fundaci\u00f3n Catalana de ELA Miquel Valls.\",\"breadcrumb\":{\"@id\":\"https:\/\/fundaciomiquelvalls.org\/es\/judit-neddermann-estrenara-avui-es-el-millor-dia-una-cancion-para-ayudar-a-las-personas-afectadas-de-ela\/#breadcrumb\"},\"inLanguage\":\"es\",\"potentialAction\":[{\"@type\":\"ReadAction\",\"target\":[\"https:\/\/fundaciomiquelvalls.org\/es\/judit-neddermann-estrenara-avui-es-el-millor-dia-una-cancion-para-ayudar-a-las-personas-afectadas-de-ela\/\"]}]},{\"@type\":\"ImageObject\",\"inLanguage\":\"es\",\"@id\":\"https:\/\/fundaciomiquelvalls.org\/es\/judit-neddermann-estrenara-avui-es-el-millor-dia-una-cancion-para-ayudar-a-las-personas-afectadas-de-ela\/#primaryimage\",\"url\":\"https:\/\/fundaciomiquelvalls.org\/wp-content\/uploads\/2024\/06\/Avui-es-el-millor-dia_xarxes.png\",\"contentUrl\":\"https:\/\/fundaciomiquelvalls.org\/wp-content\/uploads\/2024\/06\/Avui-es-el-millor-dia_xarxes.png\",\"width\":940,\"height\":788},{\"@type\":\"BreadcrumbList\",\"@id\":\"https:\/\/fundaciomiquelvalls.org\/es\/judit-neddermann-estrenara-avui-es-el-millor-dia-una-cancion-para-ayudar-a-las-personas-afectadas-de-ela\/#breadcrumb\",\"itemListElement\":[{\"@type\":\"ListItem\",\"position\":1,\"name\":\"Portada\",\"item\":\"https:\/\/fundaciomiquelvalls.org\/es\/\"},{\"@type\":\"ListItem\",\"position\":2,\"name\":\"Judit Neddermann estrenar\u00e1 \u201cAvui \u00e9s el millor dia\u201d, una canci\u00f3n para ayudar a las personas afectadas de ELA\"}]},{\"@type\":\"WebSite\",\"@id\":\"https:\/\/fundaciomiquelvalls.org\/#website\",\"url\":\"https:\/\/fundaciomiquelvalls.org\/\",\"name\":\"Fundaci\u00f3 Catalana d&#039;ELA Miquel Valls\",\"description\":\"Treballem per millorar la qualitat de vida de les persones afectades d&#039;ELA i Malaltia de Motoneurona\",\"potentialAction\":[{\"@type\":\"SearchAction\",\"target\":{\"@type\":\"EntryPoint\",\"urlTemplate\":\"https:\/\/fundaciomiquelvalls.org\/?s={search_term_string}\"},\"query-input\":{\"@type\":\"PropertyValueSpecification\",\"valueRequired\":true,\"valueName\":\"search_term_string\"}}],\"inLanguage\":\"es\"},{\"@type\":\"Person\",\"@id\":\"https:\/\/fundaciomiquelvalls.org\/#\/schema\/person\/49e4b390c29b931f8b4213fbd9276ea3\",\"name\":\"Fundaci\u00f3 Catalana d'ELA Miquel Valls\",\"sameAs\":[\"https:\/\/fundaciomiquelvalls.org\"],\"url\":\"https:\/\/fundaciomiquelvalls.org\/es\/author\/alojapro_dev\/\"}]}<\/script>\n<!-- \/ Yoast SEO plugin. -->","yoast_head_json":{"title":"Judit Neddermann estrenar\u00e1 \u201cAvui \u00e9s el millor dia\u201d, una canci\u00f3n para ayudar a las personas afectadas de ELA - Fundaci\u00f3 Catalana d&#039;ELA Miquel Valls","description":"Judit Neddermann estrena el viernes 7 de junio la canci\u00f3n \"AVUI \u00c9S EL MILLOR DIA\". Las ganancias se destinar\u00e1n a la ayuda de las personas afectadas de ELA y sus familias a trav\u00e9s de los proyectos de la Fundaci\u00f3n Catalana de ELA Miquel Valls.","robots":{"index":"index","follow":"follow","max-snippet":"max-snippet:-1","max-image-preview":"max-image-preview:large","max-video-preview":"max-video-preview:-1"},"canonical":"https:\/\/fundaciomiquelvalls.org\/es\/judit-neddermann-estrenara-avui-es-el-millor-dia-una-cancion-para-ayudar-a-las-personas-afectadas-de-ela\/","og_locale":"es_ES","og_type":"article","og_title":"Judit Neddermann estrenar\u00e1 \u201cAvui \u00e9s el millor dia\u201d, una canci\u00f3n para ayudar a las personas afectadas de ELA","og_description":"Judit Neddermann estrena el viernes 7 de junio la canci\u00f3n \"AVUI \u00c9S EL MILLOR DIA\". Las ganancias se destinar\u00e1n a la ayuda de las personas afectadas de ELA y sus familias a trav\u00e9s de los proyectos de la Fundaci\u00f3n Catalana de ELA Miquel Valls.","og_url":"https:\/\/fundaciomiquelvalls.org\/es\/judit-neddermann-estrenara-avui-es-el-millor-dia-una-cancion-para-ayudar-a-las-personas-afectadas-de-ela\/","og_site_name":"Fundaci\u00f3 Catalana d&#039;ELA Miquel Valls","article_published_time":"2024-05-24T12:11:14+00:00","article_modified_time":"2024-06-12T12:25:46+00:00","og_image":[{"width":940,"height":788,"url":"https:\/\/fundaciomiquelvalls.org\/wp-content\/uploads\/2024\/06\/Avui-es-el-millor-dia_xarxes.png","type":"image\/png"}],"author":"Fundaci\u00f3 Catalana d'ELA Miquel Valls","twitter_card":"summary_large_image","twitter_title":"Judit Neddermann estrenar\u00e1 \u201cAvui \u00e9s el millor dia\u201d, una canci\u00f3n para ayudar a las personas afectadas de ELA","twitter_description":"Judit Neddermann estrena el viernes 7 de junio la canci\u00f3n \"AVUI \u00c9S EL MILLOR DIA\". Las ganancias se destinar\u00e1n a la ayuda de las personas afectadas de ELA y sus familias a trav\u00e9s de los proyectos de la Fundaci\u00f3n Catalana de ELA Miquel Valls.","twitter_image":"https:\/\/fundaciomiquelvalls.org\/wp-content\/uploads\/2024\/06\/Avui-es-el-millor-dia_xarxes.png","twitter_misc":{"Escrito por":"Fundaci\u00f3 Catalana d'ELA Miquel Valls","Tiempo de lectura":"2 minutos"},"schema":{"@context":"https:\/\/schema.org","@graph":[{"@type":"Article","@id":"https:\/\/fundaciomiquelvalls.org\/es\/judit-neddermann-estrenara-avui-es-el-millor-dia-una-cancion-para-ayudar-a-las-personas-afectadas-de-ela\/#article","isPartOf":{"@id":"https:\/\/fundaciomiquelvalls.org\/es\/judit-neddermann-estrenara-avui-es-el-millor-dia-una-cancion-para-ayudar-a-las-personas-afectadas-de-ela\/"},"author":{"name":"Fundaci\u00f3 Catalana d'ELA Miquel Valls","@id":"https:\/\/fundaciomiquelvalls.org\/#\/schema\/person\/49e4b390c29b931f8b4213fbd9276ea3"},"headline":"Judit Neddermann estrenar\u00e1 \u201cAvui \u00e9s el millor dia\u201d, una canci\u00f3n para ayudar a las personas afectadas de ELA","datePublished":"2024-05-24T12:11:14+00:00","dateModified":"2024-06-12T12:25:46+00:00","mainEntityOfPage":{"@id":"https:\/\/fundaciomiquelvalls.org\/es\/judit-neddermann-estrenara-avui-es-el-millor-dia-una-cancion-para-ayudar-a-las-personas-afectadas-de-ela\/"},"wordCount":256,"image":{"@id":"https:\/\/fundaciomiquelvalls.org\/es\/judit-neddermann-estrenara-avui-es-el-millor-dia-una-cancion-para-ayudar-a-las-personas-afectadas-de-ela\/#primaryimage"},"thumbnailUrl":"https:\/\/fundaciomiquelvalls.org\/wp-content\/uploads\/2024\/06\/Avui-es-el-millor-dia_xarxes.png","keywords":["ELA","Fundaci\u00f3 Catalana d&#039;ELA Miquel Valls","solidaritat"],"articleSection":["Actualitat","Iniciatives solid\u00e0ries"],"inLanguage":"es"},{"@type":"WebPage","@id":"https:\/\/fundaciomiquelvalls.org\/es\/judit-neddermann-estrenara-avui-es-el-millor-dia-una-cancion-para-ayudar-a-las-personas-afectadas-de-ela\/","url":"https:\/\/fundaciomiquelvalls.org\/es\/judit-neddermann-estrenara-avui-es-el-millor-dia-una-cancion-para-ayudar-a-las-personas-afectadas-de-ela\/","name":"Judit Neddermann estrenar\u00e1 \u201cAvui \u00e9s el millor dia\u201d, una canci\u00f3n para ayudar a las personas afectadas de ELA - Fundaci\u00f3 Catalana d&#039;ELA Miquel Valls","isPartOf":{"@id":"https:\/\/fundaciomiquelvalls.org\/#website"},"primaryImageOfPage":{"@id":"https:\/\/fundaciomiquelvalls.org\/es\/judit-neddermann-estrenara-avui-es-el-millor-dia-una-cancion-para-ayudar-a-las-personas-afectadas-de-ela\/#primaryimage"},"image":{"@id":"https:\/\/fundaciomiquelvalls.org\/es\/judit-neddermann-estrenara-avui-es-el-millor-dia-una-cancion-para-ayudar-a-las-personas-afectadas-de-ela\/#primaryimage"},"thumbnailUrl":"https:\/\/fundaciomiquelvalls.org\/wp-content\/uploads\/2024\/06\/Avui-es-el-millor-dia_xarxes.png","datePublished":"2024-05-24T12:11:14+00:00","dateModified":"2024-06-12T12:25:46+00:00","author":{"@id":"https:\/\/fundaciomiquelvalls.org\/#\/schema\/person\/49e4b390c29b931f8b4213fbd9276ea3"},"description":"Judit Neddermann estrena el viernes 7 de junio la canci\u00f3n \"AVUI \u00c9S EL MILLOR DIA\". Las ganancias se destinar\u00e1n a la ayuda de las personas afectadas de ELA y sus familias a trav\u00e9s de los proyectos de la Fundaci\u00f3n Catalana de ELA Miquel Valls.","breadcrumb":{"@id":"https:\/\/fundaciomiquelvalls.org\/es\/judit-neddermann-estrenara-avui-es-el-millor-dia-una-cancion-para-ayudar-a-las-personas-afectadas-de-ela\/#breadcrumb"},"inLanguage":"es","potentialAction":[{"@type":"ReadAction","target":["https:\/\/fundaciomiquelvalls.org\/es\/judit-neddermann-estrenara-avui-es-el-millor-dia-una-cancion-para-ayudar-a-las-personas-afectadas-de-ela\/"]}]},{"@type":"ImageObject","inLanguage":"es","@id":"https:\/\/fundaciomiquelvalls.org\/es\/judit-neddermann-estrenara-avui-es-el-millor-dia-una-cancion-para-ayudar-a-las-personas-afectadas-de-ela\/#primaryimage","url":"https:\/\/fundaciomiquelvalls.org\/wp-content\/uploads\/2024\/06\/Avui-es-el-millor-dia_xarxes.png","contentUrl":"https:\/\/fundaciomiquelvalls.org\/wp-content\/uploads\/2024\/06\/Avui-es-el-millor-dia_xarxes.png","width":940,"height":788},{"@type":"BreadcrumbList","@id":"https:\/\/fundaciomiquelvalls.org\/es\/judit-neddermann-estrenara-avui-es-el-millor-dia-una-cancion-para-ayudar-a-las-personas-afectadas-de-ela\/#breadcrumb","itemListElement":[{"@type":"ListItem","position":1,"name":"Portada","item":"https:\/\/fundaciomiquelvalls.org\/es\/"},{"@type":"ListItem","position":2,"name":"Judit Neddermann estrenar\u00e1 \u201cAvui \u00e9s el millor dia\u201d, una canci\u00f3n para ayudar a las personas afectadas de ELA"}]},{"@type":"WebSite","@id":"https:\/\/fundaciomiquelvalls.org\/#website","url":"https:\/\/fundaciomiquelvalls.org\/","name":"Fundaci\u00f3 Catalana d&#039;ELA Miquel Valls","description":"Treballem per millorar la qualitat de vida de les persones afectades d&#039;ELA i Malaltia de Motoneurona","potentialAction":[{"@type":"SearchAction","target":{"@type":"EntryPoint","urlTemplate":"https:\/\/fundaciomiquelvalls.org\/?s={search_term_string}"},"query-input":{"@type":"PropertyValueSpecification","valueRequired":true,"valueName":"search_term_string"}}],"inLanguage":"es"},{"@type":"Person","@id":"https:\/\/fundaciomiquelvalls.org\/#\/schema\/person\/49e4b390c29b931f8b4213fbd9276ea3","name":"Fundaci\u00f3 Catalana d'ELA Miquel Valls","sameAs":["https:\/\/fundaciomiquelvalls.org"],"url":"https:\/\/fundaciomiquelvalls.org\/es\/author\/alojapro_dev\/"}]}},"_links":{"self":[{"href":"https:\/\/fundaciomiquelvalls.org\/es\/wp-json\/wp\/v2\/posts\/7178","targetHints":{"allow":["GET"]}}],"collection":[{"href":"https:\/\/fundaciomiquelvalls.org\/es\/wp-json\/wp\/v2\/posts"}],"about":[{"href":"https:\/\/fundaciomiquelvalls.org\/es\/wp-json\/wp\/v2\/types\/post"}],"author":[{"embeddable":true,"href":"https:\/\/fundaciomiquelvalls.org\/es\/wp-json\/wp\/v2\/users\/1"}],"replies":[{"embeddable":true,"href":"https:\/\/fundaciomiquelvalls.org\/es\/wp-json\/wp\/v2\/comments?post=7178"}],"version-history":[{"count":5,"href":"https:\/\/fundaciomiquelvalls.org\/es\/wp-json\/wp\/v2\/posts\/7178\/revisions"}],"predecessor-version":[{"id":7215,"href":"https:\/\/fundaciomiquelvalls.org\/es\/wp-json\/wp\/v2\/posts\/7178\/revisions\/7215"}],"wp:featuredmedia":[{"embeddable":true,"href":"https:\/\/fundaciomiquelvalls.org\/es\/wp-json\/wp\/v2\/media\/7176"}],"wp:attachment":[{"href":"https:\/\/fundaciomiquelvalls.org\/es\/wp-json\/wp\/v2\/media?parent=7178"}],"wp:term":[{"taxonomy":"category","embeddable":true,"href":"https:\/\/fundaciomiquelvalls.org\/es\/wp-json\/wp\/v2\/categories?post=7178"},{"taxonomy":"post_tag","embeddable":true,"href":"https:\/\/fundaciomiquelvalls.org\/es\/wp-json\/wp\/v2\/tags?post=7178"}],"curies":[{"name":"wp","href":"https:\/\/api.w.org\/{rel}","templated":true}]}}