{"id":7073,"date":"2024-05-02T11:35:19","date_gmt":"2024-05-02T11:35:19","guid":{"rendered":"https:\/\/fundaciomiquelvalls.org\/productes-de-suport-per-lalimentacio\/"},"modified":"2024-05-02T11:38:53","modified_gmt":"2024-05-02T11:38:53","slug":"productos-de-soporte-para-alimentacion","status":"publish","type":"post","link":"https:\/\/fundaciomiquelvalls.org\/es\/productos-de-soporte-para-alimentacion\/","title":{"rendered":"Productos de Soporte para Alimentaci\u00f3n"},"content":{"rendered":"\n<p>La cocina es una actividad instrumental de la vida diaria que se ve afectada cuando la persona presenta limitaciones en la movilidad bimanual y la fuerza de extremidades superiores, como le puede pasar a personas afectadas de ELA. En este art\u00edculo trataremos c\u00f3mo aliviar la sobrecarga muscular durante las tareas en el \u00e1mbito de la cocina. Desde c\u00f3mo facilitar la preparaci\u00f3n de los alimentos hasta la propia acci\u00f3n de alimentarse.&nbsp;<\/p>\n\n\n\n<p>Para cocinar, podemos encontrar diferentes productos de ayuda que nos permiten procesar los alimentos con mayor facilidad. Por ejemplo, esta tabla de cortar de poliestireno, adecuada para personas con dificultad en el agarre o que s\u00f3lo pueden usar una mano.<\/p>\n\n\n\n<p>Es muy vers\u00e1til ya que permite desde tareas como rallar, cortar, batir y pelar se pueden realizar incluso con manos debilitadas o con la funci\u00f3n de una sola mano. La tabla se mantiene firme sobre sus cuatro patas antideslizantes o las ventosas adjuntas.<\/p>\n\n\n<div class=\"wp-block-image\">\n<figure class=\"aligncenter size-full\"><img loading=\"lazy\" decoding=\"async\" width=\"582\" height=\"322\" src=\"https:\/\/fundaciomiquelvalls.org\/wp-content\/uploads\/2024\/05\/Imatges-article-TO-butlleti-maig-24-1.jpg\" alt=\"\" class=\"wp-image-7050\" srcset=\"https:\/\/fundaciomiquelvalls.org\/wp-content\/uploads\/2024\/05\/Imatges-article-TO-butlleti-maig-24-1.jpg 582w, https:\/\/fundaciomiquelvalls.org\/wp-content\/uploads\/2024\/05\/Imatges-article-TO-butlleti-maig-24-1-300x166.jpg 300w\"  sizes=\"(max-width: 582px) 100vw, 582px\" \/><\/figure>\n<\/div>\n\n\n<p>Existen diferentes tipos de cuchillos con agarre m\u00e1s sencillo y diferentes formas de manipularlos para que nos faciliten cortar cuando resulta complicado agarrar objetos m\u00e1s peque\u00f1os.<\/p>\n\n\n<div class=\"wp-block-image\">\n<figure class=\"aligncenter size-full\"><img loading=\"lazy\" decoding=\"async\" width=\"582\" height=\"179\" src=\"https:\/\/fundaciomiquelvalls.org\/wp-content\/uploads\/2024\/05\/Imatges-article-TO-butlleti-maig-24-2.jpg\" alt=\"\" class=\"wp-image-7052\" srcset=\"https:\/\/fundaciomiquelvalls.org\/wp-content\/uploads\/2024\/05\/Imatges-article-TO-butlleti-maig-24-2.jpg 582w, https:\/\/fundaciomiquelvalls.org\/wp-content\/uploads\/2024\/05\/Imatges-article-TO-butlleti-maig-24-2-300x92.jpg 300w\"  sizes=\"(max-width: 582px) 100vw, 582px\" \/><\/figure>\n<\/div>\n\n\n<p>Por ello, tambi\u00e9n recomendamos engrosar el mango del mismo ya que resulta m\u00e1s sencillo manejar objetos con el mango m\u00e1s grueso. Estos son engrosadores que adem\u00e1s podemos cambiar a diferentes productos, desde tenedores a cepillos de dientes.<\/p>\n\n\n<div class=\"wp-block-image\">\n<figure class=\"aligncenter size-full\"><img loading=\"lazy\" decoding=\"async\" width=\"401\" height=\"244\" src=\"https:\/\/fundaciomiquelvalls.org\/wp-content\/uploads\/2024\/05\/Imatges-article-TO-butlleti-maig-24-3-1.jpg\" alt=\"\" class=\"wp-image-7066\" srcset=\"https:\/\/fundaciomiquelvalls.org\/wp-content\/uploads\/2024\/05\/Imatges-article-TO-butlleti-maig-24-3-1.jpg 401w, https:\/\/fundaciomiquelvalls.org\/wp-content\/uploads\/2024\/05\/Imatges-article-TO-butlleti-maig-24-3-1-300x183.jpg 300w\"  sizes=\"(max-width: 401px) 100vw, 401px\" \/><\/figure>\n<\/div>\n\n\n<p>Si lo que necesitamos es abrir botes o botellas, tambi\u00e9n podemos encontrar dificultad, puesto que muchas veces puede resultar resbaladizo. Existen diferentes ayudas que facilitan su adhesi\u00f3n, aunque sabemos lo complicado que puede ser en algunas ocasiones abrirlos.<\/p>\n\n\n<div class=\"wp-block-image\">\n<figure class=\"aligncenter size-full\"><img loading=\"lazy\" decoding=\"async\" width=\"479\" height=\"186\" src=\"https:\/\/fundaciomiquelvalls.org\/wp-content\/uploads\/2024\/05\/Imatges-article-TO-butlleti-maig-24-4-1.jpg\" alt=\"\" class=\"wp-image-7068\" srcset=\"https:\/\/fundaciomiquelvalls.org\/wp-content\/uploads\/2024\/05\/Imatges-article-TO-butlleti-maig-24-4-1.jpg 479w, https:\/\/fundaciomiquelvalls.org\/wp-content\/uploads\/2024\/05\/Imatges-article-TO-butlleti-maig-24-4-1-300x116.jpg 300w\"  sizes=\"(max-width: 479px) 100vw, 479px\" \/><\/figure>\n<\/div>\n\n\n<p>Aunque a veces, no solo se trata de abrir botes, tambi\u00e9n podemos encontrar dificultad en agarrar diferentes manillas. Existe este producto dise\u00f1ado para facilitar las peque\u00f1as tareas del d\u00eda a d\u00eda, tales como girar los mandos de los electrodom\u00e9sticos o abrir puertas. El mango largo permite un gran brazo de palanca y se puede agarrar con las dos manos.<\/p>\n\n\n<div class=\"wp-block-image\">\n<figure class=\"aligncenter size-full\"><img loading=\"lazy\" decoding=\"async\" width=\"516\" height=\"247\" src=\"https:\/\/fundaciomiquelvalls.org\/wp-content\/uploads\/2024\/05\/Imatges-article-TO-butlleti-maig-24-5.jpg\" alt=\"\" class=\"wp-image-7058\" srcset=\"https:\/\/fundaciomiquelvalls.org\/wp-content\/uploads\/2024\/05\/Imatges-article-TO-butlleti-maig-24-5.jpg 516w, https:\/\/fundaciomiquelvalls.org\/wp-content\/uploads\/2024\/05\/Imatges-article-TO-butlleti-maig-24-5-300x144.jpg 300w\"  sizes=\"(max-width: 516px) 100vw, 516px\" \/><\/figure>\n<\/div>\n\n\n<p>Por otro lado, tambi\u00e9n tenemos productos que nos facilitan alimentarnos una vez que ya tenemos la comida en el plato. Por ejemplo, el reborde para platos mejora la autonom\u00eda de personas con problemas de movilidad a la hora de comer, pudiendo realizarlo con una sola mano sin derramar la comida del plato, gracias a su borde vertical que facilita recoger la comida con los cubiertos. As\u00ed, permite que los usuarios puedan comer solos desde casi cualquier plato brindando mayor autonom\u00eda. Tambi\u00e9n existe la posibilidad de comprar el plato con el borde incorporado.<\/p>\n\n\n<div class=\"wp-block-image\">\n<figure class=\"aligncenter size-full\"><img loading=\"lazy\" decoding=\"async\" width=\"617\" height=\"175\" src=\"https:\/\/fundaciomiquelvalls.org\/wp-content\/uploads\/2024\/05\/Imatges-article-TO-butlleti-maig-24-6.jpg\" alt=\"\" class=\"wp-image-7060\" srcset=\"https:\/\/fundaciomiquelvalls.org\/wp-content\/uploads\/2024\/05\/Imatges-article-TO-butlleti-maig-24-6.jpg 617w, https:\/\/fundaciomiquelvalls.org\/wp-content\/uploads\/2024\/05\/Imatges-article-TO-butlleti-maig-24-6-300x85.jpg 300w\"  sizes=\"(max-width: 617px) 100vw, 617px\" \/><\/figure>\n<\/div>\n\n\n<p>A la hora de beber agua, si tenemos dificultad para coger el vaso, podemos buscar uno que sea ligero, por ejemplo, de pl\u00e1stico y que sea ancho. Incluso en algunas ocasiones, si tiene asa puede ser de gran utilidad. As\u00ed mismo, existen una serie de vasos que tienen un recorte para la nariz, evitando as\u00ed tener que reclinar la cabeza hacia atr\u00e1s al beber lo cual disminuye la probabilidad de atragantamiento.<\/p>\n\n\n<div class=\"wp-block-image\">\n<figure class=\"aligncenter size-full\"><img loading=\"lazy\" decoding=\"async\" width=\"539\" height=\"191\" src=\"https:\/\/fundaciomiquelvalls.org\/wp-content\/uploads\/2024\/05\/Imatges-article-TO-butlleti-maig-24-7.jpg\" alt=\"\" class=\"wp-image-7062\" srcset=\"https:\/\/fundaciomiquelvalls.org\/wp-content\/uploads\/2024\/05\/Imatges-article-TO-butlleti-maig-24-7.jpg 539w, https:\/\/fundaciomiquelvalls.org\/wp-content\/uploads\/2024\/05\/Imatges-article-TO-butlleti-maig-24-7-300x106.jpg 300w\"  sizes=\"(max-width: 539px) 100vw, 539px\" \/><\/figure>\n<\/div>\n\n\n<p>As\u00ed mismo, para facilitar llevar el alimento a la boca, podemos alzar el plato, ya sea con una caja o tambi\u00e9n podemos alzar la mesa con estos conos de elevaci\u00f3n que tienen m\u00faltiples usos. Tambi\u00e9n podemos apoyar el codo en la mesa para que el brazo no pese tanto y disminuir la energ\u00eda que utilizamos para este proceso.<\/p>\n\n\n<div class=\"wp-block-image\">\n<figure class=\"aligncenter size-full\"><img loading=\"lazy\" decoding=\"async\" width=\"370\" height=\"222\" src=\"https:\/\/fundaciomiquelvalls.org\/wp-content\/uploads\/2024\/05\/Imatges-article-TO-butlleti-maig-24-8.jpg\" alt=\"\" class=\"wp-image-7064\" srcset=\"https:\/\/fundaciomiquelvalls.org\/wp-content\/uploads\/2024\/05\/Imatges-article-TO-butlleti-maig-24-8.jpg 370w, https:\/\/fundaciomiquelvalls.org\/wp-content\/uploads\/2024\/05\/Imatges-article-TO-butlleti-maig-24-8-300x180.jpg 300w\"  sizes=\"(max-width: 370px) 100vw, 370px\" \/><\/figure>\n<\/div>\n\n\n<p>Cada producto ser\u00e1 \u00fatil dependiendo de la situaci\u00f3n funcional en la que se encuentre cada persona, por ello si sois una familia afectada de ELA y consider\u00e1is que alg\u00fan producto pueda facilitar el d\u00eda a d\u00eda, recomendamos preguntar a la terapeuta ocupacional de la Fundaci\u00f3n, para que te pueda asesorar sobre qu\u00e9 producto se adec\u00faa m\u00e1s a las caracter\u00edsticas personales ya que todos somos \u00fanicos y diferentes.<\/p>\n\n\n\n<p class=\"has-small-font-size\">(1) https:\/\/www.ayudasdinamicas.com\/c\/vida-diaria<\/p>\n\n\n\n<p class=\"has-small-font-size\">(2) https:\/\/quvitec.com\/producto\/abre-tarros-jarkey-quvitec-com\/<\/p>\n\n\n\n<p class=\"has-small-font-size\">(3) https:\/\/tradineur.com\/otros-utensilios-de-cuina\/tradineur&#8211;abrebotes-de-8-usos&#8211;fabricado-en-plastico-y-silicona-ingenioso-aparato-de-cuina-ca -una-gran-ajuda&#8211;225-x-9-x-23-cm<\/p>\n\n\n\n<p class=\"has-text-align-right has-small-font-size\"><em>Departamento de Terapia Ocupacional de la Fundaci\u00f3 Catalana d&#8217;ELA Miquel Valls<\/em><\/p>\n","protected":false},"excerpt":{"rendered":"<p>En este art\u00edculo se trata de c\u00f3mo aliviar la sobrecarga muscular con productos de soporte durante las tareas en el \u00e1mbito de la cocina si somos una persona afectada de ELA.<\/p>\n","protected":false},"author":1,"featured_media":7071,"comment_status":"closed","ping_status":"closed","sticky":false,"template":"","format":"standard","meta":{"footnotes":""},"categories":[90,76],"tags":[91,122,103],"class_list":["post-7073","post","type-post","status-publish","format-standard","has-post-thumbnail","hentry","category-actualitat-es","category-articles-dinteres","tag-ela-es","tag-fundacio-catalana-dela-miquel-valls-es","tag-terapia-ocupacional-es"],"yoast_head":"<!-- This site is optimized with the Yoast SEO plugin v26.9 - https:\/\/yoast.com\/product\/yoast-seo-wordpress\/ -->\n<title>Productos de Soporte para Alimentaci\u00f3n - Fundaci\u00f3 Catalana d&#039;ELA Miquel Valls<\/title>\n<meta name=\"description\" content=\"En este art\u00edculo se trata de c\u00f3mo aliviar la sobrecarga muscular con productos de soporte durante las tareas en el \u00e1mbito de la cocina si somos una persona afectada de ELA.\" \/>\n<meta name=\"robots\" content=\"index, follow, max-snippet:-1, max-image-preview:large, max-video-preview:-1\" \/>\n<link rel=\"canonical\" href=\"https:\/\/fundaciomiquelvalls.org\/es\/productos-de-soporte-para-alimentacion\/\" \/>\n<meta property=\"og:locale\" content=\"es_ES\" \/>\n<meta property=\"og:type\" content=\"article\" \/>\n<meta property=\"og:title\" content=\"Productos de Soporte para Alimentaci\u00f3n\" \/>\n<meta property=\"og:description\" content=\"En este art\u00edculo se trata de c\u00f3mo aliviar la sobrecarga muscular con productos de soporte durante las tareas en el \u00e1mbito de la cocina si somos una persona afectada de ELA.\" \/>\n<meta property=\"og:url\" content=\"https:\/\/fundaciomiquelvalls.org\/es\/productos-de-soporte-para-alimentacion\/\" \/>\n<meta property=\"og:site_name\" content=\"Fundaci\u00f3 Catalana d&#039;ELA Miquel Valls\" \/>\n<meta property=\"article:published_time\" content=\"2024-05-02T11:35:19+00:00\" \/>\n<meta property=\"article:modified_time\" content=\"2024-05-02T11:38:53+00:00\" \/>\n<meta property=\"og:image\" content=\"https:\/\/fundaciomiquelvalls.org\/wp-content\/uploads\/2024\/05\/Article-TO-maig-24.jpg\" \/>\n\t<meta property=\"og:image:width\" content=\"1189\" \/>\n\t<meta property=\"og:image:height\" content=\"526\" \/>\n\t<meta property=\"og:image:type\" content=\"image\/jpeg\" \/>\n<meta name=\"author\" content=\"Fundaci\u00f3 Catalana d&#039;ELA Miquel Valls\" \/>\n<meta name=\"twitter:card\" content=\"summary_large_image\" \/>\n<meta name=\"twitter:title\" content=\"Productos de Soporte para Alimentaci\u00f3n\" \/>\n<meta name=\"twitter:description\" content=\"En este art\u00edculo se trata de c\u00f3mo aliviar la sobrecarga muscular con productos de soporte durante las tareas en el \u00e1mbito de la cocina si somos una persona afectada de ELA.\" \/>\n<meta name=\"twitter:image\" content=\"https:\/\/fundaciomiquelvalls.org\/wp-content\/uploads\/2024\/05\/Article-TO-maig-24.jpg\" \/>\n<meta name=\"twitter:label1\" content=\"Escrito por\" \/>\n\t<meta name=\"twitter:data1\" content=\"Fundaci\u00f3 Catalana d&#039;ELA Miquel Valls\" \/>\n\t<meta name=\"twitter:label2\" content=\"Tiempo de lectura\" \/>\n\t<meta name=\"twitter:data2\" content=\"5 minutos\" \/>\n<script type=\"application\/ld+json\" class=\"yoast-schema-graph\">{\"@context\":\"https:\/\/schema.org\",\"@graph\":[{\"@type\":\"Article\",\"@id\":\"https:\/\/fundaciomiquelvalls.org\/es\/productos-de-soporte-para-alimentacion\/#article\",\"isPartOf\":{\"@id\":\"https:\/\/fundaciomiquelvalls.org\/es\/productos-de-soporte-para-alimentacion\/\"},\"author\":{\"name\":\"Fundaci\u00f3 Catalana d'ELA Miquel Valls\",\"@id\":\"https:\/\/fundaciomiquelvalls.org\/#\/schema\/person\/49e4b390c29b931f8b4213fbd9276ea3\"},\"headline\":\"Productos de Soporte para Alimentaci\u00f3n\",\"datePublished\":\"2024-05-02T11:35:19+00:00\",\"dateModified\":\"2024-05-02T11:38:53+00:00\",\"mainEntityOfPage\":{\"@id\":\"https:\/\/fundaciomiquelvalls.org\/es\/productos-de-soporte-para-alimentacion\/\"},\"wordCount\":684,\"image\":{\"@id\":\"https:\/\/fundaciomiquelvalls.org\/es\/productos-de-soporte-para-alimentacion\/#primaryimage\"},\"thumbnailUrl\":\"https:\/\/fundaciomiquelvalls.org\/wp-content\/uploads\/2024\/05\/Article-TO-maig-24.jpg\",\"keywords\":[\"ELA\",\"Fundaci\u00f3 Catalana d&#039;ELA Miquel Valls\",\"Ter\u00e0pia Ocupacional\"],\"articleSection\":[\"Actualitat\",\"Articles d'inter\u00e8s\"],\"inLanguage\":\"es\"},{\"@type\":\"WebPage\",\"@id\":\"https:\/\/fundaciomiquelvalls.org\/es\/productos-de-soporte-para-alimentacion\/\",\"url\":\"https:\/\/fundaciomiquelvalls.org\/es\/productos-de-soporte-para-alimentacion\/\",\"name\":\"Productos de Soporte para Alimentaci\u00f3n - Fundaci\u00f3 Catalana d&#039;ELA Miquel Valls\",\"isPartOf\":{\"@id\":\"https:\/\/fundaciomiquelvalls.org\/#website\"},\"primaryImageOfPage\":{\"@id\":\"https:\/\/fundaciomiquelvalls.org\/es\/productos-de-soporte-para-alimentacion\/#primaryimage\"},\"image\":{\"@id\":\"https:\/\/fundaciomiquelvalls.org\/es\/productos-de-soporte-para-alimentacion\/#primaryimage\"},\"thumbnailUrl\":\"https:\/\/fundaciomiquelvalls.org\/wp-content\/uploads\/2024\/05\/Article-TO-maig-24.jpg\",\"datePublished\":\"2024-05-02T11:35:19+00:00\",\"dateModified\":\"2024-05-02T11:38:53+00:00\",\"author\":{\"@id\":\"https:\/\/fundaciomiquelvalls.org\/#\/schema\/person\/49e4b390c29b931f8b4213fbd9276ea3\"},\"description\":\"En este art\u00edculo se trata de c\u00f3mo aliviar la sobrecarga muscular con productos de soporte durante las tareas en el \u00e1mbito de la cocina si somos una persona afectada de ELA.\",\"breadcrumb\":{\"@id\":\"https:\/\/fundaciomiquelvalls.org\/es\/productos-de-soporte-para-alimentacion\/#breadcrumb\"},\"inLanguage\":\"es\",\"potentialAction\":[{\"@type\":\"ReadAction\",\"target\":[\"https:\/\/fundaciomiquelvalls.org\/es\/productos-de-soporte-para-alimentacion\/\"]}]},{\"@type\":\"ImageObject\",\"inLanguage\":\"es\",\"@id\":\"https:\/\/fundaciomiquelvalls.org\/es\/productos-de-soporte-para-alimentacion\/#primaryimage\",\"url\":\"https:\/\/fundaciomiquelvalls.org\/wp-content\/uploads\/2024\/05\/Article-TO-maig-24.jpg\",\"contentUrl\":\"https:\/\/fundaciomiquelvalls.org\/wp-content\/uploads\/2024\/05\/Article-TO-maig-24.jpg\",\"width\":1189,\"height\":526},{\"@type\":\"BreadcrumbList\",\"@id\":\"https:\/\/fundaciomiquelvalls.org\/es\/productos-de-soporte-para-alimentacion\/#breadcrumb\",\"itemListElement\":[{\"@type\":\"ListItem\",\"position\":1,\"name\":\"Portada\",\"item\":\"https:\/\/fundaciomiquelvalls.org\/es\/\"},{\"@type\":\"ListItem\",\"position\":2,\"name\":\"Productos de Soporte para Alimentaci\u00f3n\"}]},{\"@type\":\"WebSite\",\"@id\":\"https:\/\/fundaciomiquelvalls.org\/#website\",\"url\":\"https:\/\/fundaciomiquelvalls.org\/\",\"name\":\"Fundaci\u00f3 Catalana d&#039;ELA Miquel Valls\",\"description\":\"Treballem per millorar la qualitat de vida de les persones afectades d&#039;ELA i Malaltia de Motoneurona\",\"potentialAction\":[{\"@type\":\"SearchAction\",\"target\":{\"@type\":\"EntryPoint\",\"urlTemplate\":\"https:\/\/fundaciomiquelvalls.org\/?s={search_term_string}\"},\"query-input\":{\"@type\":\"PropertyValueSpecification\",\"valueRequired\":true,\"valueName\":\"search_term_string\"}}],\"inLanguage\":\"es\"},{\"@type\":\"Person\",\"@id\":\"https:\/\/fundaciomiquelvalls.org\/#\/schema\/person\/49e4b390c29b931f8b4213fbd9276ea3\",\"name\":\"Fundaci\u00f3 Catalana d'ELA Miquel Valls\",\"sameAs\":[\"https:\/\/fundaciomiquelvalls.org\"],\"url\":\"https:\/\/fundaciomiquelvalls.org\/es\/author\/alojapro_dev\/\"}]}<\/script>\n<!-- \/ Yoast SEO plugin. -->","yoast_head_json":{"title":"Productos de Soporte para Alimentaci\u00f3n - Fundaci\u00f3 Catalana d&#039;ELA Miquel Valls","description":"En este art\u00edculo se trata de c\u00f3mo aliviar la sobrecarga muscular con productos de soporte durante las tareas en el \u00e1mbito de la cocina si somos una persona afectada de ELA.","robots":{"index":"index","follow":"follow","max-snippet":"max-snippet:-1","max-image-preview":"max-image-preview:large","max-video-preview":"max-video-preview:-1"},"canonical":"https:\/\/fundaciomiquelvalls.org\/es\/productos-de-soporte-para-alimentacion\/","og_locale":"es_ES","og_type":"article","og_title":"Productos de Soporte para Alimentaci\u00f3n","og_description":"En este art\u00edculo se trata de c\u00f3mo aliviar la sobrecarga muscular con productos de soporte durante las tareas en el \u00e1mbito de la cocina si somos una persona afectada de ELA.","og_url":"https:\/\/fundaciomiquelvalls.org\/es\/productos-de-soporte-para-alimentacion\/","og_site_name":"Fundaci\u00f3 Catalana d&#039;ELA Miquel Valls","article_published_time":"2024-05-02T11:35:19+00:00","article_modified_time":"2024-05-02T11:38:53+00:00","og_image":[{"width":1189,"height":526,"url":"https:\/\/fundaciomiquelvalls.org\/wp-content\/uploads\/2024\/05\/Article-TO-maig-24.jpg","type":"image\/jpeg"}],"author":"Fundaci\u00f3 Catalana d'ELA Miquel Valls","twitter_card":"summary_large_image","twitter_title":"Productos de Soporte para Alimentaci\u00f3n","twitter_description":"En este art\u00edculo se trata de c\u00f3mo aliviar la sobrecarga muscular con productos de soporte durante las tareas en el \u00e1mbito de la cocina si somos una persona afectada de ELA.","twitter_image":"https:\/\/fundaciomiquelvalls.org\/wp-content\/uploads\/2024\/05\/Article-TO-maig-24.jpg","twitter_misc":{"Escrito por":"Fundaci\u00f3 Catalana d'ELA Miquel Valls","Tiempo de lectura":"5 minutos"},"schema":{"@context":"https:\/\/schema.org","@graph":[{"@type":"Article","@id":"https:\/\/fundaciomiquelvalls.org\/es\/productos-de-soporte-para-alimentacion\/#article","isPartOf":{"@id":"https:\/\/fundaciomiquelvalls.org\/es\/productos-de-soporte-para-alimentacion\/"},"author":{"name":"Fundaci\u00f3 Catalana d'ELA Miquel Valls","@id":"https:\/\/fundaciomiquelvalls.org\/#\/schema\/person\/49e4b390c29b931f8b4213fbd9276ea3"},"headline":"Productos de Soporte para Alimentaci\u00f3n","datePublished":"2024-05-02T11:35:19+00:00","dateModified":"2024-05-02T11:38:53+00:00","mainEntityOfPage":{"@id":"https:\/\/fundaciomiquelvalls.org\/es\/productos-de-soporte-para-alimentacion\/"},"wordCount":684,"image":{"@id":"https:\/\/fundaciomiquelvalls.org\/es\/productos-de-soporte-para-alimentacion\/#primaryimage"},"thumbnailUrl":"https:\/\/fundaciomiquelvalls.org\/wp-content\/uploads\/2024\/05\/Article-TO-maig-24.jpg","keywords":["ELA","Fundaci\u00f3 Catalana d&#039;ELA Miquel Valls","Ter\u00e0pia Ocupacional"],"articleSection":["Actualitat","Articles d'inter\u00e8s"],"inLanguage":"es"},{"@type":"WebPage","@id":"https:\/\/fundaciomiquelvalls.org\/es\/productos-de-soporte-para-alimentacion\/","url":"https:\/\/fundaciomiquelvalls.org\/es\/productos-de-soporte-para-alimentacion\/","name":"Productos de Soporte para Alimentaci\u00f3n - Fundaci\u00f3 Catalana d&#039;ELA Miquel Valls","isPartOf":{"@id":"https:\/\/fundaciomiquelvalls.org\/#website"},"primaryImageOfPage":{"@id":"https:\/\/fundaciomiquelvalls.org\/es\/productos-de-soporte-para-alimentacion\/#primaryimage"},"image":{"@id":"https:\/\/fundaciomiquelvalls.org\/es\/productos-de-soporte-para-alimentacion\/#primaryimage"},"thumbnailUrl":"https:\/\/fundaciomiquelvalls.org\/wp-content\/uploads\/2024\/05\/Article-TO-maig-24.jpg","datePublished":"2024-05-02T11:35:19+00:00","dateModified":"2024-05-02T11:38:53+00:00","author":{"@id":"https:\/\/fundaciomiquelvalls.org\/#\/schema\/person\/49e4b390c29b931f8b4213fbd9276ea3"},"description":"En este art\u00edculo se trata de c\u00f3mo aliviar la sobrecarga muscular con productos de soporte durante las tareas en el \u00e1mbito de la cocina si somos una persona afectada de ELA.","breadcrumb":{"@id":"https:\/\/fundaciomiquelvalls.org\/es\/productos-de-soporte-para-alimentacion\/#breadcrumb"},"inLanguage":"es","potentialAction":[{"@type":"ReadAction","target":["https:\/\/fundaciomiquelvalls.org\/es\/productos-de-soporte-para-alimentacion\/"]}]},{"@type":"ImageObject","inLanguage":"es","@id":"https:\/\/fundaciomiquelvalls.org\/es\/productos-de-soporte-para-alimentacion\/#primaryimage","url":"https:\/\/fundaciomiquelvalls.org\/wp-content\/uploads\/2024\/05\/Article-TO-maig-24.jpg","contentUrl":"https:\/\/fundaciomiquelvalls.org\/wp-content\/uploads\/2024\/05\/Article-TO-maig-24.jpg","width":1189,"height":526},{"@type":"BreadcrumbList","@id":"https:\/\/fundaciomiquelvalls.org\/es\/productos-de-soporte-para-alimentacion\/#breadcrumb","itemListElement":[{"@type":"ListItem","position":1,"name":"Portada","item":"https:\/\/fundaciomiquelvalls.org\/es\/"},{"@type":"ListItem","position":2,"name":"Productos de Soporte para Alimentaci\u00f3n"}]},{"@type":"WebSite","@id":"https:\/\/fundaciomiquelvalls.org\/#website","url":"https:\/\/fundaciomiquelvalls.org\/","name":"Fundaci\u00f3 Catalana d&#039;ELA Miquel Valls","description":"Treballem per millorar la qualitat de vida de les persones afectades d&#039;ELA i Malaltia de Motoneurona","potentialAction":[{"@type":"SearchAction","target":{"@type":"EntryPoint","urlTemplate":"https:\/\/fundaciomiquelvalls.org\/?s={search_term_string}"},"query-input":{"@type":"PropertyValueSpecification","valueRequired":true,"valueName":"search_term_string"}}],"inLanguage":"es"},{"@type":"Person","@id":"https:\/\/fundaciomiquelvalls.org\/#\/schema\/person\/49e4b390c29b931f8b4213fbd9276ea3","name":"Fundaci\u00f3 Catalana d'ELA Miquel Valls","sameAs":["https:\/\/fundaciomiquelvalls.org"],"url":"https:\/\/fundaciomiquelvalls.org\/es\/author\/alojapro_dev\/"}]}},"_links":{"self":[{"href":"https:\/\/fundaciomiquelvalls.org\/es\/wp-json\/wp\/v2\/posts\/7073","targetHints":{"allow":["GET"]}}],"collection":[{"href":"https:\/\/fundaciomiquelvalls.org\/es\/wp-json\/wp\/v2\/posts"}],"about":[{"href":"https:\/\/fundaciomiquelvalls.org\/es\/wp-json\/wp\/v2\/types\/post"}],"author":[{"embeddable":true,"href":"https:\/\/fundaciomiquelvalls.org\/es\/wp-json\/wp\/v2\/users\/1"}],"replies":[{"embeddable":true,"href":"https:\/\/fundaciomiquelvalls.org\/es\/wp-json\/wp\/v2\/comments?post=7073"}],"version-history":[{"count":1,"href":"https:\/\/fundaciomiquelvalls.org\/es\/wp-json\/wp\/v2\/posts\/7073\/revisions"}],"predecessor-version":[{"id":7075,"href":"https:\/\/fundaciomiquelvalls.org\/es\/wp-json\/wp\/v2\/posts\/7073\/revisions\/7075"}],"wp:featuredmedia":[{"embeddable":true,"href":"https:\/\/fundaciomiquelvalls.org\/es\/wp-json\/wp\/v2\/media\/7071"}],"wp:attachment":[{"href":"https:\/\/fundaciomiquelvalls.org\/es\/wp-json\/wp\/v2\/media?parent=7073"}],"wp:term":[{"taxonomy":"category","embeddable":true,"href":"https:\/\/fundaciomiquelvalls.org\/es\/wp-json\/wp\/v2\/categories?post=7073"},{"taxonomy":"post_tag","embeddable":true,"href":"https:\/\/fundaciomiquelvalls.org\/es\/wp-json\/wp\/v2\/tags?post=7073"}],"curies":[{"name":"wp","href":"https:\/\/api.w.org\/{rel}","templated":true}]}}