{"id":6321,"date":"2023-10-09T13:41:29","date_gmt":"2023-10-09T13:41:29","guid":{"rendered":"https:\/\/fundaciomiquelvalls.org\/un-any-mes-lajuntament-de-barcelona-al-costat-de-les-persones-afectades-dela-i-les-seves-families\/"},"modified":"2024-01-12T13:53:24","modified_gmt":"2024-01-12T13:53:24","slug":"un-ano-mas-el-ayuntamiento-de-barcelona-al-lado-de-las-personas-afectadas-de-ela-y-sus-familias","status":"publish","type":"post","link":"https:\/\/fundaciomiquelvalls.org\/es\/un-ano-mas-el-ayuntamiento-de-barcelona-al-lado-de-las-personas-afectadas-de-ela-y-sus-familias\/","title":{"rendered":"Un a\u00f1o m\u00e1s el Ayuntamiento de Barcelona al lado de las personas afectadas de ELA y sus familias"},"content":{"rendered":"\n<p>La Fundaci\u00f3n Catalana de ELA Miquel Valls recibe dos ayudas por parte del Ayuntamiento de Barcelona a trav\u00e9s de la convocatoria anual de subvenciones para el desarrollo de proyectos, actividades y servicios 2023 de la ciudad de Barcelona.<\/p>\n\n\n\n<p>La primera ayuda es otorgada por parte del Instituto Municipal de Personas con Discapacidad (IMPD), que nos ha apoyado en el proyecto de atenci\u00f3n domiciliaria psicosocial y en terapia ocupacional destinada a las personas afectadas de ELA en Barcelona. La segunda subvenci\u00f3n viene desde el Programa de Salud, por el proyecto en trabajo social de ayuda a las familias afectadas de ELA de la ciudad de Barcelona.<\/p>\n\n\n\n<p>Queremos agradecer al Ayuntamiento de Barcelona su reiterada colaboraci\u00f3n con la Fundaci\u00f3n Catalana de ELA Miquel Valls, que desde el a\u00f1o 2013 contribuye a poder seguir atendiendo a los afectados de ELA y sus familias, en este caso de la ciudad de Barcelona, \u200b\u200bmejorando as\u00ed su calidad de vida.<\/p>\n\n\n\n<p>\u00a1Muchas gracias por este Gesto por la ELA!<\/p>\n","protected":false},"excerpt":{"rendered":"<p>La Fundaci\u00f3n Catalana de ELA Miquel Valls recibe dos ayudas por parte del Ayuntamiento de Barcelona a trav\u00e9s de la convocatoria anual de subvenciones para el desarrollo de proyectos, actividades y servicios 2023 de la ciudad de Barcelona.<\/p>\n","protected":false},"author":1,"featured_media":6319,"comment_status":"closed","ping_status":"closed","sticky":false,"template":"","format":"standard","meta":{"footnotes":""},"categories":[90],"tags":[91,122],"class_list":["post-6321","post","type-post","status-publish","format-standard","has-post-thumbnail","hentry","category-actualitat-es","tag-ela-es","tag-fundacio-catalana-dela-miquel-valls-es"],"yoast_head":"<!-- This site is optimized with the Yoast SEO plugin v26.9 - https:\/\/yoast.com\/product\/yoast-seo-wordpress\/ -->\n<title>Un a\u00f1o m\u00e1s el Ayuntamiento de Barcelona al lado de las personas afectadas de ELA y sus familias - Fundaci\u00f3 Catalana d&#039;ELA Miquel Valls<\/title>\n<meta name=\"description\" content=\"La Fundaci\u00f3n Catalana de ELA Miquel Valls recibe dos ayudas por parte del Ayuntamiento de Barcelona a trav\u00e9s de la convocatoria anual de subvenciones para el desarrollo de proyectos, actividades y servicios 2023 de la ciudad de Barcelona.\" \/>\n<meta name=\"robots\" content=\"index, follow, max-snippet:-1, max-image-preview:large, max-video-preview:-1\" \/>\n<link rel=\"canonical\" href=\"https:\/\/fundaciomiquelvalls.org\/es\/un-ano-mas-el-ayuntamiento-de-barcelona-al-lado-de-las-personas-afectadas-de-ela-y-sus-familias\/\" \/>\n<meta property=\"og:locale\" content=\"es_ES\" \/>\n<meta property=\"og:type\" content=\"article\" \/>\n<meta property=\"og:title\" content=\"Un a\u00f1o m\u00e1s el Ayuntamiento de Barcelona al lado de las personas afectadas de ELA y sus familias\" \/>\n<meta property=\"og:description\" content=\"La Fundaci\u00f3n Catalana de ELA Miquel Valls recibe dos ayudas por parte del Ayuntamiento de Barcelona a trav\u00e9s de la convocatoria anual de subvenciones para el desarrollo de proyectos, actividades y servicios 2023 de la ciudad de Barcelona.\" \/>\n<meta property=\"og:url\" content=\"https:\/\/fundaciomiquelvalls.org\/es\/un-ano-mas-el-ayuntamiento-de-barcelona-al-lado-de-las-personas-afectadas-de-ela-y-sus-familias\/\" \/>\n<meta property=\"og:site_name\" content=\"Fundaci\u00f3 Catalana d&#039;ELA Miquel Valls\" \/>\n<meta property=\"article:published_time\" content=\"2023-10-09T13:41:29+00:00\" \/>\n<meta property=\"article:modified_time\" content=\"2024-01-12T13:53:24+00:00\" \/>\n<meta property=\"og:image\" content=\"https:\/\/fundaciomiquelvalls.org\/wp-content\/uploads\/2024\/01\/aj-barcelona2023.jpg\" \/>\n\t<meta property=\"og:image:width\" content=\"1280\" \/>\n\t<meta property=\"og:image:height\" content=\"720\" \/>\n\t<meta property=\"og:image:type\" content=\"image\/jpeg\" \/>\n<meta name=\"author\" content=\"Fundaci\u00f3 Catalana d&#039;ELA Miquel Valls\" \/>\n<meta name=\"twitter:card\" content=\"summary_large_image\" \/>\n<meta name=\"twitter:title\" content=\"Un a\u00f1o m\u00e1s el Ayuntamiento de Barcelona al lado de las personas afectadas de ELA y sus familias\" \/>\n<meta name=\"twitter:description\" content=\"La Fundaci\u00f3n Catalana de ELA Miquel Valls recibe dos ayudas por parte del Ayuntamiento de Barcelona a trav\u00e9s de la convocatoria anual de subvenciones para el desarrollo de proyectos, actividades y servicios 2023 de la ciudad de Barcelona.\" \/>\n<meta name=\"twitter:image\" content=\"https:\/\/fundaciomiquelvalls.org\/wp-content\/uploads\/2024\/01\/aj-barcelona2023.jpg\" \/>\n<meta name=\"twitter:label1\" content=\"Escrito por\" \/>\n\t<meta name=\"twitter:data1\" content=\"Fundaci\u00f3 Catalana d&#039;ELA Miquel Valls\" \/>\n\t<meta name=\"twitter:label2\" content=\"Tiempo de lectura\" \/>\n\t<meta name=\"twitter:data2\" content=\"1 minuto\" \/>\n<script type=\"application\/ld+json\" class=\"yoast-schema-graph\">{\"@context\":\"https:\/\/schema.org\",\"@graph\":[{\"@type\":\"Article\",\"@id\":\"https:\/\/fundaciomiquelvalls.org\/es\/un-ano-mas-el-ayuntamiento-de-barcelona-al-lado-de-las-personas-afectadas-de-ela-y-sus-familias\/#article\",\"isPartOf\":{\"@id\":\"https:\/\/fundaciomiquelvalls.org\/es\/un-ano-mas-el-ayuntamiento-de-barcelona-al-lado-de-las-personas-afectadas-de-ela-y-sus-familias\/\"},\"author\":{\"name\":\"Fundaci\u00f3 Catalana d'ELA Miquel Valls\",\"@id\":\"https:\/\/fundaciomiquelvalls.org\/#\/schema\/person\/49e4b390c29b931f8b4213fbd9276ea3\"},\"headline\":\"Un a\u00f1o m\u00e1s el Ayuntamiento de Barcelona al lado de las personas afectadas de ELA y sus familias\",\"datePublished\":\"2023-10-09T13:41:29+00:00\",\"dateModified\":\"2024-01-12T13:53:24+00:00\",\"mainEntityOfPage\":{\"@id\":\"https:\/\/fundaciomiquelvalls.org\/es\/un-ano-mas-el-ayuntamiento-de-barcelona-al-lado-de-las-personas-afectadas-de-ela-y-sus-familias\/\"},\"wordCount\":187,\"image\":{\"@id\":\"https:\/\/fundaciomiquelvalls.org\/es\/un-ano-mas-el-ayuntamiento-de-barcelona-al-lado-de-las-personas-afectadas-de-ela-y-sus-familias\/#primaryimage\"},\"thumbnailUrl\":\"https:\/\/fundaciomiquelvalls.org\/wp-content\/uploads\/2024\/01\/aj-barcelona2023.jpg\",\"keywords\":[\"ELA\",\"Fundaci\u00f3 Catalana d&#039;ELA Miquel Valls\"],\"articleSection\":[\"Actualitat\"],\"inLanguage\":\"es\"},{\"@type\":\"WebPage\",\"@id\":\"https:\/\/fundaciomiquelvalls.org\/es\/un-ano-mas-el-ayuntamiento-de-barcelona-al-lado-de-las-personas-afectadas-de-ela-y-sus-familias\/\",\"url\":\"https:\/\/fundaciomiquelvalls.org\/es\/un-ano-mas-el-ayuntamiento-de-barcelona-al-lado-de-las-personas-afectadas-de-ela-y-sus-familias\/\",\"name\":\"Un a\u00f1o m\u00e1s el Ayuntamiento de Barcelona al lado de las personas afectadas de ELA y sus familias - Fundaci\u00f3 Catalana d&#039;ELA Miquel Valls\",\"isPartOf\":{\"@id\":\"https:\/\/fundaciomiquelvalls.org\/#website\"},\"primaryImageOfPage\":{\"@id\":\"https:\/\/fundaciomiquelvalls.org\/es\/un-ano-mas-el-ayuntamiento-de-barcelona-al-lado-de-las-personas-afectadas-de-ela-y-sus-familias\/#primaryimage\"},\"image\":{\"@id\":\"https:\/\/fundaciomiquelvalls.org\/es\/un-ano-mas-el-ayuntamiento-de-barcelona-al-lado-de-las-personas-afectadas-de-ela-y-sus-familias\/#primaryimage\"},\"thumbnailUrl\":\"https:\/\/fundaciomiquelvalls.org\/wp-content\/uploads\/2024\/01\/aj-barcelona2023.jpg\",\"datePublished\":\"2023-10-09T13:41:29+00:00\",\"dateModified\":\"2024-01-12T13:53:24+00:00\",\"author\":{\"@id\":\"https:\/\/fundaciomiquelvalls.org\/#\/schema\/person\/49e4b390c29b931f8b4213fbd9276ea3\"},\"description\":\"La Fundaci\u00f3n Catalana de ELA Miquel Valls recibe dos ayudas por parte del Ayuntamiento de Barcelona a trav\u00e9s de la convocatoria anual de subvenciones para el desarrollo de proyectos, actividades y servicios 2023 de la ciudad de Barcelona.\",\"breadcrumb\":{\"@id\":\"https:\/\/fundaciomiquelvalls.org\/es\/un-ano-mas-el-ayuntamiento-de-barcelona-al-lado-de-las-personas-afectadas-de-ela-y-sus-familias\/#breadcrumb\"},\"inLanguage\":\"es\",\"potentialAction\":[{\"@type\":\"ReadAction\",\"target\":[\"https:\/\/fundaciomiquelvalls.org\/es\/un-ano-mas-el-ayuntamiento-de-barcelona-al-lado-de-las-personas-afectadas-de-ela-y-sus-familias\/\"]}]},{\"@type\":\"ImageObject\",\"inLanguage\":\"es\",\"@id\":\"https:\/\/fundaciomiquelvalls.org\/es\/un-ano-mas-el-ayuntamiento-de-barcelona-al-lado-de-las-personas-afectadas-de-ela-y-sus-familias\/#primaryimage\",\"url\":\"https:\/\/fundaciomiquelvalls.org\/wp-content\/uploads\/2024\/01\/aj-barcelona2023.jpg\",\"contentUrl\":\"https:\/\/fundaciomiquelvalls.org\/wp-content\/uploads\/2024\/01\/aj-barcelona2023.jpg\",\"width\":1280,\"height\":720},{\"@type\":\"BreadcrumbList\",\"@id\":\"https:\/\/fundaciomiquelvalls.org\/es\/un-ano-mas-el-ayuntamiento-de-barcelona-al-lado-de-las-personas-afectadas-de-ela-y-sus-familias\/#breadcrumb\",\"itemListElement\":[{\"@type\":\"ListItem\",\"position\":1,\"name\":\"Portada\",\"item\":\"https:\/\/fundaciomiquelvalls.org\/es\/\"},{\"@type\":\"ListItem\",\"position\":2,\"name\":\"Un a\u00f1o m\u00e1s el Ayuntamiento de Barcelona al lado de las personas afectadas de ELA y sus familias\"}]},{\"@type\":\"WebSite\",\"@id\":\"https:\/\/fundaciomiquelvalls.org\/#website\",\"url\":\"https:\/\/fundaciomiquelvalls.org\/\",\"name\":\"Fundaci\u00f3 Catalana d&#039;ELA Miquel Valls\",\"description\":\"Treballem per millorar la qualitat de vida de les persones afectades d&#039;ELA i Malaltia de Motoneurona\",\"potentialAction\":[{\"@type\":\"SearchAction\",\"target\":{\"@type\":\"EntryPoint\",\"urlTemplate\":\"https:\/\/fundaciomiquelvalls.org\/?s={search_term_string}\"},\"query-input\":{\"@type\":\"PropertyValueSpecification\",\"valueRequired\":true,\"valueName\":\"search_term_string\"}}],\"inLanguage\":\"es\"},{\"@type\":\"Person\",\"@id\":\"https:\/\/fundaciomiquelvalls.org\/#\/schema\/person\/49e4b390c29b931f8b4213fbd9276ea3\",\"name\":\"Fundaci\u00f3 Catalana d'ELA Miquel Valls\",\"sameAs\":[\"https:\/\/fundaciomiquelvalls.org\"],\"url\":\"https:\/\/fundaciomiquelvalls.org\/es\/author\/alojapro_dev\/\"}]}<\/script>\n<!-- \/ Yoast SEO plugin. -->","yoast_head_json":{"title":"Un a\u00f1o m\u00e1s el Ayuntamiento de Barcelona al lado de las personas afectadas de ELA y sus familias - Fundaci\u00f3 Catalana d&#039;ELA Miquel Valls","description":"La Fundaci\u00f3n Catalana de ELA Miquel Valls recibe dos ayudas por parte del Ayuntamiento de Barcelona a trav\u00e9s de la convocatoria anual de subvenciones para el desarrollo de proyectos, actividades y servicios 2023 de la ciudad de Barcelona.","robots":{"index":"index","follow":"follow","max-snippet":"max-snippet:-1","max-image-preview":"max-image-preview:large","max-video-preview":"max-video-preview:-1"},"canonical":"https:\/\/fundaciomiquelvalls.org\/es\/un-ano-mas-el-ayuntamiento-de-barcelona-al-lado-de-las-personas-afectadas-de-ela-y-sus-familias\/","og_locale":"es_ES","og_type":"article","og_title":"Un a\u00f1o m\u00e1s el Ayuntamiento de Barcelona al lado de las personas afectadas de ELA y sus familias","og_description":"La Fundaci\u00f3n Catalana de ELA Miquel Valls recibe dos ayudas por parte del Ayuntamiento de Barcelona a trav\u00e9s de la convocatoria anual de subvenciones para el desarrollo de proyectos, actividades y servicios 2023 de la ciudad de Barcelona.","og_url":"https:\/\/fundaciomiquelvalls.org\/es\/un-ano-mas-el-ayuntamiento-de-barcelona-al-lado-de-las-personas-afectadas-de-ela-y-sus-familias\/","og_site_name":"Fundaci\u00f3 Catalana d&#039;ELA Miquel Valls","article_published_time":"2023-10-09T13:41:29+00:00","article_modified_time":"2024-01-12T13:53:24+00:00","og_image":[{"width":1280,"height":720,"url":"https:\/\/fundaciomiquelvalls.org\/wp-content\/uploads\/2024\/01\/aj-barcelona2023.jpg","type":"image\/jpeg"}],"author":"Fundaci\u00f3 Catalana d'ELA Miquel Valls","twitter_card":"summary_large_image","twitter_title":"Un a\u00f1o m\u00e1s el Ayuntamiento de Barcelona al lado de las personas afectadas de ELA y sus familias","twitter_description":"La Fundaci\u00f3n Catalana de ELA Miquel Valls recibe dos ayudas por parte del Ayuntamiento de Barcelona a trav\u00e9s de la convocatoria anual de subvenciones para el desarrollo de proyectos, actividades y servicios 2023 de la ciudad de Barcelona.","twitter_image":"https:\/\/fundaciomiquelvalls.org\/wp-content\/uploads\/2024\/01\/aj-barcelona2023.jpg","twitter_misc":{"Escrito por":"Fundaci\u00f3 Catalana d'ELA Miquel Valls","Tiempo de lectura":"1 minuto"},"schema":{"@context":"https:\/\/schema.org","@graph":[{"@type":"Article","@id":"https:\/\/fundaciomiquelvalls.org\/es\/un-ano-mas-el-ayuntamiento-de-barcelona-al-lado-de-las-personas-afectadas-de-ela-y-sus-familias\/#article","isPartOf":{"@id":"https:\/\/fundaciomiquelvalls.org\/es\/un-ano-mas-el-ayuntamiento-de-barcelona-al-lado-de-las-personas-afectadas-de-ela-y-sus-familias\/"},"author":{"name":"Fundaci\u00f3 Catalana d'ELA Miquel Valls","@id":"https:\/\/fundaciomiquelvalls.org\/#\/schema\/person\/49e4b390c29b931f8b4213fbd9276ea3"},"headline":"Un a\u00f1o m\u00e1s el Ayuntamiento de Barcelona al lado de las personas afectadas de ELA y sus familias","datePublished":"2023-10-09T13:41:29+00:00","dateModified":"2024-01-12T13:53:24+00:00","mainEntityOfPage":{"@id":"https:\/\/fundaciomiquelvalls.org\/es\/un-ano-mas-el-ayuntamiento-de-barcelona-al-lado-de-las-personas-afectadas-de-ela-y-sus-familias\/"},"wordCount":187,"image":{"@id":"https:\/\/fundaciomiquelvalls.org\/es\/un-ano-mas-el-ayuntamiento-de-barcelona-al-lado-de-las-personas-afectadas-de-ela-y-sus-familias\/#primaryimage"},"thumbnailUrl":"https:\/\/fundaciomiquelvalls.org\/wp-content\/uploads\/2024\/01\/aj-barcelona2023.jpg","keywords":["ELA","Fundaci\u00f3 Catalana d&#039;ELA Miquel Valls"],"articleSection":["Actualitat"],"inLanguage":"es"},{"@type":"WebPage","@id":"https:\/\/fundaciomiquelvalls.org\/es\/un-ano-mas-el-ayuntamiento-de-barcelona-al-lado-de-las-personas-afectadas-de-ela-y-sus-familias\/","url":"https:\/\/fundaciomiquelvalls.org\/es\/un-ano-mas-el-ayuntamiento-de-barcelona-al-lado-de-las-personas-afectadas-de-ela-y-sus-familias\/","name":"Un a\u00f1o m\u00e1s el Ayuntamiento de Barcelona al lado de las personas afectadas de ELA y sus familias - Fundaci\u00f3 Catalana d&#039;ELA Miquel Valls","isPartOf":{"@id":"https:\/\/fundaciomiquelvalls.org\/#website"},"primaryImageOfPage":{"@id":"https:\/\/fundaciomiquelvalls.org\/es\/un-ano-mas-el-ayuntamiento-de-barcelona-al-lado-de-las-personas-afectadas-de-ela-y-sus-familias\/#primaryimage"},"image":{"@id":"https:\/\/fundaciomiquelvalls.org\/es\/un-ano-mas-el-ayuntamiento-de-barcelona-al-lado-de-las-personas-afectadas-de-ela-y-sus-familias\/#primaryimage"},"thumbnailUrl":"https:\/\/fundaciomiquelvalls.org\/wp-content\/uploads\/2024\/01\/aj-barcelona2023.jpg","datePublished":"2023-10-09T13:41:29+00:00","dateModified":"2024-01-12T13:53:24+00:00","author":{"@id":"https:\/\/fundaciomiquelvalls.org\/#\/schema\/person\/49e4b390c29b931f8b4213fbd9276ea3"},"description":"La Fundaci\u00f3n Catalana de ELA Miquel Valls recibe dos ayudas por parte del Ayuntamiento de Barcelona a trav\u00e9s de la convocatoria anual de subvenciones para el desarrollo de proyectos, actividades y servicios 2023 de la ciudad de Barcelona.","breadcrumb":{"@id":"https:\/\/fundaciomiquelvalls.org\/es\/un-ano-mas-el-ayuntamiento-de-barcelona-al-lado-de-las-personas-afectadas-de-ela-y-sus-familias\/#breadcrumb"},"inLanguage":"es","potentialAction":[{"@type":"ReadAction","target":["https:\/\/fundaciomiquelvalls.org\/es\/un-ano-mas-el-ayuntamiento-de-barcelona-al-lado-de-las-personas-afectadas-de-ela-y-sus-familias\/"]}]},{"@type":"ImageObject","inLanguage":"es","@id":"https:\/\/fundaciomiquelvalls.org\/es\/un-ano-mas-el-ayuntamiento-de-barcelona-al-lado-de-las-personas-afectadas-de-ela-y-sus-familias\/#primaryimage","url":"https:\/\/fundaciomiquelvalls.org\/wp-content\/uploads\/2024\/01\/aj-barcelona2023.jpg","contentUrl":"https:\/\/fundaciomiquelvalls.org\/wp-content\/uploads\/2024\/01\/aj-barcelona2023.jpg","width":1280,"height":720},{"@type":"BreadcrumbList","@id":"https:\/\/fundaciomiquelvalls.org\/es\/un-ano-mas-el-ayuntamiento-de-barcelona-al-lado-de-las-personas-afectadas-de-ela-y-sus-familias\/#breadcrumb","itemListElement":[{"@type":"ListItem","position":1,"name":"Portada","item":"https:\/\/fundaciomiquelvalls.org\/es\/"},{"@type":"ListItem","position":2,"name":"Un a\u00f1o m\u00e1s el Ayuntamiento de Barcelona al lado de las personas afectadas de ELA y sus familias"}]},{"@type":"WebSite","@id":"https:\/\/fundaciomiquelvalls.org\/#website","url":"https:\/\/fundaciomiquelvalls.org\/","name":"Fundaci\u00f3 Catalana d&#039;ELA Miquel Valls","description":"Treballem per millorar la qualitat de vida de les persones afectades d&#039;ELA i Malaltia de Motoneurona","potentialAction":[{"@type":"SearchAction","target":{"@type":"EntryPoint","urlTemplate":"https:\/\/fundaciomiquelvalls.org\/?s={search_term_string}"},"query-input":{"@type":"PropertyValueSpecification","valueRequired":true,"valueName":"search_term_string"}}],"inLanguage":"es"},{"@type":"Person","@id":"https:\/\/fundaciomiquelvalls.org\/#\/schema\/person\/49e4b390c29b931f8b4213fbd9276ea3","name":"Fundaci\u00f3 Catalana d'ELA Miquel Valls","sameAs":["https:\/\/fundaciomiquelvalls.org"],"url":"https:\/\/fundaciomiquelvalls.org\/es\/author\/alojapro_dev\/"}]}},"_links":{"self":[{"href":"https:\/\/fundaciomiquelvalls.org\/es\/wp-json\/wp\/v2\/posts\/6321","targetHints":{"allow":["GET"]}}],"collection":[{"href":"https:\/\/fundaciomiquelvalls.org\/es\/wp-json\/wp\/v2\/posts"}],"about":[{"href":"https:\/\/fundaciomiquelvalls.org\/es\/wp-json\/wp\/v2\/types\/post"}],"author":[{"embeddable":true,"href":"https:\/\/fundaciomiquelvalls.org\/es\/wp-json\/wp\/v2\/users\/1"}],"replies":[{"embeddable":true,"href":"https:\/\/fundaciomiquelvalls.org\/es\/wp-json\/wp\/v2\/comments?post=6321"}],"version-history":[{"count":2,"href":"https:\/\/fundaciomiquelvalls.org\/es\/wp-json\/wp\/v2\/posts\/6321\/revisions"}],"predecessor-version":[{"id":6325,"href":"https:\/\/fundaciomiquelvalls.org\/es\/wp-json\/wp\/v2\/posts\/6321\/revisions\/6325"}],"wp:featuredmedia":[{"embeddable":true,"href":"https:\/\/fundaciomiquelvalls.org\/es\/wp-json\/wp\/v2\/media\/6319"}],"wp:attachment":[{"href":"https:\/\/fundaciomiquelvalls.org\/es\/wp-json\/wp\/v2\/media?parent=6321"}],"wp:term":[{"taxonomy":"category","embeddable":true,"href":"https:\/\/fundaciomiquelvalls.org\/es\/wp-json\/wp\/v2\/categories?post=6321"},{"taxonomy":"post_tag","embeddable":true,"href":"https:\/\/fundaciomiquelvalls.org\/es\/wp-json\/wp\/v2\/tags?post=6321"}],"curies":[{"name":"wp","href":"https:\/\/api.w.org\/{rel}","templated":true}]}}