{"id":6242,"date":"2024-01-09T11:19:05","date_gmt":"2024-01-09T11:19:05","guid":{"rendered":"https:\/\/fundaciomiquelvalls.org\/gracies-swim-for-ela-pel-vostre-suport-gracies-pel-gest-per-lela\/"},"modified":"2024-01-09T11:22:00","modified_gmt":"2024-01-09T11:22:00","slug":"gracias-swim-for-ela-por-vuestro-apoyo-gracias-por-el-gesto-por-la-ela","status":"publish","type":"post","link":"https:\/\/fundaciomiquelvalls.org\/es\/gracias-swim-for-ela-por-vuestro-apoyo-gracias-por-el-gesto-por-la-ela\/","title":{"rendered":"\u00a1Gracias Swim for ELA por vuestro apoyo, gracias por el Gesto por la ELA!"},"content":{"rendered":"\n<p>Queremos dar las gracias a la asociaci\u00f3n Swim for ELA por su incansable labor de visibilidad y captaci\u00f3n de fondos destinados a la investigaci\u00f3n en la ELA y el apoyo de las personas afectadas por esta enfermedad.<\/p>\n\n\n\n<p>Esta asociaci\u00f3n, creada en 2022 e impulsada por una familia afectada de ELA y otras personas muy sensibilizadas con la causa, lleva ya tiempo realizando actividades solidarias sobre todo en la provincia de Tarragona como la traves\u00eda Swim for ELA, o conciertos, carreras y cenas, as\u00ed como otras alianzas para conseguir su objetivo de lograr donaciones y, posteriormente, darlas a investigadores y entidades relacionadas con la ELA, como puede ser Idibell o nuestra Fundaci\u00f3n.<\/p>\n\n\n\n<p>Agradecemos de todo coraz\u00f3n el trabajo que est\u00e1 haciendo Swim for ELA, as\u00ed como a las personas que la forman, por ayudar a la comunidad afectada por la ELA.<\/p>\n\n\n\n<p>\u00a1Gracias por su Gesto por la ELA!<\/p>\n","protected":false},"excerpt":{"rendered":"<p>Agradecidos a la asociaci\u00f3n Swim for ELA, por su incansable labor de visibilidad y captaci\u00f3n de fondos destinados a la investigaci\u00f3n en la ELA y el apoyo de las personas afectadas por esta enfermedad.<\/p>\n","protected":false},"author":1,"featured_media":6240,"comment_status":"closed","ping_status":"closed","sticky":false,"template":"","format":"standard","meta":{"footnotes":""},"categories":[78],"tags":[91,122,179],"class_list":["post-6242","post","type-post","status-publish","format-standard","has-post-thumbnail","hentry","category-iniciatives-solidaries","tag-ela-es","tag-fundacio-catalana-dela-miquel-valls-es","tag-voluntariat-es"],"yoast_head":"<!-- This site is optimized with the Yoast SEO plugin v26.9 - https:\/\/yoast.com\/product\/yoast-seo-wordpress\/ -->\n<title>\u00a1Gracias Swim for ELA por vuestro apoyo, gracias por el Gesto por la ELA! - Fundaci\u00f3 Catalana d&#039;ELA Miquel Valls<\/title>\n<meta name=\"description\" content=\"Agradecidos a la asociaci\u00f3n Swim for ELA, por su incansable labor de visibilidad y captaci\u00f3n de fondos destinados a la investigaci\u00f3n en la ELA y el apoyo de las personas afectadas por esta enfermedad.\" \/>\n<meta name=\"robots\" content=\"index, follow, max-snippet:-1, max-image-preview:large, max-video-preview:-1\" \/>\n<link rel=\"canonical\" href=\"https:\/\/fundaciomiquelvalls.org\/es\/gracias-swim-for-ela-por-vuestro-apoyo-gracias-por-el-gesto-por-la-ela\/\" \/>\n<meta property=\"og:locale\" content=\"es_ES\" \/>\n<meta property=\"og:type\" content=\"article\" \/>\n<meta property=\"og:title\" content=\"\u00a1Gracias Swim for ELA por vuestro apoyo, gracias por el Gesto por la ELA!\" \/>\n<meta property=\"og:description\" content=\"Agradecidos a la asociaci\u00f3n Swim for ELA, por su incansable labor de visibilidad y captaci\u00f3n de fondos destinados a la investigaci\u00f3n en la ELA y el apoyo de las personas afectadas por esta enfermedad.\" \/>\n<meta property=\"og:url\" content=\"https:\/\/fundaciomiquelvalls.org\/es\/gracias-swim-for-ela-por-vuestro-apoyo-gracias-por-el-gesto-por-la-ela\/\" \/>\n<meta property=\"og:site_name\" content=\"Fundaci\u00f3 Catalana d&#039;ELA Miquel Valls\" \/>\n<meta property=\"article:published_time\" content=\"2024-01-09T11:19:05+00:00\" \/>\n<meta property=\"article:modified_time\" content=\"2024-01-09T11:22:00+00:00\" \/>\n<meta property=\"og:image\" content=\"https:\/\/fundaciomiquelvalls.org\/wp-content\/uploads\/2024\/01\/SWIM-FOR-ELA-gracies.png\" \/>\n\t<meta property=\"og:image:width\" content=\"940\" \/>\n\t<meta property=\"og:image:height\" content=\"788\" \/>\n\t<meta property=\"og:image:type\" content=\"image\/png\" \/>\n<meta name=\"author\" content=\"Fundaci\u00f3 Catalana d&#039;ELA Miquel Valls\" \/>\n<meta name=\"twitter:card\" content=\"summary_large_image\" \/>\n<meta name=\"twitter:title\" content=\"\u00a1Gracias Swim for ELA por vuestro apoyo, gracias por el Gesto por la ELA!\" \/>\n<meta name=\"twitter:description\" content=\"Agradecidos a la asociaci\u00f3n Swim for ELA, por su incansable labor de visibilidad y captaci\u00f3n de fondos destinados a la investigaci\u00f3n en la ELA y el apoyo de las personas afectadas por esta enfermedad.\" \/>\n<meta name=\"twitter:image\" content=\"https:\/\/fundaciomiquelvalls.org\/wp-content\/uploads\/2024\/01\/SWIM-FOR-ELA-gracies.png\" \/>\n<meta name=\"twitter:label1\" content=\"Escrito por\" \/>\n\t<meta name=\"twitter:data1\" content=\"Fundaci\u00f3 Catalana d&#039;ELA Miquel Valls\" \/>\n\t<meta name=\"twitter:label2\" content=\"Tiempo de lectura\" \/>\n\t<meta name=\"twitter:data2\" content=\"1 minuto\" \/>\n<script type=\"application\/ld+json\" class=\"yoast-schema-graph\">{\"@context\":\"https:\/\/schema.org\",\"@graph\":[{\"@type\":\"Article\",\"@id\":\"https:\/\/fundaciomiquelvalls.org\/es\/gracias-swim-for-ela-por-vuestro-apoyo-gracias-por-el-gesto-por-la-ela\/#article\",\"isPartOf\":{\"@id\":\"https:\/\/fundaciomiquelvalls.org\/es\/gracias-swim-for-ela-por-vuestro-apoyo-gracias-por-el-gesto-por-la-ela\/\"},\"author\":{\"name\":\"Fundaci\u00f3 Catalana d'ELA Miquel Valls\",\"@id\":\"https:\/\/fundaciomiquelvalls.org\/#\/schema\/person\/49e4b390c29b931f8b4213fbd9276ea3\"},\"headline\":\"\u00a1Gracias Swim for ELA por vuestro apoyo, gracias por el Gesto por la ELA!\",\"datePublished\":\"2024-01-09T11:19:05+00:00\",\"dateModified\":\"2024-01-09T11:22:00+00:00\",\"mainEntityOfPage\":{\"@id\":\"https:\/\/fundaciomiquelvalls.org\/es\/gracias-swim-for-ela-por-vuestro-apoyo-gracias-por-el-gesto-por-la-ela\/\"},\"wordCount\":167,\"image\":{\"@id\":\"https:\/\/fundaciomiquelvalls.org\/es\/gracias-swim-for-ela-por-vuestro-apoyo-gracias-por-el-gesto-por-la-ela\/#primaryimage\"},\"thumbnailUrl\":\"https:\/\/fundaciomiquelvalls.org\/wp-content\/uploads\/2024\/01\/SWIM-FOR-ELA-gracies.png\",\"keywords\":[\"ELA\",\"Fundaci\u00f3 Catalana d&#039;ELA Miquel Valls\",\"Voluntariat\"],\"articleSection\":[\"Iniciatives solid\u00e0ries\"],\"inLanguage\":\"es\"},{\"@type\":\"WebPage\",\"@id\":\"https:\/\/fundaciomiquelvalls.org\/es\/gracias-swim-for-ela-por-vuestro-apoyo-gracias-por-el-gesto-por-la-ela\/\",\"url\":\"https:\/\/fundaciomiquelvalls.org\/es\/gracias-swim-for-ela-por-vuestro-apoyo-gracias-por-el-gesto-por-la-ela\/\",\"name\":\"\u00a1Gracias Swim for ELA por vuestro apoyo, gracias por el Gesto por la ELA! - Fundaci\u00f3 Catalana d&#039;ELA Miquel Valls\",\"isPartOf\":{\"@id\":\"https:\/\/fundaciomiquelvalls.org\/#website\"},\"primaryImageOfPage\":{\"@id\":\"https:\/\/fundaciomiquelvalls.org\/es\/gracias-swim-for-ela-por-vuestro-apoyo-gracias-por-el-gesto-por-la-ela\/#primaryimage\"},\"image\":{\"@id\":\"https:\/\/fundaciomiquelvalls.org\/es\/gracias-swim-for-ela-por-vuestro-apoyo-gracias-por-el-gesto-por-la-ela\/#primaryimage\"},\"thumbnailUrl\":\"https:\/\/fundaciomiquelvalls.org\/wp-content\/uploads\/2024\/01\/SWIM-FOR-ELA-gracies.png\",\"datePublished\":\"2024-01-09T11:19:05+00:00\",\"dateModified\":\"2024-01-09T11:22:00+00:00\",\"author\":{\"@id\":\"https:\/\/fundaciomiquelvalls.org\/#\/schema\/person\/49e4b390c29b931f8b4213fbd9276ea3\"},\"description\":\"Agradecidos a la asociaci\u00f3n Swim for ELA, por su incansable labor de visibilidad y captaci\u00f3n de fondos destinados a la investigaci\u00f3n en la ELA y el apoyo de las personas afectadas por esta enfermedad.\",\"breadcrumb\":{\"@id\":\"https:\/\/fundaciomiquelvalls.org\/es\/gracias-swim-for-ela-por-vuestro-apoyo-gracias-por-el-gesto-por-la-ela\/#breadcrumb\"},\"inLanguage\":\"es\",\"potentialAction\":[{\"@type\":\"ReadAction\",\"target\":[\"https:\/\/fundaciomiquelvalls.org\/es\/gracias-swim-for-ela-por-vuestro-apoyo-gracias-por-el-gesto-por-la-ela\/\"]}]},{\"@type\":\"ImageObject\",\"inLanguage\":\"es\",\"@id\":\"https:\/\/fundaciomiquelvalls.org\/es\/gracias-swim-for-ela-por-vuestro-apoyo-gracias-por-el-gesto-por-la-ela\/#primaryimage\",\"url\":\"https:\/\/fundaciomiquelvalls.org\/wp-content\/uploads\/2024\/01\/SWIM-FOR-ELA-gracies.png\",\"contentUrl\":\"https:\/\/fundaciomiquelvalls.org\/wp-content\/uploads\/2024\/01\/SWIM-FOR-ELA-gracies.png\",\"width\":940,\"height\":788},{\"@type\":\"BreadcrumbList\",\"@id\":\"https:\/\/fundaciomiquelvalls.org\/es\/gracias-swim-for-ela-por-vuestro-apoyo-gracias-por-el-gesto-por-la-ela\/#breadcrumb\",\"itemListElement\":[{\"@type\":\"ListItem\",\"position\":1,\"name\":\"Portada\",\"item\":\"https:\/\/fundaciomiquelvalls.org\/es\/\"},{\"@type\":\"ListItem\",\"position\":2,\"name\":\"\u00a1Gracias Swim for ELA por vuestro apoyo, gracias por el Gesto por la ELA!\"}]},{\"@type\":\"WebSite\",\"@id\":\"https:\/\/fundaciomiquelvalls.org\/#website\",\"url\":\"https:\/\/fundaciomiquelvalls.org\/\",\"name\":\"Fundaci\u00f3 Catalana d&#039;ELA Miquel Valls\",\"description\":\"Treballem per millorar la qualitat de vida de les persones afectades d&#039;ELA i Malaltia de Motoneurona\",\"potentialAction\":[{\"@type\":\"SearchAction\",\"target\":{\"@type\":\"EntryPoint\",\"urlTemplate\":\"https:\/\/fundaciomiquelvalls.org\/?s={search_term_string}\"},\"query-input\":{\"@type\":\"PropertyValueSpecification\",\"valueRequired\":true,\"valueName\":\"search_term_string\"}}],\"inLanguage\":\"es\"},{\"@type\":\"Person\",\"@id\":\"https:\/\/fundaciomiquelvalls.org\/#\/schema\/person\/49e4b390c29b931f8b4213fbd9276ea3\",\"name\":\"Fundaci\u00f3 Catalana d'ELA Miquel Valls\",\"sameAs\":[\"https:\/\/fundaciomiquelvalls.org\"],\"url\":\"https:\/\/fundaciomiquelvalls.org\/es\/author\/alojapro_dev\/\"}]}<\/script>\n<!-- \/ Yoast SEO plugin. -->","yoast_head_json":{"title":"\u00a1Gracias Swim for ELA por vuestro apoyo, gracias por el Gesto por la ELA! - Fundaci\u00f3 Catalana d&#039;ELA Miquel Valls","description":"Agradecidos a la asociaci\u00f3n Swim for ELA, por su incansable labor de visibilidad y captaci\u00f3n de fondos destinados a la investigaci\u00f3n en la ELA y el apoyo de las personas afectadas por esta enfermedad.","robots":{"index":"index","follow":"follow","max-snippet":"max-snippet:-1","max-image-preview":"max-image-preview:large","max-video-preview":"max-video-preview:-1"},"canonical":"https:\/\/fundaciomiquelvalls.org\/es\/gracias-swim-for-ela-por-vuestro-apoyo-gracias-por-el-gesto-por-la-ela\/","og_locale":"es_ES","og_type":"article","og_title":"\u00a1Gracias Swim for ELA por vuestro apoyo, gracias por el Gesto por la ELA!","og_description":"Agradecidos a la asociaci\u00f3n Swim for ELA, por su incansable labor de visibilidad y captaci\u00f3n de fondos destinados a la investigaci\u00f3n en la ELA y el apoyo de las personas afectadas por esta enfermedad.","og_url":"https:\/\/fundaciomiquelvalls.org\/es\/gracias-swim-for-ela-por-vuestro-apoyo-gracias-por-el-gesto-por-la-ela\/","og_site_name":"Fundaci\u00f3 Catalana d&#039;ELA Miquel Valls","article_published_time":"2024-01-09T11:19:05+00:00","article_modified_time":"2024-01-09T11:22:00+00:00","og_image":[{"width":940,"height":788,"url":"https:\/\/fundaciomiquelvalls.org\/wp-content\/uploads\/2024\/01\/SWIM-FOR-ELA-gracies.png","type":"image\/png"}],"author":"Fundaci\u00f3 Catalana d'ELA Miquel Valls","twitter_card":"summary_large_image","twitter_title":"\u00a1Gracias Swim for ELA por vuestro apoyo, gracias por el Gesto por la ELA!","twitter_description":"Agradecidos a la asociaci\u00f3n Swim for ELA, por su incansable labor de visibilidad y captaci\u00f3n de fondos destinados a la investigaci\u00f3n en la ELA y el apoyo de las personas afectadas por esta enfermedad.","twitter_image":"https:\/\/fundaciomiquelvalls.org\/wp-content\/uploads\/2024\/01\/SWIM-FOR-ELA-gracies.png","twitter_misc":{"Escrito por":"Fundaci\u00f3 Catalana d'ELA Miquel Valls","Tiempo de lectura":"1 minuto"},"schema":{"@context":"https:\/\/schema.org","@graph":[{"@type":"Article","@id":"https:\/\/fundaciomiquelvalls.org\/es\/gracias-swim-for-ela-por-vuestro-apoyo-gracias-por-el-gesto-por-la-ela\/#article","isPartOf":{"@id":"https:\/\/fundaciomiquelvalls.org\/es\/gracias-swim-for-ela-por-vuestro-apoyo-gracias-por-el-gesto-por-la-ela\/"},"author":{"name":"Fundaci\u00f3 Catalana d'ELA Miquel Valls","@id":"https:\/\/fundaciomiquelvalls.org\/#\/schema\/person\/49e4b390c29b931f8b4213fbd9276ea3"},"headline":"\u00a1Gracias Swim for ELA por vuestro apoyo, gracias por el Gesto por la ELA!","datePublished":"2024-01-09T11:19:05+00:00","dateModified":"2024-01-09T11:22:00+00:00","mainEntityOfPage":{"@id":"https:\/\/fundaciomiquelvalls.org\/es\/gracias-swim-for-ela-por-vuestro-apoyo-gracias-por-el-gesto-por-la-ela\/"},"wordCount":167,"image":{"@id":"https:\/\/fundaciomiquelvalls.org\/es\/gracias-swim-for-ela-por-vuestro-apoyo-gracias-por-el-gesto-por-la-ela\/#primaryimage"},"thumbnailUrl":"https:\/\/fundaciomiquelvalls.org\/wp-content\/uploads\/2024\/01\/SWIM-FOR-ELA-gracies.png","keywords":["ELA","Fundaci\u00f3 Catalana d&#039;ELA Miquel Valls","Voluntariat"],"articleSection":["Iniciatives solid\u00e0ries"],"inLanguage":"es"},{"@type":"WebPage","@id":"https:\/\/fundaciomiquelvalls.org\/es\/gracias-swim-for-ela-por-vuestro-apoyo-gracias-por-el-gesto-por-la-ela\/","url":"https:\/\/fundaciomiquelvalls.org\/es\/gracias-swim-for-ela-por-vuestro-apoyo-gracias-por-el-gesto-por-la-ela\/","name":"\u00a1Gracias Swim for ELA por vuestro apoyo, gracias por el Gesto por la ELA! - Fundaci\u00f3 Catalana d&#039;ELA Miquel Valls","isPartOf":{"@id":"https:\/\/fundaciomiquelvalls.org\/#website"},"primaryImageOfPage":{"@id":"https:\/\/fundaciomiquelvalls.org\/es\/gracias-swim-for-ela-por-vuestro-apoyo-gracias-por-el-gesto-por-la-ela\/#primaryimage"},"image":{"@id":"https:\/\/fundaciomiquelvalls.org\/es\/gracias-swim-for-ela-por-vuestro-apoyo-gracias-por-el-gesto-por-la-ela\/#primaryimage"},"thumbnailUrl":"https:\/\/fundaciomiquelvalls.org\/wp-content\/uploads\/2024\/01\/SWIM-FOR-ELA-gracies.png","datePublished":"2024-01-09T11:19:05+00:00","dateModified":"2024-01-09T11:22:00+00:00","author":{"@id":"https:\/\/fundaciomiquelvalls.org\/#\/schema\/person\/49e4b390c29b931f8b4213fbd9276ea3"},"description":"Agradecidos a la asociaci\u00f3n Swim for ELA, por su incansable labor de visibilidad y captaci\u00f3n de fondos destinados a la investigaci\u00f3n en la ELA y el apoyo de las personas afectadas por esta enfermedad.","breadcrumb":{"@id":"https:\/\/fundaciomiquelvalls.org\/es\/gracias-swim-for-ela-por-vuestro-apoyo-gracias-por-el-gesto-por-la-ela\/#breadcrumb"},"inLanguage":"es","potentialAction":[{"@type":"ReadAction","target":["https:\/\/fundaciomiquelvalls.org\/es\/gracias-swim-for-ela-por-vuestro-apoyo-gracias-por-el-gesto-por-la-ela\/"]}]},{"@type":"ImageObject","inLanguage":"es","@id":"https:\/\/fundaciomiquelvalls.org\/es\/gracias-swim-for-ela-por-vuestro-apoyo-gracias-por-el-gesto-por-la-ela\/#primaryimage","url":"https:\/\/fundaciomiquelvalls.org\/wp-content\/uploads\/2024\/01\/SWIM-FOR-ELA-gracies.png","contentUrl":"https:\/\/fundaciomiquelvalls.org\/wp-content\/uploads\/2024\/01\/SWIM-FOR-ELA-gracies.png","width":940,"height":788},{"@type":"BreadcrumbList","@id":"https:\/\/fundaciomiquelvalls.org\/es\/gracias-swim-for-ela-por-vuestro-apoyo-gracias-por-el-gesto-por-la-ela\/#breadcrumb","itemListElement":[{"@type":"ListItem","position":1,"name":"Portada","item":"https:\/\/fundaciomiquelvalls.org\/es\/"},{"@type":"ListItem","position":2,"name":"\u00a1Gracias Swim for ELA por vuestro apoyo, gracias por el Gesto por la ELA!"}]},{"@type":"WebSite","@id":"https:\/\/fundaciomiquelvalls.org\/#website","url":"https:\/\/fundaciomiquelvalls.org\/","name":"Fundaci\u00f3 Catalana d&#039;ELA Miquel Valls","description":"Treballem per millorar la qualitat de vida de les persones afectades d&#039;ELA i Malaltia de Motoneurona","potentialAction":[{"@type":"SearchAction","target":{"@type":"EntryPoint","urlTemplate":"https:\/\/fundaciomiquelvalls.org\/?s={search_term_string}"},"query-input":{"@type":"PropertyValueSpecification","valueRequired":true,"valueName":"search_term_string"}}],"inLanguage":"es"},{"@type":"Person","@id":"https:\/\/fundaciomiquelvalls.org\/#\/schema\/person\/49e4b390c29b931f8b4213fbd9276ea3","name":"Fundaci\u00f3 Catalana d'ELA Miquel Valls","sameAs":["https:\/\/fundaciomiquelvalls.org"],"url":"https:\/\/fundaciomiquelvalls.org\/es\/author\/alojapro_dev\/"}]}},"_links":{"self":[{"href":"https:\/\/fundaciomiquelvalls.org\/es\/wp-json\/wp\/v2\/posts\/6242","targetHints":{"allow":["GET"]}}],"collection":[{"href":"https:\/\/fundaciomiquelvalls.org\/es\/wp-json\/wp\/v2\/posts"}],"about":[{"href":"https:\/\/fundaciomiquelvalls.org\/es\/wp-json\/wp\/v2\/types\/post"}],"author":[{"embeddable":true,"href":"https:\/\/fundaciomiquelvalls.org\/es\/wp-json\/wp\/v2\/users\/1"}],"replies":[{"embeddable":true,"href":"https:\/\/fundaciomiquelvalls.org\/es\/wp-json\/wp\/v2\/comments?post=6242"}],"version-history":[{"count":1,"href":"https:\/\/fundaciomiquelvalls.org\/es\/wp-json\/wp\/v2\/posts\/6242\/revisions"}],"predecessor-version":[{"id":6244,"href":"https:\/\/fundaciomiquelvalls.org\/es\/wp-json\/wp\/v2\/posts\/6242\/revisions\/6244"}],"wp:featuredmedia":[{"embeddable":true,"href":"https:\/\/fundaciomiquelvalls.org\/es\/wp-json\/wp\/v2\/media\/6240"}],"wp:attachment":[{"href":"https:\/\/fundaciomiquelvalls.org\/es\/wp-json\/wp\/v2\/media?parent=6242"}],"wp:term":[{"taxonomy":"category","embeddable":true,"href":"https:\/\/fundaciomiquelvalls.org\/es\/wp-json\/wp\/v2\/categories?post=6242"},{"taxonomy":"post_tag","embeddable":true,"href":"https:\/\/fundaciomiquelvalls.org\/es\/wp-json\/wp\/v2\/tags?post=6242"}],"curies":[{"name":"wp","href":"https:\/\/api.w.org\/{rel}","templated":true}]}}