{"id":5650,"date":"2020-11-19T08:17:00","date_gmt":"2020-11-19T08:17:00","guid":{"rendered":"https:\/\/fundaciomiquelvalls.org\/el-programa-datencio-integral-a-persones-amb-malalties-avancades-de-la-fundacio-la-caixa-i-la-fundacio-catalana-dela-miquel-valls\/"},"modified":"2023-08-31T08:32:51","modified_gmt":"2023-08-31T08:32:51","slug":"el-programa-de-atencion-integral-a-personas-con-enfermedades-avanzadas-de-la-fundacion-la-caixa-y-la-fundacion-catalana-de-ela-miquel-valls","status":"publish","type":"post","link":"https:\/\/fundaciomiquelvalls.org\/es\/el-programa-de-atencion-integral-a-personas-con-enfermedades-avanzadas-de-la-fundacion-la-caixa-y-la-fundacion-catalana-de-ela-miquel-valls\/","title":{"rendered":"El Programa de Atenci\u00f3n Integral a Personas con Enfermedades Avanzadas de la Fundaci\u00f3n \u00abla Caixa\u00bb y la Fundaci\u00f3n Catalana de ELA Miquel Valls"},"content":{"rendered":"\n<p>El equipo de psicolog\u00eda de la Fundaci\u00f3n Catalana de ELA Miquel Valls (FCEMV) formamos parte del programa de Atenci\u00f3n Integral para Personas con Enfermedad Avanzada de la Fundaci\u00f3n \u00abLa Caixa\u00bb desde el a\u00f1o 2015. A trav\u00e9s de este programa, avalado por la Organizaci\u00f3n Mundial de la Salud (OMS), se complementa la actuaci\u00f3n en el \u00e1mbito de los cuidados paliativos y la atenci\u00f3n a enfermos y enfermas avanzados en Espa\u00f1a de la siguiente manera:<\/p>\n\n\n\n<ul class=\"wp-block-list\">\n<li>Sensibilizar a la sociedad para que conozcan qu\u00e9 son los cuidados paliativos y entiendan las peculiaridades del final de vida.<\/li>\n\n\n\n<li>Impulsar las nuevas v\u00edas de actuaci\u00f3n en el \u00e1mbito de los cuidados paliativos.<\/li>\n\n\n\n<li>Ofrecer una atenci\u00f3n integral a personas con enfermedades avanzadas y sus familias.<\/li>\n<\/ul>\n\n\n\n<p>El coraz\u00f3n del programa son los Equipos de Atenci\u00f3n Psicosocial (EAPS), 45 en toda Espa\u00f1a. Estos profesionales est\u00e1n formados y entrenados para dar a las personas y sus familias una atenci\u00f3n paliativa c\u00e1lida, sensible y humana.<\/p>\n\n\n\n<p><em>\u00bfCu\u00e1les son las funciones del equipo de psicolog\u00eda de la FCEMV (EAPS-FCEMV) dentro del programa?<\/em><\/p>\n\n\n\n<p>En la misma l\u00ednea de actuaci\u00f3n que se ofrece desde los diferentes departamentos de la Fundaci\u00f3n Catalana de ELA Miquel Valls, ofrecemos intervenci\u00f3n psicol\u00f3gica, social y espiritual que complementa la asistencia sanitaria para conseguir una atenci\u00f3n integral espec\u00edfica en la ELA y las enfermedades de la motoneurona (EMN).<\/p>\n\n\n\n<p>Junto a los equipos asistenciales, hemos creado e implementado un modelo de <strong>atenci\u00f3n psicosocial <\/strong>que tiene como objetivo mejorar los cuidados paliativos a los enfermos avanzados y ayudar al paciente y su familia a afrontar la enfermedad.<\/p>\n\n\n\n<p>A nivel espiritual, valoramos las necesidades espirituales que presentan el paciente y la familia, y los ayudamos a integrar los aspectos espirituales con el objetivo de ayudar a afrontar de forma m\u00e1s serena el proceso final, desde un respeto m\u00e1ximo a las creencias y convicciones de cada uno.<\/p>\n\n\n\n<p>Tambi\u00e9n realizamos<strong> atenci\u00f3n al duelo <\/strong>a todas las personas afectadas por la p\u00e9rdida de un ser querido debido a la ELA\/EMN que lo requieran o lo soliciten.<\/p>\n\n\n\n<p>Por otro lado, <strong>apoyamos a los profesionales sanitarios<\/strong> que trabajan en el \u00e1mbito de los cuidados paliativos, llamados Equipos Receptores (ER), en temas como la comunicaci\u00f3n en situaciones dif\u00edciles y la gesti\u00f3n del estr\u00e9s. El EAPS de la Fundaci\u00f3n Catalana de ELA Miquel Valls tiene como Equipos Receptores (ER) del Hospital Universitario de Bellvitge, El Hospital del Mar, el Hospital Sant Pau, Hospital Vall d&#8217;Hebr\u00f3n, la Corporaci\u00f3n de Salud Selva Maresme, el PADES Matar\u00f3, el Hospital Joan XXIII y la regi\u00f3n territorial de Tarragona y Tierras del Ebro y, finalmente, la misma Fundaci\u00f3n Catalana de ELA Miquel Valls, as\u00ed como cualquier profesional o equipo que solicita nuestro apoyo.<\/p>\n\n\n\n<p>El <strong>voluntariado<\/strong> es otra l\u00ednea de trabajo. La participaci\u00f3n de los voluntarios y su integraci\u00f3n en los equipos se considera un principio b\u00e1sico en nuestro modelo de atenci\u00f3n en cuidados paliativos.<\/p>\n\n\n\n<p>El voluntariado acompa\u00f1a, a\u00f1ade valores humanos y complementa la atenci\u00f3n al final de la vida, dando respuesta a las necesidades personales y sociales del enfermo y su familia.<\/p>\n\n\n\n<p>As\u00ed pues, desde el departamento de psicolog\u00eda de la Fundaci\u00f3n Catalana de ELA Miquel Valls, atendemos de manera espec\u00edfica a los afectados de las ELA\/EMN y sus familiares, estableciendo un clima relacional que predisponga a una relaci\u00f3n emp\u00e1tica, de prudencia y de respeto. Facilitando la fluidez comunicativa, se exploran las preocupaciones y se reconocen los cambios. Cambios que se experimentan a nivel f\u00edsico, emocional, social y espiritual, que activan sentimientos de fragilidad y de sufrimiento inherentes a la condici\u00f3n humana, con el objetivo de potenciar los propios recursos y facilitar el ajuste emocional.<\/p>\n\n\n\n<p>Ten\u00e9is m\u00e1s informaci\u00f3n sobre el Programa de Atenci\u00f3n Integral a personas con enfermedades avanzadas de la Fundaci\u00f3n \u00abla Caixa\u00bb en <strong><a href=\"https:\/\/fundacionlacaixa.org\/ca\/atencio-integral-persones-malalties-avancades-descripcio\">nuestra web.<\/a><\/strong><\/p>\n","protected":false},"excerpt":{"rendered":"<p>El equipo de psicolog\u00eda de la Fundaci\u00f3n Catalana de ELA Miquel Valls (FCEMV) formamos parte del programa de Atenci\u00f3n Integral para Personas con Enfermedad Avanzada de la Fundaci\u00f3n \u201cLa Caixa\u201d desde el a\u00f1o 2015 se complementa la actuaci\u00f3n en el \u00e1mbito de los cuidados paliativos y la atenci\u00f3n a personas enfermas avanzadas.<\/p>\n","protected":false},"author":1,"featured_media":5648,"comment_status":"closed","ping_status":"closed","sticky":false,"template":"","format":"standard","meta":{"footnotes":""},"categories":[76],"tags":[91,122,170],"class_list":["post-5650","post","type-post","status-publish","format-standard","has-post-thumbnail","hentry","category-articles-dinteres","tag-ela-es","tag-fundacio-catalana-dela-miquel-valls-es","tag-psicologia"],"yoast_head":"<!-- This site is optimized with the Yoast SEO plugin v26.9 - https:\/\/yoast.com\/product\/yoast-seo-wordpress\/ -->\n<title>El Programa de Atenci\u00f3n Integral a Personas con Enfermedades Avanzadas de la Fundaci\u00f3n &quot;la Caixa&quot; y la Fundaci\u00f3n Catalana de ELA Miquel Valls - Fundaci\u00f3 Catalana d&#039;ELA Miquel Valls<\/title>\n<meta name=\"description\" content=\"El equipo de psicolog\u00eda de la Fundaci\u00f3n Catalana de ELA Miquel Valls (FCEMV) formamos parte del programa de Atenci\u00f3n Integral para Personas con Enfermedad Avanzada de la Fundaci\u00f3n \u201cLa Caixa\u201d desde el a\u00f1o 2015.\" \/>\n<meta name=\"robots\" content=\"index, follow, max-snippet:-1, max-image-preview:large, max-video-preview:-1\" \/>\n<link rel=\"canonical\" href=\"https:\/\/fundaciomiquelvalls.org\/es\/el-programa-de-atencion-integral-a-personas-con-enfermedades-avanzadas-de-la-fundacion-la-caixa-y-la-fundacion-catalana-de-ela-miquel-valls\/\" \/>\n<meta property=\"og:locale\" content=\"es_ES\" \/>\n<meta property=\"og:type\" content=\"article\" \/>\n<meta property=\"og:title\" content=\"El Programa de Atenci\u00f3n Integral a Personas con Enfermedades Avanzadas de la Fundaci\u00f3n &quot;la Caixa&quot; y la Fundaci\u00f3n Catalana de ELA Miquel Valls\" \/>\n<meta property=\"og:description\" content=\"El equipo de psicolog\u00eda de la Fundaci\u00f3n Catalana de ELA Miquel Valls (FCEMV) formamos parte del programa de Atenci\u00f3n Integral para Personas con Enfermedad Avanzada de la Fundaci\u00f3n \u201cLa Caixa\u201d desde el a\u00f1o 2015.\" \/>\n<meta property=\"og:url\" content=\"https:\/\/fundaciomiquelvalls.org\/es\/el-programa-de-atencion-integral-a-personas-con-enfermedades-avanzadas-de-la-fundacion-la-caixa-y-la-fundacion-catalana-de-ela-miquel-valls\/\" \/>\n<meta property=\"og:site_name\" content=\"Fundaci\u00f3 Catalana d&#039;ELA Miquel Valls\" \/>\n<meta property=\"article:published_time\" content=\"2020-11-19T08:17:00+00:00\" \/>\n<meta property=\"article:modified_time\" content=\"2023-08-31T08:32:51+00:00\" \/>\n<meta property=\"og:image\" content=\"https:\/\/fundaciomiquelvalls.org\/wp-content\/uploads\/2023\/08\/imatge-eaps-fcemv-logos.jpg\" \/>\n\t<meta property=\"og:image:width\" content=\"1280\" \/>\n\t<meta property=\"og:image:height\" content=\"720\" \/>\n\t<meta property=\"og:image:type\" content=\"image\/jpeg\" \/>\n<meta name=\"author\" content=\"Fundaci\u00f3 Catalana d&#039;ELA Miquel Valls\" \/>\n<meta name=\"twitter:card\" content=\"summary_large_image\" \/>\n<meta name=\"twitter:title\" content=\"El Programa de Atenci\u00f3n Integral a Personas con Enfermedades Avanzadas de la Fundaci\u00f3n &quot;la Caixa&quot; y la Fundaci\u00f3n Catalana de ELA Miquel Valls\" \/>\n<meta name=\"twitter:description\" content=\"L\u2019equip de psicologia de la Fundaci\u00f3 Catalana d\u2019ELA Miquel Valls (FCEMV) formem part del programa d\u2019Atenci\u00f3 Integral per a Persones amb Malaltia Avan\u00e7ada de la Fundaci\u00f3 \u201cLa Caixa\u201d des de l\u2019any 2015.\" \/>\n<meta name=\"twitter:image\" content=\"https:\/\/fundaciomiquelvalls.org\/wp-content\/uploads\/2023\/08\/imatge-eaps-fcemv-logos.jpg\" \/>\n<meta name=\"twitter:label1\" content=\"Escrito por\" \/>\n\t<meta name=\"twitter:data1\" content=\"Fundaci\u00f3 Catalana d&#039;ELA Miquel Valls\" \/>\n\t<meta name=\"twitter:label2\" content=\"Tiempo de lectura\" \/>\n\t<meta name=\"twitter:data2\" content=\"4 minutos\" \/>\n<script type=\"application\/ld+json\" class=\"yoast-schema-graph\">{\"@context\":\"https:\/\/schema.org\",\"@graph\":[{\"@type\":\"Article\",\"@id\":\"https:\/\/fundaciomiquelvalls.org\/es\/el-programa-de-atencion-integral-a-personas-con-enfermedades-avanzadas-de-la-fundacion-la-caixa-y-la-fundacion-catalana-de-ela-miquel-valls\/#article\",\"isPartOf\":{\"@id\":\"https:\/\/fundaciomiquelvalls.org\/es\/el-programa-de-atencion-integral-a-personas-con-enfermedades-avanzadas-de-la-fundacion-la-caixa-y-la-fundacion-catalana-de-ela-miquel-valls\/\"},\"author\":{\"name\":\"Fundaci\u00f3 Catalana d'ELA Miquel Valls\",\"@id\":\"https:\/\/fundaciomiquelvalls.org\/#\/schema\/person\/49e4b390c29b931f8b4213fbd9276ea3\"},\"headline\":\"El Programa de Atenci\u00f3n Integral a Personas con Enfermedades Avanzadas de la Fundaci\u00f3n \u00abla Caixa\u00bb y la Fundaci\u00f3n Catalana de ELA Miquel Valls\",\"datePublished\":\"2020-11-19T08:17:00+00:00\",\"dateModified\":\"2023-08-31T08:32:51+00:00\",\"mainEntityOfPage\":{\"@id\":\"https:\/\/fundaciomiquelvalls.org\/es\/el-programa-de-atencion-integral-a-personas-con-enfermedades-avanzadas-de-la-fundacion-la-caixa-y-la-fundacion-catalana-de-ela-miquel-valls\/\"},\"wordCount\":701,\"image\":{\"@id\":\"https:\/\/fundaciomiquelvalls.org\/es\/el-programa-de-atencion-integral-a-personas-con-enfermedades-avanzadas-de-la-fundacion-la-caixa-y-la-fundacion-catalana-de-ela-miquel-valls\/#primaryimage\"},\"thumbnailUrl\":\"https:\/\/fundaciomiquelvalls.org\/wp-content\/uploads\/2023\/08\/imatge-eaps-fcemv-logos.jpg\",\"keywords\":[\"ELA\",\"Fundaci\u00f3 Catalana d&#039;ELA Miquel Valls\",\"Psicologia\"],\"articleSection\":[\"Articles d'inter\u00e8s\"],\"inLanguage\":\"es\"},{\"@type\":\"WebPage\",\"@id\":\"https:\/\/fundaciomiquelvalls.org\/es\/el-programa-de-atencion-integral-a-personas-con-enfermedades-avanzadas-de-la-fundacion-la-caixa-y-la-fundacion-catalana-de-ela-miquel-valls\/\",\"url\":\"https:\/\/fundaciomiquelvalls.org\/es\/el-programa-de-atencion-integral-a-personas-con-enfermedades-avanzadas-de-la-fundacion-la-caixa-y-la-fundacion-catalana-de-ela-miquel-valls\/\",\"name\":\"El Programa de Atenci\u00f3n Integral a Personas con Enfermedades Avanzadas de la Fundaci\u00f3n \\\"la Caixa\\\" y la Fundaci\u00f3n Catalana de ELA Miquel Valls - Fundaci\u00f3 Catalana d&#039;ELA Miquel Valls\",\"isPartOf\":{\"@id\":\"https:\/\/fundaciomiquelvalls.org\/#website\"},\"primaryImageOfPage\":{\"@id\":\"https:\/\/fundaciomiquelvalls.org\/es\/el-programa-de-atencion-integral-a-personas-con-enfermedades-avanzadas-de-la-fundacion-la-caixa-y-la-fundacion-catalana-de-ela-miquel-valls\/#primaryimage\"},\"image\":{\"@id\":\"https:\/\/fundaciomiquelvalls.org\/es\/el-programa-de-atencion-integral-a-personas-con-enfermedades-avanzadas-de-la-fundacion-la-caixa-y-la-fundacion-catalana-de-ela-miquel-valls\/#primaryimage\"},\"thumbnailUrl\":\"https:\/\/fundaciomiquelvalls.org\/wp-content\/uploads\/2023\/08\/imatge-eaps-fcemv-logos.jpg\",\"datePublished\":\"2020-11-19T08:17:00+00:00\",\"dateModified\":\"2023-08-31T08:32:51+00:00\",\"author\":{\"@id\":\"https:\/\/fundaciomiquelvalls.org\/#\/schema\/person\/49e4b390c29b931f8b4213fbd9276ea3\"},\"description\":\"El equipo de psicolog\u00eda de la Fundaci\u00f3n Catalana de ELA Miquel Valls (FCEMV) formamos parte del programa de Atenci\u00f3n Integral para Personas con Enfermedad Avanzada de la Fundaci\u00f3n \u201cLa Caixa\u201d desde el a\u00f1o 2015.\",\"breadcrumb\":{\"@id\":\"https:\/\/fundaciomiquelvalls.org\/es\/el-programa-de-atencion-integral-a-personas-con-enfermedades-avanzadas-de-la-fundacion-la-caixa-y-la-fundacion-catalana-de-ela-miquel-valls\/#breadcrumb\"},\"inLanguage\":\"es\",\"potentialAction\":[{\"@type\":\"ReadAction\",\"target\":[\"https:\/\/fundaciomiquelvalls.org\/es\/el-programa-de-atencion-integral-a-personas-con-enfermedades-avanzadas-de-la-fundacion-la-caixa-y-la-fundacion-catalana-de-ela-miquel-valls\/\"]}]},{\"@type\":\"ImageObject\",\"inLanguage\":\"es\",\"@id\":\"https:\/\/fundaciomiquelvalls.org\/es\/el-programa-de-atencion-integral-a-personas-con-enfermedades-avanzadas-de-la-fundacion-la-caixa-y-la-fundacion-catalana-de-ela-miquel-valls\/#primaryimage\",\"url\":\"https:\/\/fundaciomiquelvalls.org\/wp-content\/uploads\/2023\/08\/imatge-eaps-fcemv-logos.jpg\",\"contentUrl\":\"https:\/\/fundaciomiquelvalls.org\/wp-content\/uploads\/2023\/08\/imatge-eaps-fcemv-logos.jpg\",\"width\":1280,\"height\":720},{\"@type\":\"BreadcrumbList\",\"@id\":\"https:\/\/fundaciomiquelvalls.org\/es\/el-programa-de-atencion-integral-a-personas-con-enfermedades-avanzadas-de-la-fundacion-la-caixa-y-la-fundacion-catalana-de-ela-miquel-valls\/#breadcrumb\",\"itemListElement\":[{\"@type\":\"ListItem\",\"position\":1,\"name\":\"Portada\",\"item\":\"https:\/\/fundaciomiquelvalls.org\/es\/\"},{\"@type\":\"ListItem\",\"position\":2,\"name\":\"El Programa de Atenci\u00f3n Integral a Personas con Enfermedades Avanzadas de la Fundaci\u00f3n &#8220;la Caixa&#8221; y la Fundaci\u00f3n Catalana de ELA Miquel Valls\"}]},{\"@type\":\"WebSite\",\"@id\":\"https:\/\/fundaciomiquelvalls.org\/#website\",\"url\":\"https:\/\/fundaciomiquelvalls.org\/\",\"name\":\"Fundaci\u00f3 Catalana d&#039;ELA Miquel Valls\",\"description\":\"Treballem per millorar la qualitat de vida de les persones afectades d&#039;ELA i Malaltia de Motoneurona\",\"potentialAction\":[{\"@type\":\"SearchAction\",\"target\":{\"@type\":\"EntryPoint\",\"urlTemplate\":\"https:\/\/fundaciomiquelvalls.org\/?s={search_term_string}\"},\"query-input\":{\"@type\":\"PropertyValueSpecification\",\"valueRequired\":true,\"valueName\":\"search_term_string\"}}],\"inLanguage\":\"es\"},{\"@type\":\"Person\",\"@id\":\"https:\/\/fundaciomiquelvalls.org\/#\/schema\/person\/49e4b390c29b931f8b4213fbd9276ea3\",\"name\":\"Fundaci\u00f3 Catalana d'ELA Miquel Valls\",\"sameAs\":[\"https:\/\/fundaciomiquelvalls.org\"],\"url\":\"https:\/\/fundaciomiquelvalls.org\/es\/author\/alojapro_dev\/\"}]}<\/script>\n<!-- \/ Yoast SEO plugin. -->","yoast_head_json":{"title":"El Programa de Atenci\u00f3n Integral a Personas con Enfermedades Avanzadas de la Fundaci\u00f3n \"la Caixa\" y la Fundaci\u00f3n Catalana de ELA Miquel Valls - Fundaci\u00f3 Catalana d&#039;ELA Miquel Valls","description":"El equipo de psicolog\u00eda de la Fundaci\u00f3n Catalana de ELA Miquel Valls (FCEMV) formamos parte del programa de Atenci\u00f3n Integral para Personas con Enfermedad Avanzada de la Fundaci\u00f3n \u201cLa Caixa\u201d desde el a\u00f1o 2015.","robots":{"index":"index","follow":"follow","max-snippet":"max-snippet:-1","max-image-preview":"max-image-preview:large","max-video-preview":"max-video-preview:-1"},"canonical":"https:\/\/fundaciomiquelvalls.org\/es\/el-programa-de-atencion-integral-a-personas-con-enfermedades-avanzadas-de-la-fundacion-la-caixa-y-la-fundacion-catalana-de-ela-miquel-valls\/","og_locale":"es_ES","og_type":"article","og_title":"El Programa de Atenci\u00f3n Integral a Personas con Enfermedades Avanzadas de la Fundaci\u00f3n \"la Caixa\" y la Fundaci\u00f3n Catalana de ELA Miquel Valls","og_description":"El equipo de psicolog\u00eda de la Fundaci\u00f3n Catalana de ELA Miquel Valls (FCEMV) formamos parte del programa de Atenci\u00f3n Integral para Personas con Enfermedad Avanzada de la Fundaci\u00f3n \u201cLa Caixa\u201d desde el a\u00f1o 2015.","og_url":"https:\/\/fundaciomiquelvalls.org\/es\/el-programa-de-atencion-integral-a-personas-con-enfermedades-avanzadas-de-la-fundacion-la-caixa-y-la-fundacion-catalana-de-ela-miquel-valls\/","og_site_name":"Fundaci\u00f3 Catalana d&#039;ELA Miquel Valls","article_published_time":"2020-11-19T08:17:00+00:00","article_modified_time":"2023-08-31T08:32:51+00:00","og_image":[{"width":1280,"height":720,"url":"https:\/\/fundaciomiquelvalls.org\/wp-content\/uploads\/2023\/08\/imatge-eaps-fcemv-logos.jpg","type":"image\/jpeg"}],"author":"Fundaci\u00f3 Catalana d'ELA Miquel Valls","twitter_card":"summary_large_image","twitter_title":"El Programa de Atenci\u00f3n Integral a Personas con Enfermedades Avanzadas de la Fundaci\u00f3n \"la Caixa\" y la Fundaci\u00f3n Catalana de ELA Miquel Valls","twitter_description":"L\u2019equip de psicologia de la Fundaci\u00f3 Catalana d\u2019ELA Miquel Valls (FCEMV) formem part del programa d\u2019Atenci\u00f3 Integral per a Persones amb Malaltia Avan\u00e7ada de la Fundaci\u00f3 \u201cLa Caixa\u201d des de l\u2019any 2015.","twitter_image":"https:\/\/fundaciomiquelvalls.org\/wp-content\/uploads\/2023\/08\/imatge-eaps-fcemv-logos.jpg","twitter_misc":{"Escrito por":"Fundaci\u00f3 Catalana d'ELA Miquel Valls","Tiempo de lectura":"4 minutos"},"schema":{"@context":"https:\/\/schema.org","@graph":[{"@type":"Article","@id":"https:\/\/fundaciomiquelvalls.org\/es\/el-programa-de-atencion-integral-a-personas-con-enfermedades-avanzadas-de-la-fundacion-la-caixa-y-la-fundacion-catalana-de-ela-miquel-valls\/#article","isPartOf":{"@id":"https:\/\/fundaciomiquelvalls.org\/es\/el-programa-de-atencion-integral-a-personas-con-enfermedades-avanzadas-de-la-fundacion-la-caixa-y-la-fundacion-catalana-de-ela-miquel-valls\/"},"author":{"name":"Fundaci\u00f3 Catalana d'ELA Miquel Valls","@id":"https:\/\/fundaciomiquelvalls.org\/#\/schema\/person\/49e4b390c29b931f8b4213fbd9276ea3"},"headline":"El Programa de Atenci\u00f3n Integral a Personas con Enfermedades Avanzadas de la Fundaci\u00f3n \u00abla Caixa\u00bb y la Fundaci\u00f3n Catalana de ELA Miquel Valls","datePublished":"2020-11-19T08:17:00+00:00","dateModified":"2023-08-31T08:32:51+00:00","mainEntityOfPage":{"@id":"https:\/\/fundaciomiquelvalls.org\/es\/el-programa-de-atencion-integral-a-personas-con-enfermedades-avanzadas-de-la-fundacion-la-caixa-y-la-fundacion-catalana-de-ela-miquel-valls\/"},"wordCount":701,"image":{"@id":"https:\/\/fundaciomiquelvalls.org\/es\/el-programa-de-atencion-integral-a-personas-con-enfermedades-avanzadas-de-la-fundacion-la-caixa-y-la-fundacion-catalana-de-ela-miquel-valls\/#primaryimage"},"thumbnailUrl":"https:\/\/fundaciomiquelvalls.org\/wp-content\/uploads\/2023\/08\/imatge-eaps-fcemv-logos.jpg","keywords":["ELA","Fundaci\u00f3 Catalana d&#039;ELA Miquel Valls","Psicologia"],"articleSection":["Articles d'inter\u00e8s"],"inLanguage":"es"},{"@type":"WebPage","@id":"https:\/\/fundaciomiquelvalls.org\/es\/el-programa-de-atencion-integral-a-personas-con-enfermedades-avanzadas-de-la-fundacion-la-caixa-y-la-fundacion-catalana-de-ela-miquel-valls\/","url":"https:\/\/fundaciomiquelvalls.org\/es\/el-programa-de-atencion-integral-a-personas-con-enfermedades-avanzadas-de-la-fundacion-la-caixa-y-la-fundacion-catalana-de-ela-miquel-valls\/","name":"El Programa de Atenci\u00f3n Integral a Personas con Enfermedades Avanzadas de la Fundaci\u00f3n \"la Caixa\" y la Fundaci\u00f3n Catalana de ELA Miquel Valls - Fundaci\u00f3 Catalana d&#039;ELA Miquel Valls","isPartOf":{"@id":"https:\/\/fundaciomiquelvalls.org\/#website"},"primaryImageOfPage":{"@id":"https:\/\/fundaciomiquelvalls.org\/es\/el-programa-de-atencion-integral-a-personas-con-enfermedades-avanzadas-de-la-fundacion-la-caixa-y-la-fundacion-catalana-de-ela-miquel-valls\/#primaryimage"},"image":{"@id":"https:\/\/fundaciomiquelvalls.org\/es\/el-programa-de-atencion-integral-a-personas-con-enfermedades-avanzadas-de-la-fundacion-la-caixa-y-la-fundacion-catalana-de-ela-miquel-valls\/#primaryimage"},"thumbnailUrl":"https:\/\/fundaciomiquelvalls.org\/wp-content\/uploads\/2023\/08\/imatge-eaps-fcemv-logos.jpg","datePublished":"2020-11-19T08:17:00+00:00","dateModified":"2023-08-31T08:32:51+00:00","author":{"@id":"https:\/\/fundaciomiquelvalls.org\/#\/schema\/person\/49e4b390c29b931f8b4213fbd9276ea3"},"description":"El equipo de psicolog\u00eda de la Fundaci\u00f3n Catalana de ELA Miquel Valls (FCEMV) formamos parte del programa de Atenci\u00f3n Integral para Personas con Enfermedad Avanzada de la Fundaci\u00f3n \u201cLa Caixa\u201d desde el a\u00f1o 2015.","breadcrumb":{"@id":"https:\/\/fundaciomiquelvalls.org\/es\/el-programa-de-atencion-integral-a-personas-con-enfermedades-avanzadas-de-la-fundacion-la-caixa-y-la-fundacion-catalana-de-ela-miquel-valls\/#breadcrumb"},"inLanguage":"es","potentialAction":[{"@type":"ReadAction","target":["https:\/\/fundaciomiquelvalls.org\/es\/el-programa-de-atencion-integral-a-personas-con-enfermedades-avanzadas-de-la-fundacion-la-caixa-y-la-fundacion-catalana-de-ela-miquel-valls\/"]}]},{"@type":"ImageObject","inLanguage":"es","@id":"https:\/\/fundaciomiquelvalls.org\/es\/el-programa-de-atencion-integral-a-personas-con-enfermedades-avanzadas-de-la-fundacion-la-caixa-y-la-fundacion-catalana-de-ela-miquel-valls\/#primaryimage","url":"https:\/\/fundaciomiquelvalls.org\/wp-content\/uploads\/2023\/08\/imatge-eaps-fcemv-logos.jpg","contentUrl":"https:\/\/fundaciomiquelvalls.org\/wp-content\/uploads\/2023\/08\/imatge-eaps-fcemv-logos.jpg","width":1280,"height":720},{"@type":"BreadcrumbList","@id":"https:\/\/fundaciomiquelvalls.org\/es\/el-programa-de-atencion-integral-a-personas-con-enfermedades-avanzadas-de-la-fundacion-la-caixa-y-la-fundacion-catalana-de-ela-miquel-valls\/#breadcrumb","itemListElement":[{"@type":"ListItem","position":1,"name":"Portada","item":"https:\/\/fundaciomiquelvalls.org\/es\/"},{"@type":"ListItem","position":2,"name":"El Programa de Atenci\u00f3n Integral a Personas con Enfermedades Avanzadas de la Fundaci\u00f3n &#8220;la Caixa&#8221; y la Fundaci\u00f3n Catalana de ELA Miquel Valls"}]},{"@type":"WebSite","@id":"https:\/\/fundaciomiquelvalls.org\/#website","url":"https:\/\/fundaciomiquelvalls.org\/","name":"Fundaci\u00f3 Catalana d&#039;ELA Miquel Valls","description":"Treballem per millorar la qualitat de vida de les persones afectades d&#039;ELA i Malaltia de Motoneurona","potentialAction":[{"@type":"SearchAction","target":{"@type":"EntryPoint","urlTemplate":"https:\/\/fundaciomiquelvalls.org\/?s={search_term_string}"},"query-input":{"@type":"PropertyValueSpecification","valueRequired":true,"valueName":"search_term_string"}}],"inLanguage":"es"},{"@type":"Person","@id":"https:\/\/fundaciomiquelvalls.org\/#\/schema\/person\/49e4b390c29b931f8b4213fbd9276ea3","name":"Fundaci\u00f3 Catalana d'ELA Miquel Valls","sameAs":["https:\/\/fundaciomiquelvalls.org"],"url":"https:\/\/fundaciomiquelvalls.org\/es\/author\/alojapro_dev\/"}]}},"_links":{"self":[{"href":"https:\/\/fundaciomiquelvalls.org\/es\/wp-json\/wp\/v2\/posts\/5650","targetHints":{"allow":["GET"]}}],"collection":[{"href":"https:\/\/fundaciomiquelvalls.org\/es\/wp-json\/wp\/v2\/posts"}],"about":[{"href":"https:\/\/fundaciomiquelvalls.org\/es\/wp-json\/wp\/v2\/types\/post"}],"author":[{"embeddable":true,"href":"https:\/\/fundaciomiquelvalls.org\/es\/wp-json\/wp\/v2\/users\/1"}],"replies":[{"embeddable":true,"href":"https:\/\/fundaciomiquelvalls.org\/es\/wp-json\/wp\/v2\/comments?post=5650"}],"version-history":[{"count":2,"href":"https:\/\/fundaciomiquelvalls.org\/es\/wp-json\/wp\/v2\/posts\/5650\/revisions"}],"predecessor-version":[{"id":5819,"href":"https:\/\/fundaciomiquelvalls.org\/es\/wp-json\/wp\/v2\/posts\/5650\/revisions\/5819"}],"wp:featuredmedia":[{"embeddable":true,"href":"https:\/\/fundaciomiquelvalls.org\/es\/wp-json\/wp\/v2\/media\/5648"}],"wp:attachment":[{"href":"https:\/\/fundaciomiquelvalls.org\/es\/wp-json\/wp\/v2\/media?parent=5650"}],"wp:term":[{"taxonomy":"category","embeddable":true,"href":"https:\/\/fundaciomiquelvalls.org\/es\/wp-json\/wp\/v2\/categories?post=5650"},{"taxonomy":"post_tag","embeddable":true,"href":"https:\/\/fundaciomiquelvalls.org\/es\/wp-json\/wp\/v2\/tags?post=5650"}],"curies":[{"name":"wp","href":"https:\/\/api.w.org\/{rel}","templated":true}]}}