{"id":5503,"date":"2022-02-18T12:04:00","date_gmt":"2022-02-18T12:04:00","guid":{"rendered":"https:\/\/fundaciomiquelvalls.org\/qui-pateix-ela-mmn-es-la-meva-parella\/"},"modified":"2023-08-11T12:22:01","modified_gmt":"2023-08-11T12:22:01","slug":"quien-padece-ela-es-mi-pareja","status":"publish","type":"post","link":"https:\/\/fundaciomiquelvalls.org\/es\/quien-padece-ela-es-mi-pareja\/","title":{"rendered":"Quien padece ELA, es mi pareja"},"content":{"rendered":"\n<p>Es evidente el impacto de la ELA\/EMN en toda la unidad familiar, cuando empiezan a aparecer los primeros s\u00edntomas de la enfermedad, cuando se recibe el diagn\u00f3stico y cuando la enfermedad va avanzando. Sin embargo, en este art\u00edculo nos centraremos en hablar de algunas consideraciones, que, aunque pueden ser extrapolables a otros miembros de la familia, pueden verse repercutidos en mayor medida a la pareja de la persona afectada.<\/p>\n\n\n\n<p>\u00bfC\u00f3mo podr\u00edamos definir este impacto? Por un lado, por toda la mezcla emocional que se experimenta y puede ser tan diverso como: impotencia ante la falta de cuidado, frustraci\u00f3n por la rotura de los proyectos y expectativas que se ten\u00edan en la mente, alegr\u00eda para compartir un momento positivo, tristeza por la progresi\u00f3n de la enfermedad, ansiedad por anticipar situaciones futuras, miedo a determinadas reacciones, rabia por venir justo en este momento, bienestar por el hecho de cuidar, de entre muchas otras vivencias.<\/p>\n\n\n\n<p>Claro, esta enfermedad supone una ruptura en la manera de vivir hasta el momento, debi\u00e9ndose reorganizar y adaptar algunos planes e incluso proyectos vitales. Cambios que como es natural cuestan y no siempre es posible adaptarse tal como uno espera. En otras ocasiones, uno se puede terminar sorprendi\u00e9ndose por haberse adaptado mejor de lo que inicialmente hab\u00eda anticipado.<\/p>\n\n\n\n<p>Tambi\u00e9n se pueden dar cambios en las funciones que se ven\u00edan desarrollando, como por ejemplo: atender las cosas de la casa como limpieza, compra y gestiones del d\u00eda a d\u00eda o cuidar de otros: ni\u00f1os, gente dependiente o animales dom\u00e9sticos. Actividades que anteriormente pod\u00eda ya estar realizando la pareja en gran medida, tal vez ten\u00edan las tareas compartidas o incluso, tareas que ven\u00eda realizando la persona afectada y que ahora resultan totalmente nuevas para la persona cuidadora. Sea como sea, se incorpora un nuevo rol que es el de CUIDAR a la pareja que ahora, debido a la enfermedad, necesita m\u00e1s apoyo debido a la progresiva dependencia.<\/p>\n\n\n\n<p>Sea cual sea la actividad, impacta en la persona de manera significativa, produciendo cambios a nivel de identidad.<\/p>\n\n\n\n<p>Producto del cansancio y las nuevas funciones, la relaci\u00f3n afectiva entre la pareja puede presentar cambios ya que la relaci\u00f3n de cuidar puede ganar peso en la de pareja. Quiz\u00e1s antes se comunicaban con m\u00e1s facilidad los sentimientos y ahora cuesta m\u00e1s para no hacer sufrir, o cuesta m\u00e1s decir unas palabras bonitas, o encontrar un momento para hacer algo que antes gustaba hacer de manera conjunta. Estos cambios, pueden a\u00f1adir malestar porque justamente en el momento de mayor vulnerabilidad y estr\u00e9s es cuando m\u00e1s necesitamos sentirnos acompa\u00f1ados, recibir y dar afecto de aquellas personas que son importantes y que siempre ayudan a cargar energ\u00eda. Pero posiblemente con todo esto que estamos viviendo, no se sabe muy bien c\u00f3mo hacerlo &#8230;<\/p>\n\n\n\n<p>A veces ante los cambios se necesita de un tiempo para asimilar toda la informaci\u00f3n, digerir las emociones y coger impulso, en otras ocasiones las circunstancias pueden abrumar y puede que se necesite de apoyo externo para ayudar a hacer frente un momento vital que resulta complicado.<\/p>\n\n\n\n<p>Sea cual sea el caso, pod\u00e9is contar con el equipo de psicolog\u00eda de la Fundaci\u00f3n Catalana de ELA Miquel Valls, el cual tambi\u00e9n pertenece al Programa de atenci\u00f3n integral a personas con enfermedades avanzadas impulsado por la Fundaci\u00f3n \u00abla Caixa\u00bb, y trataremos ajustarse a sus expectativas y necesidades para acompa\u00f1aros en este proceso.<\/p>\n\n\n\n<p class=\"has-text-align-right has-small-font-size\"><em>Departamento de Psicologia de la Fundaci\u00f3 Catalana d\u2019ELA Miquel Valls<\/em>.<\/p>\n\n\n\n<p class=\"has-text-align-right has-small-font-size\"><em>Programa d\u2019Atenci\u00f3 Integral a personas amb malalties avan\u00e7ades de la Fundaci\u00f3 \u201cla Caixa\u201d.<\/em><\/p>\n","protected":false},"excerpt":{"rendered":"<p>Es evidente el impacto de la ELA\/EMN en toda la unidad familiar, cuando empiezan a aparecer los primeros s\u00edntomas de la enfermedad, cuando se recibe el diagn\u00f3stico y cuando la enfermedad va avanzando. Sin embargo, en este art\u00edculo nos centraremos en hablar de algunas consideraciones, que, aunque pueden ser extrapolables a otros miembros de la familia, pueden verse repercutidos en mayor medida a la pareja de la persona afectada. \u00bfC\u00f3mo podr\u00edamos definir este impacto? Por un lado, por toda la mezcla emocional que se experimenta y puede ser tan diverso como: impotencia ante la falta de cuidado, frustraci\u00f3n por la rotura de los proyectos y expectativas que se ten\u00edan en la mente, alegr\u00eda para compartir un momento positivo, tristeza por la progresi\u00f3n de la enfermedad, ansiedad por anticipar situaciones futuras, miedo a determinadas reacciones, rabia por venir justo en este momento, bienestar por el hecho de cuidar, de entre muchas otras vivencias. Claro, esta enfermedad supone una ruptura en la manera de vivir hasta el momento, debi\u00e9ndose reorganizar y adaptar algunos planes e incluso proyectos vitales. Cambios que como es natural cuestan y no siempre es posible adaptarse tal como uno espera. En otras ocasiones, uno se puede terminar sorprendi\u00e9ndose por haberse adaptado mejor de lo que inicialmente hab\u00eda anticipado. Tambi\u00e9n se pueden dar cambios en las funciones que se ven\u00edan desarrollando, como por ejemplo: atender las cosas de la casa como limpieza, compra y gestiones del d\u00eda a d\u00eda o cuidar de otros: ni\u00f1os, gente dependiente o animales dom\u00e9sticos. Actividades que anteriormente pod\u00eda ya estar realizando la pareja en gran medida, tal vez ten\u00edan las tareas compartidas o incluso, tareas que ven\u00eda realizando la persona afectada y que ahora resultan totalmente nuevas para la persona cuidadora. Sea como sea, se incorpora un nuevo rol que es el de CUIDAR a la pareja que ahora, debido a la enfermedad, necesita m\u00e1s apoyo debido a la progresiva dependencia. Sea cual sea la actividad, impacta en la persona de manera significativa, produciendo cambios a nivel de identidad. Producto del cansancio y las nuevas funciones, la relaci\u00f3n afectiva entre la pareja puede presentar cambios ya que la relaci\u00f3n de cuidar puede ganar peso en la de pareja. Quiz\u00e1s antes se comunicaban con m\u00e1s facilidad los sentimientos y ahora cuesta m\u00e1s para no hacer sufrir, o cuesta m\u00e1s decir unas palabras bonitas, o encontrar un momento para hacer algo que antes gustaba hacer de manera conjunta. Estos cambios, pueden a\u00f1adir malestar porque justamente en el momento de mayor vulnerabilidad y estr\u00e9s es cuando m\u00e1s necesitamos sentirnos acompa\u00f1ados, recibir y dar afecto de aquellas personas que son importantes y que siempre ayudan a cargar energ\u00eda. Pero posiblemente con todo esto que estamos viviendo, no se sabe muy bien c\u00f3mo hacerlo &#8230; A veces ante los cambios se necesita de un tiempo para asimilar toda la informaci\u00f3n, digerir las emociones y coger impulso, en otras ocasiones las circunstancias pueden abrumar y puede que se necesite de apoyo externo para ayudar a hacer frente un momento vital que resulta complicado. Sea cual sea el caso, pod\u00e9is contar con el equipo de psicolog\u00eda de la Fundaci\u00f3n Catalana de [&hellip;]<\/p>\n","protected":false},"author":1,"featured_media":5501,"comment_status":"closed","ping_status":"closed","sticky":false,"template":"","format":"standard","meta":{"footnotes":""},"categories":[76],"tags":[91,122,170],"class_list":["post-5503","post","type-post","status-publish","format-standard","has-post-thumbnail","hentry","category-articles-dinteres","tag-ela-es","tag-fundacio-catalana-dela-miquel-valls-es","tag-psicologia"],"yoast_head":"<!-- This site is optimized with the Yoast SEO plugin v26.9 - https:\/\/yoast.com\/product\/yoast-seo-wordpress\/ -->\n<title>Quien padece ELA, es mi pareja - Fundaci\u00f3 Catalana d&#039;ELA Miquel Valls<\/title>\n<meta name=\"description\" content=\"Es evidente el impacto de la ELA\/EMN en toda la unidad familiar, cuando empiezan a aparecer los primeros s\u00edntomas de la enfermedad, cuando se recibe el diagn\u00f3stico y cuando la enfermedad va avanzando.\" \/>\n<meta name=\"robots\" content=\"index, follow, max-snippet:-1, max-image-preview:large, max-video-preview:-1\" \/>\n<link rel=\"canonical\" href=\"https:\/\/fundaciomiquelvalls.org\/es\/quien-padece-ela-es-mi-pareja\/\" \/>\n<meta property=\"og:locale\" content=\"es_ES\" \/>\n<meta property=\"og:type\" content=\"article\" \/>\n<meta property=\"og:title\" content=\"Qui pateix ELA\/MMN, \u00e9s la meva parella\" \/>\n<meta property=\"og:description\" content=\"Quin \u00e9s l\u2019impacte per la parella, quan comencen a apar\u00e8ixer els primers s\u00edmptomes de la malaltia, quan es rep el diagn\u00f2stic \u00a0i quan la malaltia va avan\u00e7ant.\" \/>\n<meta property=\"og:url\" content=\"https:\/\/fundaciomiquelvalls.org\/es\/quien-padece-ela-es-mi-pareja\/\" \/>\n<meta property=\"og:site_name\" content=\"Fundaci\u00f3 Catalana d&#039;ELA Miquel Valls\" \/>\n<meta property=\"article:published_time\" content=\"2022-02-18T12:04:00+00:00\" \/>\n<meta property=\"article:modified_time\" content=\"2023-08-11T12:22:01+00:00\" \/>\n<meta property=\"og:image\" content=\"https:\/\/fundaciomiquelvalls.org\/wp-content\/uploads\/2023\/08\/parella_ELA.jpg\" \/>\n\t<meta property=\"og:image:width\" content=\"1280\" \/>\n\t<meta property=\"og:image:height\" content=\"847\" \/>\n\t<meta property=\"og:image:type\" content=\"image\/jpeg\" \/>\n<meta name=\"author\" content=\"Fundaci\u00f3 Catalana d&#039;ELA Miquel Valls\" \/>\n<meta name=\"twitter:card\" content=\"summary_large_image\" \/>\n<meta name=\"twitter:title\" content=\"Qui pateix ELA\/MMN, \u00e9s la meva parella\" \/>\n<meta name=\"twitter:description\" content=\"Quin \u00e9s l\u2019impacte per la parella, quan comencen a apar\u00e8ixer els primers s\u00edmptomes de la malaltia, quan es rep el diagn\u00f2stic \u00a0i quan la malaltia va avan\u00e7ant.\" \/>\n<meta name=\"twitter:label1\" content=\"Escrito por\" \/>\n\t<meta name=\"twitter:data1\" content=\"Fundaci\u00f3 Catalana d&#039;ELA Miquel Valls\" \/>\n\t<meta name=\"twitter:label2\" content=\"Tiempo de lectura\" \/>\n\t<meta name=\"twitter:data2\" content=\"4 minutos\" \/>\n<script type=\"application\/ld+json\" class=\"yoast-schema-graph\">{\"@context\":\"https:\/\/schema.org\",\"@graph\":[{\"@type\":\"Article\",\"@id\":\"https:\/\/fundaciomiquelvalls.org\/es\/quien-padece-ela-es-mi-pareja\/#article\",\"isPartOf\":{\"@id\":\"https:\/\/fundaciomiquelvalls.org\/es\/quien-padece-ela-es-mi-pareja\/\"},\"author\":{\"name\":\"Fundaci\u00f3 Catalana d'ELA Miquel Valls\",\"@id\":\"https:\/\/fundaciomiquelvalls.org\/#\/schema\/person\/49e4b390c29b931f8b4213fbd9276ea3\"},\"headline\":\"Quien padece ELA, es mi pareja\",\"datePublished\":\"2022-02-18T12:04:00+00:00\",\"dateModified\":\"2023-08-11T12:22:01+00:00\",\"mainEntityOfPage\":{\"@id\":\"https:\/\/fundaciomiquelvalls.org\/es\/quien-padece-ela-es-mi-pareja\/\"},\"wordCount\":630,\"image\":{\"@id\":\"https:\/\/fundaciomiquelvalls.org\/es\/quien-padece-ela-es-mi-pareja\/#primaryimage\"},\"thumbnailUrl\":\"https:\/\/fundaciomiquelvalls.org\/wp-content\/uploads\/2023\/08\/parella_ELA.jpg\",\"keywords\":[\"ELA\",\"Fundaci\u00f3 Catalana d&#039;ELA Miquel Valls\",\"Psicologia\"],\"articleSection\":[\"Articles d'inter\u00e8s\"],\"inLanguage\":\"es\"},{\"@type\":\"WebPage\",\"@id\":\"https:\/\/fundaciomiquelvalls.org\/es\/quien-padece-ela-es-mi-pareja\/\",\"url\":\"https:\/\/fundaciomiquelvalls.org\/es\/quien-padece-ela-es-mi-pareja\/\",\"name\":\"Quien padece ELA, es mi pareja - Fundaci\u00f3 Catalana d&#039;ELA Miquel Valls\",\"isPartOf\":{\"@id\":\"https:\/\/fundaciomiquelvalls.org\/#website\"},\"primaryImageOfPage\":{\"@id\":\"https:\/\/fundaciomiquelvalls.org\/es\/quien-padece-ela-es-mi-pareja\/#primaryimage\"},\"image\":{\"@id\":\"https:\/\/fundaciomiquelvalls.org\/es\/quien-padece-ela-es-mi-pareja\/#primaryimage\"},\"thumbnailUrl\":\"https:\/\/fundaciomiquelvalls.org\/wp-content\/uploads\/2023\/08\/parella_ELA.jpg\",\"datePublished\":\"2022-02-18T12:04:00+00:00\",\"dateModified\":\"2023-08-11T12:22:01+00:00\",\"author\":{\"@id\":\"https:\/\/fundaciomiquelvalls.org\/#\/schema\/person\/49e4b390c29b931f8b4213fbd9276ea3\"},\"description\":\"Es evidente el impacto de la ELA\/EMN en toda la unidad familiar, cuando empiezan a aparecer los primeros s\u00edntomas de la enfermedad, cuando se recibe el diagn\u00f3stico y cuando la enfermedad va avanzando.\",\"breadcrumb\":{\"@id\":\"https:\/\/fundaciomiquelvalls.org\/es\/quien-padece-ela-es-mi-pareja\/#breadcrumb\"},\"inLanguage\":\"es\",\"potentialAction\":[{\"@type\":\"ReadAction\",\"target\":[\"https:\/\/fundaciomiquelvalls.org\/es\/quien-padece-ela-es-mi-pareja\/\"]}]},{\"@type\":\"ImageObject\",\"inLanguage\":\"es\",\"@id\":\"https:\/\/fundaciomiquelvalls.org\/es\/quien-padece-ela-es-mi-pareja\/#primaryimage\",\"url\":\"https:\/\/fundaciomiquelvalls.org\/wp-content\/uploads\/2023\/08\/parella_ELA.jpg\",\"contentUrl\":\"https:\/\/fundaciomiquelvalls.org\/wp-content\/uploads\/2023\/08\/parella_ELA.jpg\",\"width\":1280,\"height\":847},{\"@type\":\"BreadcrumbList\",\"@id\":\"https:\/\/fundaciomiquelvalls.org\/es\/quien-padece-ela-es-mi-pareja\/#breadcrumb\",\"itemListElement\":[{\"@type\":\"ListItem\",\"position\":1,\"name\":\"Portada\",\"item\":\"https:\/\/fundaciomiquelvalls.org\/es\/\"},{\"@type\":\"ListItem\",\"position\":2,\"name\":\"Quien padece ELA, es mi pareja\"}]},{\"@type\":\"WebSite\",\"@id\":\"https:\/\/fundaciomiquelvalls.org\/#website\",\"url\":\"https:\/\/fundaciomiquelvalls.org\/\",\"name\":\"Fundaci\u00f3 Catalana d&#039;ELA Miquel Valls\",\"description\":\"Treballem per millorar la qualitat de vida de les persones afectades d&#039;ELA i Malaltia de Motoneurona\",\"potentialAction\":[{\"@type\":\"SearchAction\",\"target\":{\"@type\":\"EntryPoint\",\"urlTemplate\":\"https:\/\/fundaciomiquelvalls.org\/?s={search_term_string}\"},\"query-input\":{\"@type\":\"PropertyValueSpecification\",\"valueRequired\":true,\"valueName\":\"search_term_string\"}}],\"inLanguage\":\"es\"},{\"@type\":\"Person\",\"@id\":\"https:\/\/fundaciomiquelvalls.org\/#\/schema\/person\/49e4b390c29b931f8b4213fbd9276ea3\",\"name\":\"Fundaci\u00f3 Catalana d'ELA Miquel Valls\",\"sameAs\":[\"https:\/\/fundaciomiquelvalls.org\"],\"url\":\"https:\/\/fundaciomiquelvalls.org\/es\/author\/alojapro_dev\/\"}]}<\/script>\n<!-- \/ Yoast SEO plugin. -->","yoast_head_json":{"title":"Quien padece ELA, es mi pareja - Fundaci\u00f3 Catalana d&#039;ELA Miquel Valls","description":"Es evidente el impacto de la ELA\/EMN en toda la unidad familiar, cuando empiezan a aparecer los primeros s\u00edntomas de la enfermedad, cuando se recibe el diagn\u00f3stico y cuando la enfermedad va avanzando.","robots":{"index":"index","follow":"follow","max-snippet":"max-snippet:-1","max-image-preview":"max-image-preview:large","max-video-preview":"max-video-preview:-1"},"canonical":"https:\/\/fundaciomiquelvalls.org\/es\/quien-padece-ela-es-mi-pareja\/","og_locale":"es_ES","og_type":"article","og_title":"Qui pateix ELA\/MMN, \u00e9s la meva parella","og_description":"Quin \u00e9s l\u2019impacte per la parella, quan comencen a apar\u00e8ixer els primers s\u00edmptomes de la malaltia, quan es rep el diagn\u00f2stic \u00a0i quan la malaltia va avan\u00e7ant.","og_url":"https:\/\/fundaciomiquelvalls.org\/es\/quien-padece-ela-es-mi-pareja\/","og_site_name":"Fundaci\u00f3 Catalana d&#039;ELA Miquel Valls","article_published_time":"2022-02-18T12:04:00+00:00","article_modified_time":"2023-08-11T12:22:01+00:00","og_image":[{"width":1280,"height":847,"url":"https:\/\/fundaciomiquelvalls.org\/wp-content\/uploads\/2023\/08\/parella_ELA.jpg","type":"image\/jpeg"}],"author":"Fundaci\u00f3 Catalana d'ELA Miquel Valls","twitter_card":"summary_large_image","twitter_title":"Qui pateix ELA\/MMN, \u00e9s la meva parella","twitter_description":"Quin \u00e9s l\u2019impacte per la parella, quan comencen a apar\u00e8ixer els primers s\u00edmptomes de la malaltia, quan es rep el diagn\u00f2stic \u00a0i quan la malaltia va avan\u00e7ant.","twitter_misc":{"Escrito por":"Fundaci\u00f3 Catalana d'ELA Miquel Valls","Tiempo de lectura":"4 minutos"},"schema":{"@context":"https:\/\/schema.org","@graph":[{"@type":"Article","@id":"https:\/\/fundaciomiquelvalls.org\/es\/quien-padece-ela-es-mi-pareja\/#article","isPartOf":{"@id":"https:\/\/fundaciomiquelvalls.org\/es\/quien-padece-ela-es-mi-pareja\/"},"author":{"name":"Fundaci\u00f3 Catalana d'ELA Miquel Valls","@id":"https:\/\/fundaciomiquelvalls.org\/#\/schema\/person\/49e4b390c29b931f8b4213fbd9276ea3"},"headline":"Quien padece ELA, es mi pareja","datePublished":"2022-02-18T12:04:00+00:00","dateModified":"2023-08-11T12:22:01+00:00","mainEntityOfPage":{"@id":"https:\/\/fundaciomiquelvalls.org\/es\/quien-padece-ela-es-mi-pareja\/"},"wordCount":630,"image":{"@id":"https:\/\/fundaciomiquelvalls.org\/es\/quien-padece-ela-es-mi-pareja\/#primaryimage"},"thumbnailUrl":"https:\/\/fundaciomiquelvalls.org\/wp-content\/uploads\/2023\/08\/parella_ELA.jpg","keywords":["ELA","Fundaci\u00f3 Catalana d&#039;ELA Miquel Valls","Psicologia"],"articleSection":["Articles d'inter\u00e8s"],"inLanguage":"es"},{"@type":"WebPage","@id":"https:\/\/fundaciomiquelvalls.org\/es\/quien-padece-ela-es-mi-pareja\/","url":"https:\/\/fundaciomiquelvalls.org\/es\/quien-padece-ela-es-mi-pareja\/","name":"Quien padece ELA, es mi pareja - Fundaci\u00f3 Catalana d&#039;ELA Miquel Valls","isPartOf":{"@id":"https:\/\/fundaciomiquelvalls.org\/#website"},"primaryImageOfPage":{"@id":"https:\/\/fundaciomiquelvalls.org\/es\/quien-padece-ela-es-mi-pareja\/#primaryimage"},"image":{"@id":"https:\/\/fundaciomiquelvalls.org\/es\/quien-padece-ela-es-mi-pareja\/#primaryimage"},"thumbnailUrl":"https:\/\/fundaciomiquelvalls.org\/wp-content\/uploads\/2023\/08\/parella_ELA.jpg","datePublished":"2022-02-18T12:04:00+00:00","dateModified":"2023-08-11T12:22:01+00:00","author":{"@id":"https:\/\/fundaciomiquelvalls.org\/#\/schema\/person\/49e4b390c29b931f8b4213fbd9276ea3"},"description":"Es evidente el impacto de la ELA\/EMN en toda la unidad familiar, cuando empiezan a aparecer los primeros s\u00edntomas de la enfermedad, cuando se recibe el diagn\u00f3stico y cuando la enfermedad va avanzando.","breadcrumb":{"@id":"https:\/\/fundaciomiquelvalls.org\/es\/quien-padece-ela-es-mi-pareja\/#breadcrumb"},"inLanguage":"es","potentialAction":[{"@type":"ReadAction","target":["https:\/\/fundaciomiquelvalls.org\/es\/quien-padece-ela-es-mi-pareja\/"]}]},{"@type":"ImageObject","inLanguage":"es","@id":"https:\/\/fundaciomiquelvalls.org\/es\/quien-padece-ela-es-mi-pareja\/#primaryimage","url":"https:\/\/fundaciomiquelvalls.org\/wp-content\/uploads\/2023\/08\/parella_ELA.jpg","contentUrl":"https:\/\/fundaciomiquelvalls.org\/wp-content\/uploads\/2023\/08\/parella_ELA.jpg","width":1280,"height":847},{"@type":"BreadcrumbList","@id":"https:\/\/fundaciomiquelvalls.org\/es\/quien-padece-ela-es-mi-pareja\/#breadcrumb","itemListElement":[{"@type":"ListItem","position":1,"name":"Portada","item":"https:\/\/fundaciomiquelvalls.org\/es\/"},{"@type":"ListItem","position":2,"name":"Quien padece ELA, es mi pareja"}]},{"@type":"WebSite","@id":"https:\/\/fundaciomiquelvalls.org\/#website","url":"https:\/\/fundaciomiquelvalls.org\/","name":"Fundaci\u00f3 Catalana d&#039;ELA Miquel Valls","description":"Treballem per millorar la qualitat de vida de les persones afectades d&#039;ELA i Malaltia de Motoneurona","potentialAction":[{"@type":"SearchAction","target":{"@type":"EntryPoint","urlTemplate":"https:\/\/fundaciomiquelvalls.org\/?s={search_term_string}"},"query-input":{"@type":"PropertyValueSpecification","valueRequired":true,"valueName":"search_term_string"}}],"inLanguage":"es"},{"@type":"Person","@id":"https:\/\/fundaciomiquelvalls.org\/#\/schema\/person\/49e4b390c29b931f8b4213fbd9276ea3","name":"Fundaci\u00f3 Catalana d'ELA Miquel Valls","sameAs":["https:\/\/fundaciomiquelvalls.org"],"url":"https:\/\/fundaciomiquelvalls.org\/es\/author\/alojapro_dev\/"}]}},"_links":{"self":[{"href":"https:\/\/fundaciomiquelvalls.org\/es\/wp-json\/wp\/v2\/posts\/5503","targetHints":{"allow":["GET"]}}],"collection":[{"href":"https:\/\/fundaciomiquelvalls.org\/es\/wp-json\/wp\/v2\/posts"}],"about":[{"href":"https:\/\/fundaciomiquelvalls.org\/es\/wp-json\/wp\/v2\/types\/post"}],"author":[{"embeddable":true,"href":"https:\/\/fundaciomiquelvalls.org\/es\/wp-json\/wp\/v2\/users\/1"}],"replies":[{"embeddable":true,"href":"https:\/\/fundaciomiquelvalls.org\/es\/wp-json\/wp\/v2\/comments?post=5503"}],"version-history":[{"count":1,"href":"https:\/\/fundaciomiquelvalls.org\/es\/wp-json\/wp\/v2\/posts\/5503\/revisions"}],"predecessor-version":[{"id":5506,"href":"https:\/\/fundaciomiquelvalls.org\/es\/wp-json\/wp\/v2\/posts\/5503\/revisions\/5506"}],"wp:featuredmedia":[{"embeddable":true,"href":"https:\/\/fundaciomiquelvalls.org\/es\/wp-json\/wp\/v2\/media\/5501"}],"wp:attachment":[{"href":"https:\/\/fundaciomiquelvalls.org\/es\/wp-json\/wp\/v2\/media?parent=5503"}],"wp:term":[{"taxonomy":"category","embeddable":true,"href":"https:\/\/fundaciomiquelvalls.org\/es\/wp-json\/wp\/v2\/categories?post=5503"},{"taxonomy":"post_tag","embeddable":true,"href":"https:\/\/fundaciomiquelvalls.org\/es\/wp-json\/wp\/v2\/tags?post=5503"}],"curies":[{"name":"wp","href":"https:\/\/api.w.org\/{rel}","templated":true}]}}