{"id":5296,"date":"2023-06-13T14:22:55","date_gmt":"2023-06-13T14:22:55","guid":{"rendered":"https:\/\/fundaciomiquelvalls.org\/pobles-i-ciutats-de-catalunya-es-tornaran-a-illuminar-el-21-de-juny-dia-mundial-de-lela\/"},"modified":"2023-06-15T10:31:30","modified_gmt":"2023-06-15T10:31:30","slug":"pueblos-y-ciudades-de-toda-catalunya-volveran-a-iluminarse-el-21-de-junio-dia-mundial-de-la-ela","status":"publish","type":"post","link":"https:\/\/fundaciomiquelvalls.org\/es\/pueblos-y-ciudades-de-toda-catalunya-volveran-a-iluminarse-el-21-de-junio-dia-mundial-de-la-ela\/","title":{"rendered":"Pueblos y ciudades de toda Catalunya volver\u00e1n a iluminarse el 21 de junio, D\u00eda Mundial de la ELA"},"content":{"rendered":"\n<p>Con motivo del D\u00eda Mundial de la ELA, la noche del mi\u00e9rcoles 21 de junio, y por octavo a\u00f1o consecutivo, ayuntamientos de todo el territorio iluminar\u00e1n de verde la fachada de un edificio o monumento significativo de la poblaci\u00f3n para dar a conocer la ELA y apoyar a todas las personas afectadas por esta enfermedad, dentro de la campa\u00f1a de la Fundaci\u00f3 Catalana d\u2019ELA Miquel Valls <a href=\"https:\/\/fundaciomiquelvalls.org\/es\/dia-mundial-ela-fes-un-gest-per-lela-23\/\"><strong>\u201cHaz un gesto por la ELA\u201d.<\/strong><\/a><\/p>\n\n\n\n<p>Muchos pueblos y ciudades nos han comunicado ya que se sumar\u00e1n a la campa\u00f1a. Asimismo, tambi\u00e9n se pide al alcalde\/sa, y a todos los que quieran, que cuelgue una fotograf\u00eda o v\u00eddeo en redes sociales haciendo el Gesto por la ELA para hacer el m\u00e1ximo de difusi\u00f3n posible con la etiqueta #fesungestperlela, #hazungestoporlaela.<\/p>\n\n\n<div class=\"wp-block-image\">\n<figure class=\"alignright size-large is-resized\"><a href=\"https:\/\/fundaciomiquelvalls.org\/es\/dia-mundial-ela-fes-un-gest-per-lela-23\/\"><img loading=\"lazy\" decoding=\"async\" src=\"https:\/\/fundaciomiquelvalls.org\/wp-content\/uploads\/2023\/06\/COLLAGE-FES-UN-GEST-2023-2-1024x819.png\" alt=\"\" class=\"wp-image-5317\" width=\"385\" height=\"307\" srcset=\"https:\/\/fundaciomiquelvalls.org\/wp-content\/uploads\/2023\/06\/COLLAGE-FES-UN-GEST-2023-2-1024x819.png 1024w, https:\/\/fundaciomiquelvalls.org\/wp-content\/uploads\/2023\/06\/COLLAGE-FES-UN-GEST-2023-2-300x240.png 300w, https:\/\/fundaciomiquelvalls.org\/wp-content\/uploads\/2023\/06\/COLLAGE-FES-UN-GEST-2023-2-768x614.png 768w, https:\/\/fundaciomiquelvalls.org\/wp-content\/uploads\/2023\/06\/COLLAGE-FES-UN-GEST-2023-2-1536x1229.png 1536w, https:\/\/fundaciomiquelvalls.org\/wp-content\/uploads\/2023\/06\/COLLAGE-FES-UN-GEST-2023-2-958x766.png 958w, https:\/\/fundaciomiquelvalls.org\/wp-content\/uploads\/2023\/06\/COLLAGE-FES-UN-GEST-2023-2-1000x800.png 1000w, https:\/\/fundaciomiquelvalls.org\/wp-content\/uploads\/2023\/06\/COLLAGE-FES-UN-GEST-2023-2-100x80.png 100w, https:\/\/fundaciomiquelvalls.org\/wp-content\/uploads\/2023\/06\/COLLAGE-FES-UN-GEST-2023-2.png 2000w\"  sizes=\"(max-width: 385px) 100vw, 385px\" \/><\/a><\/figure>\n<\/div>\n\n\n<p>Todos los que participen en la campa\u00f1a, consistorios, personalidades p\u00fablicas o particulares, pueden subir las fotograf\u00edas o v\u00eddeos haciendo el Gesto o del edificio de verde en sus redes social, utilizando la etiqueta #fesungestperlela y etiquet\u00e1ndonos en ellas como @fmiquelvalls. Adem\u00e1s, tambi\u00e9n pod\u00e9is utilizar las etiquetas #diamundialELA #fundaciomiquelvalls, #LuzporlaELA y #ELA.<\/p>\n\n\n\n<p>Os animamos a sumaros a la campa\u00f1a <strong><a href=\"https:\/\/fundaciomiquelvalls.org\/es\/dia-mundial-ela-fes-un-gest-per-lela-23\/\">\u201cHaz un Gesto por la ELA\u201d<\/a><\/strong> vuestras fotograf\u00edas y v\u00eddeos en el D\u00eda Mundial de la ELA!<\/p>\n\n\n\n<p>Estad atentos a vuestra poblaci\u00f3n o preguntad a vuestro ayuntamiento si se han adherido a la campa\u00f1a! Y si es as\u00ed, la noche del 21 (en el 22) tomad una fotograf\u00eda en el edificio iluminado y colgadla en redes poniendo las etiquetas para que las podamos ver.<\/p>\n\n\n\n<p>\u00a1Animamos a todo el mundo a hacer un Gesto por la ELA!<\/p>\n\n\n\n<p>\u00a1Muchas gracias!<\/p>\n","protected":false},"excerpt":{"rendered":"<p>Con motivo del D\u00eda Mundial de la ELA, la noche del mi\u00e9rcoles 21 de junio, y por octavo a\u00f1o consecutivo, ayuntamientos de todo el territorio iluminar\u00e1n de verde la fachada de un edificio o monumento significativo de la poblaci\u00f3n para dar a conocer la ELA y apoyar a todas las personas afectadas por esta enfermedad, dentro de la campa\u00f1a de la Fundaci\u00f3 Catalana d\u2019ELA Miquel Valls \u201cHaz un gesto por la ELA\u201d. Muchos pueblos y ciudades nos han comunicado ya que se sumar\u00e1n a la campa\u00f1a. Asimismo, tambi\u00e9n se pide al alcalde\/sa, y a todos los que quieran, que cuelgue una fotograf\u00eda o v\u00eddeo en redes sociales haciendo el Gesto por la ELA para hacer el m\u00e1ximo de difusi\u00f3n posible con la etiqueta #fesungestperlela, #hazungestoporlaela. Todos los que participen en la campa\u00f1a, consistorios, personalidades p\u00fablicas o particulares, pueden subir las fotograf\u00edas o v\u00eddeos haciendo el Gesto o del edificio de verde en sus redes social, utilizando la etiqueta #fesungestperlela y etiquet\u00e1ndonos en ellas como @fmiquelvalls. Adem\u00e1s, tambi\u00e9n pod\u00e9is utilizar las etiquetas #diamundialELA #fundaciomiquelvalls, #LuzporlaELA y #ELA. Os animamos a sumaros a la campa\u00f1a \u201cHaz un Gesto por la ELA\u201d vuestras fotograf\u00edas y v\u00eddeos en el D\u00eda Mundial de la ELA! Estad atentos a vuestra poblaci\u00f3n o preguntad a vuestro ayuntamiento si se han adherido a la campa\u00f1a! Y si es as\u00ed, la noche del 21 (en el 22) tomad una fotograf\u00eda en el edificio iluminado y colgadla en redes poniendo las etiquetas para que las podamos ver. \u00a1Animamos a todo el mundo a hacer un Gesto por la ELA! \u00a1Muchas gracias!<\/p>\n","protected":false},"author":1,"featured_media":5271,"comment_status":"closed","ping_status":"closed","sticky":false,"template":"","format":"standard","meta":{"footnotes":""},"categories":[90],"tags":[248,122],"class_list":["post-5296","post","type-post","status-publish","format-standard","has-post-thumbnail","hentry","category-actualitat-es","tag-fes-un-gest-per-lela","tag-fundacio-catalana-dela-miquel-valls-es"],"yoast_head":"<!-- This site is optimized with the Yoast SEO plugin v26.9 - https:\/\/yoast.com\/product\/yoast-seo-wordpress\/ -->\n<title>Pueblos y ciudades de toda Catalunya volver\u00e1n a iluminarse el 21 de junio, D\u00eda Mundial de la ELA - Fundaci\u00f3 Catalana d&#039;ELA Miquel Valls<\/title>\n<meta name=\"description\" content=\"Con motivo del D\u00eda Mundial de la ELA, la noche del mi\u00e9rcoles 21 de junio, y por octavo a\u00f1o consecutivo, ayuntamientos de todo el territorio iluminar\u00e1n de verde la fachada de un edificio o monumento significativo de la poblaci\u00f3n para dar a conocer la ELA y apoyar a todas las personas afectadas por esta enfermedad, dentro de la campa\u00f1a de la Fundaci\u00f3 Catalana d\u2019ELA Miquel Valls \u201cHaz un gesto por la ELA\u201d.\" \/>\n<meta name=\"robots\" content=\"index, follow, max-snippet:-1, max-image-preview:large, max-video-preview:-1\" \/>\n<link rel=\"canonical\" href=\"https:\/\/fundaciomiquelvalls.org\/es\/pueblos-y-ciudades-de-toda-catalunya-volveran-a-iluminarse-el-21-de-junio-dia-mundial-de-la-ela\/\" \/>\n<meta property=\"og:locale\" content=\"es_ES\" \/>\n<meta property=\"og:type\" content=\"article\" \/>\n<meta property=\"og:title\" content=\"Pueblos y ciudades de toda Catalunya volver\u00e1n a iluminarse el 21 de junio, D\u00eda Mundial de la ELA\" \/>\n<meta property=\"og:description\" content=\"Con motivo del D\u00eda Mundial de la ELA, la noche del mi\u00e9rcoles 21 de junio, y por octavo a\u00f1o consecutivo, ayuntamientos de todo el territorio iluminar\u00e1n de verde la fachada de un edificio o monumento significativo de la poblaci\u00f3n para dar a conocer la ELA y apoyar a todas las personas afectadas por esta enfermedad, dentro de la campa\u00f1a de la Fundaci\u00f3 Catalana d\u2019ELA Miquel Valls \u201cHaz un gesto por la ELA\u201d.\" \/>\n<meta property=\"og:url\" content=\"https:\/\/fundaciomiquelvalls.org\/es\/pueblos-y-ciudades-de-toda-catalunya-volveran-a-iluminarse-el-21-de-junio-dia-mundial-de-la-ela\/\" \/>\n<meta property=\"og:site_name\" content=\"Fundaci\u00f3 Catalana d&#039;ELA Miquel Valls\" \/>\n<meta property=\"article:published_time\" content=\"2023-06-13T14:22:55+00:00\" \/>\n<meta property=\"article:modified_time\" content=\"2023-06-15T10:31:30+00:00\" \/>\n<meta property=\"og:image\" content=\"https:\/\/fundaciomiquelvalls.org\/wp-content\/uploads\/2023\/06\/collage-gest-23_iluminacio_banner_xarxes-1024x631.png\" \/>\n\t<meta property=\"og:image:width\" content=\"1024\" \/>\n\t<meta property=\"og:image:height\" content=\"631\" \/>\n\t<meta property=\"og:image:type\" content=\"image\/png\" \/>\n<meta name=\"author\" content=\"Fundaci\u00f3 Catalana d&#039;ELA Miquel Valls\" \/>\n<meta name=\"twitter:card\" content=\"summary_large_image\" \/>\n<meta name=\"twitter:title\" content=\"Pueblos y ciudades de toda Catalunya volver\u00e1n a iluminarse el 21 de junio, D\u00eda Mundial de la ELA\" \/>\n<meta name=\"twitter:description\" content=\"Con motivo del D\u00eda Mundial de la ELA, la noche del mi\u00e9rcoles 21 de junio, y por octavo a\u00f1o consecutivo, ayuntamientos de todo el territorio iluminar\u00e1n de verde la fachada de un edificio o monumento significativo de la poblaci\u00f3n para dar a conocer la ELA y apoyar a todas las personas afectadas por esta enfermedad, dentro de la campa\u00f1a de la Fundaci\u00f3 Catalana d\u2019ELA Miquel Valls \u201cHaz un gesto por la ELA\u201d.\" \/>\n<meta name=\"twitter:image\" content=\"https:\/\/fundaciomiquelvalls.org\/wp-content\/uploads\/2023\/06\/collage-gest-23_iluminacio_banner_xarxes.png\" \/>\n<meta name=\"twitter:label1\" content=\"Escrito por\" \/>\n\t<meta name=\"twitter:data1\" content=\"Fundaci\u00f3 Catalana d&#039;ELA Miquel Valls\" \/>\n\t<meta name=\"twitter:label2\" content=\"Tiempo de lectura\" \/>\n\t<meta name=\"twitter:data2\" content=\"2 minutos\" \/>\n<script type=\"application\/ld+json\" class=\"yoast-schema-graph\">{\"@context\":\"https:\/\/schema.org\",\"@graph\":[{\"@type\":\"Article\",\"@id\":\"https:\/\/fundaciomiquelvalls.org\/es\/pueblos-y-ciudades-de-toda-catalunya-volveran-a-iluminarse-el-21-de-junio-dia-mundial-de-la-ela\/#article\",\"isPartOf\":{\"@id\":\"https:\/\/fundaciomiquelvalls.org\/es\/pueblos-y-ciudades-de-toda-catalunya-volveran-a-iluminarse-el-21-de-junio-dia-mundial-de-la-ela\/\"},\"author\":{\"name\":\"Fundaci\u00f3 Catalana d'ELA Miquel Valls\",\"@id\":\"https:\/\/fundaciomiquelvalls.org\/#\/schema\/person\/49e4b390c29b931f8b4213fbd9276ea3\"},\"headline\":\"Pueblos y ciudades de toda Catalunya volver\u00e1n a iluminarse el 21 de junio, D\u00eda Mundial de la ELA\",\"datePublished\":\"2023-06-13T14:22:55+00:00\",\"dateModified\":\"2023-06-15T10:31:30+00:00\",\"mainEntityOfPage\":{\"@id\":\"https:\/\/fundaciomiquelvalls.org\/es\/pueblos-y-ciudades-de-toda-catalunya-volveran-a-iluminarse-el-21-de-junio-dia-mundial-de-la-ela\/\"},\"wordCount\":307,\"image\":{\"@id\":\"https:\/\/fundaciomiquelvalls.org\/es\/pueblos-y-ciudades-de-toda-catalunya-volveran-a-iluminarse-el-21-de-junio-dia-mundial-de-la-ela\/#primaryimage\"},\"thumbnailUrl\":\"https:\/\/fundaciomiquelvalls.org\/wp-content\/uploads\/2023\/06\/collage-gest-23_iluminacio_banner_xarxes.png\",\"keywords\":[\"Fes un Gest per l&#039;ELA\",\"Fundaci\u00f3 Catalana d&#039;ELA Miquel Valls\"],\"articleSection\":[\"Actualitat\"],\"inLanguage\":\"es\"},{\"@type\":\"WebPage\",\"@id\":\"https:\/\/fundaciomiquelvalls.org\/es\/pueblos-y-ciudades-de-toda-catalunya-volveran-a-iluminarse-el-21-de-junio-dia-mundial-de-la-ela\/\",\"url\":\"https:\/\/fundaciomiquelvalls.org\/es\/pueblos-y-ciudades-de-toda-catalunya-volveran-a-iluminarse-el-21-de-junio-dia-mundial-de-la-ela\/\",\"name\":\"Pueblos y ciudades de toda Catalunya volver\u00e1n a iluminarse el 21 de junio, D\u00eda Mundial de la ELA - Fundaci\u00f3 Catalana d&#039;ELA Miquel Valls\",\"isPartOf\":{\"@id\":\"https:\/\/fundaciomiquelvalls.org\/#website\"},\"primaryImageOfPage\":{\"@id\":\"https:\/\/fundaciomiquelvalls.org\/es\/pueblos-y-ciudades-de-toda-catalunya-volveran-a-iluminarse-el-21-de-junio-dia-mundial-de-la-ela\/#primaryimage\"},\"image\":{\"@id\":\"https:\/\/fundaciomiquelvalls.org\/es\/pueblos-y-ciudades-de-toda-catalunya-volveran-a-iluminarse-el-21-de-junio-dia-mundial-de-la-ela\/#primaryimage\"},\"thumbnailUrl\":\"https:\/\/fundaciomiquelvalls.org\/wp-content\/uploads\/2023\/06\/collage-gest-23_iluminacio_banner_xarxes.png\",\"datePublished\":\"2023-06-13T14:22:55+00:00\",\"dateModified\":\"2023-06-15T10:31:30+00:00\",\"author\":{\"@id\":\"https:\/\/fundaciomiquelvalls.org\/#\/schema\/person\/49e4b390c29b931f8b4213fbd9276ea3\"},\"description\":\"Con motivo del D\u00eda Mundial de la ELA, la noche del mi\u00e9rcoles 21 de junio, y por octavo a\u00f1o consecutivo, ayuntamientos de todo el territorio iluminar\u00e1n de verde la fachada de un edificio o monumento significativo de la poblaci\u00f3n para dar a conocer la ELA y apoyar a todas las personas afectadas por esta enfermedad, dentro de la campa\u00f1a de la Fundaci\u00f3 Catalana d\u2019ELA Miquel Valls \u201cHaz un gesto por la ELA\u201d.\",\"breadcrumb\":{\"@id\":\"https:\/\/fundaciomiquelvalls.org\/es\/pueblos-y-ciudades-de-toda-catalunya-volveran-a-iluminarse-el-21-de-junio-dia-mundial-de-la-ela\/#breadcrumb\"},\"inLanguage\":\"es\",\"potentialAction\":[{\"@type\":\"ReadAction\",\"target\":[\"https:\/\/fundaciomiquelvalls.org\/es\/pueblos-y-ciudades-de-toda-catalunya-volveran-a-iluminarse-el-21-de-junio-dia-mundial-de-la-ela\/\"]}]},{\"@type\":\"ImageObject\",\"inLanguage\":\"es\",\"@id\":\"https:\/\/fundaciomiquelvalls.org\/es\/pueblos-y-ciudades-de-toda-catalunya-volveran-a-iluminarse-el-21-de-junio-dia-mundial-de-la-ela\/#primaryimage\",\"url\":\"https:\/\/fundaciomiquelvalls.org\/wp-content\/uploads\/2023\/06\/collage-gest-23_iluminacio_banner_xarxes.png\",\"contentUrl\":\"https:\/\/fundaciomiquelvalls.org\/wp-content\/uploads\/2023\/06\/collage-gest-23_iluminacio_banner_xarxes.png\",\"width\":2000,\"height\":1232},{\"@type\":\"BreadcrumbList\",\"@id\":\"https:\/\/fundaciomiquelvalls.org\/es\/pueblos-y-ciudades-de-toda-catalunya-volveran-a-iluminarse-el-21-de-junio-dia-mundial-de-la-ela\/#breadcrumb\",\"itemListElement\":[{\"@type\":\"ListItem\",\"position\":1,\"name\":\"Portada\",\"item\":\"https:\/\/fundaciomiquelvalls.org\/es\/\"},{\"@type\":\"ListItem\",\"position\":2,\"name\":\"Pueblos y ciudades de toda Catalunya volver\u00e1n a iluminarse el 21 de junio, D\u00eda Mundial de la ELA\"}]},{\"@type\":\"WebSite\",\"@id\":\"https:\/\/fundaciomiquelvalls.org\/#website\",\"url\":\"https:\/\/fundaciomiquelvalls.org\/\",\"name\":\"Fundaci\u00f3 Catalana d&#039;ELA Miquel Valls\",\"description\":\"Treballem per millorar la qualitat de vida de les persones afectades d&#039;ELA i Malaltia de Motoneurona\",\"potentialAction\":[{\"@type\":\"SearchAction\",\"target\":{\"@type\":\"EntryPoint\",\"urlTemplate\":\"https:\/\/fundaciomiquelvalls.org\/?s={search_term_string}\"},\"query-input\":{\"@type\":\"PropertyValueSpecification\",\"valueRequired\":true,\"valueName\":\"search_term_string\"}}],\"inLanguage\":\"es\"},{\"@type\":\"Person\",\"@id\":\"https:\/\/fundaciomiquelvalls.org\/#\/schema\/person\/49e4b390c29b931f8b4213fbd9276ea3\",\"name\":\"Fundaci\u00f3 Catalana d'ELA Miquel Valls\",\"sameAs\":[\"https:\/\/fundaciomiquelvalls.org\"],\"url\":\"https:\/\/fundaciomiquelvalls.org\/es\/author\/alojapro_dev\/\"}]}<\/script>\n<!-- \/ Yoast SEO plugin. -->","yoast_head_json":{"title":"Pueblos y ciudades de toda Catalunya volver\u00e1n a iluminarse el 21 de junio, D\u00eda Mundial de la ELA - Fundaci\u00f3 Catalana d&#039;ELA Miquel Valls","description":"Con motivo del D\u00eda Mundial de la ELA, la noche del mi\u00e9rcoles 21 de junio, y por octavo a\u00f1o consecutivo, ayuntamientos de todo el territorio iluminar\u00e1n de verde la fachada de un edificio o monumento significativo de la poblaci\u00f3n para dar a conocer la ELA y apoyar a todas las personas afectadas por esta enfermedad, dentro de la campa\u00f1a de la Fundaci\u00f3 Catalana d\u2019ELA Miquel Valls \u201cHaz un gesto por la ELA\u201d.","robots":{"index":"index","follow":"follow","max-snippet":"max-snippet:-1","max-image-preview":"max-image-preview:large","max-video-preview":"max-video-preview:-1"},"canonical":"https:\/\/fundaciomiquelvalls.org\/es\/pueblos-y-ciudades-de-toda-catalunya-volveran-a-iluminarse-el-21-de-junio-dia-mundial-de-la-ela\/","og_locale":"es_ES","og_type":"article","og_title":"Pueblos y ciudades de toda Catalunya volver\u00e1n a iluminarse el 21 de junio, D\u00eda Mundial de la ELA","og_description":"Con motivo del D\u00eda Mundial de la ELA, la noche del mi\u00e9rcoles 21 de junio, y por octavo a\u00f1o consecutivo, ayuntamientos de todo el territorio iluminar\u00e1n de verde la fachada de un edificio o monumento significativo de la poblaci\u00f3n para dar a conocer la ELA y apoyar a todas las personas afectadas por esta enfermedad, dentro de la campa\u00f1a de la Fundaci\u00f3 Catalana d\u2019ELA Miquel Valls \u201cHaz un gesto por la ELA\u201d.","og_url":"https:\/\/fundaciomiquelvalls.org\/es\/pueblos-y-ciudades-de-toda-catalunya-volveran-a-iluminarse-el-21-de-junio-dia-mundial-de-la-ela\/","og_site_name":"Fundaci\u00f3 Catalana d&#039;ELA Miquel Valls","article_published_time":"2023-06-13T14:22:55+00:00","article_modified_time":"2023-06-15T10:31:30+00:00","og_image":[{"width":1024,"height":631,"url":"https:\/\/fundaciomiquelvalls.org\/wp-content\/uploads\/2023\/06\/collage-gest-23_iluminacio_banner_xarxes-1024x631.png","type":"image\/png"}],"author":"Fundaci\u00f3 Catalana d'ELA Miquel Valls","twitter_card":"summary_large_image","twitter_title":"Pueblos y ciudades de toda Catalunya volver\u00e1n a iluminarse el 21 de junio, D\u00eda Mundial de la ELA","twitter_description":"Con motivo del D\u00eda Mundial de la ELA, la noche del mi\u00e9rcoles 21 de junio, y por octavo a\u00f1o consecutivo, ayuntamientos de todo el territorio iluminar\u00e1n de verde la fachada de un edificio o monumento significativo de la poblaci\u00f3n para dar a conocer la ELA y apoyar a todas las personas afectadas por esta enfermedad, dentro de la campa\u00f1a de la Fundaci\u00f3 Catalana d\u2019ELA Miquel Valls \u201cHaz un gesto por la ELA\u201d.","twitter_image":"https:\/\/fundaciomiquelvalls.org\/wp-content\/uploads\/2023\/06\/collage-gest-23_iluminacio_banner_xarxes.png","twitter_misc":{"Escrito por":"Fundaci\u00f3 Catalana d'ELA Miquel Valls","Tiempo de lectura":"2 minutos"},"schema":{"@context":"https:\/\/schema.org","@graph":[{"@type":"Article","@id":"https:\/\/fundaciomiquelvalls.org\/es\/pueblos-y-ciudades-de-toda-catalunya-volveran-a-iluminarse-el-21-de-junio-dia-mundial-de-la-ela\/#article","isPartOf":{"@id":"https:\/\/fundaciomiquelvalls.org\/es\/pueblos-y-ciudades-de-toda-catalunya-volveran-a-iluminarse-el-21-de-junio-dia-mundial-de-la-ela\/"},"author":{"name":"Fundaci\u00f3 Catalana d'ELA Miquel Valls","@id":"https:\/\/fundaciomiquelvalls.org\/#\/schema\/person\/49e4b390c29b931f8b4213fbd9276ea3"},"headline":"Pueblos y ciudades de toda Catalunya volver\u00e1n a iluminarse el 21 de junio, D\u00eda Mundial de la ELA","datePublished":"2023-06-13T14:22:55+00:00","dateModified":"2023-06-15T10:31:30+00:00","mainEntityOfPage":{"@id":"https:\/\/fundaciomiquelvalls.org\/es\/pueblos-y-ciudades-de-toda-catalunya-volveran-a-iluminarse-el-21-de-junio-dia-mundial-de-la-ela\/"},"wordCount":307,"image":{"@id":"https:\/\/fundaciomiquelvalls.org\/es\/pueblos-y-ciudades-de-toda-catalunya-volveran-a-iluminarse-el-21-de-junio-dia-mundial-de-la-ela\/#primaryimage"},"thumbnailUrl":"https:\/\/fundaciomiquelvalls.org\/wp-content\/uploads\/2023\/06\/collage-gest-23_iluminacio_banner_xarxes.png","keywords":["Fes un Gest per l&#039;ELA","Fundaci\u00f3 Catalana d&#039;ELA Miquel Valls"],"articleSection":["Actualitat"],"inLanguage":"es"},{"@type":"WebPage","@id":"https:\/\/fundaciomiquelvalls.org\/es\/pueblos-y-ciudades-de-toda-catalunya-volveran-a-iluminarse-el-21-de-junio-dia-mundial-de-la-ela\/","url":"https:\/\/fundaciomiquelvalls.org\/es\/pueblos-y-ciudades-de-toda-catalunya-volveran-a-iluminarse-el-21-de-junio-dia-mundial-de-la-ela\/","name":"Pueblos y ciudades de toda Catalunya volver\u00e1n a iluminarse el 21 de junio, D\u00eda Mundial de la ELA - Fundaci\u00f3 Catalana d&#039;ELA Miquel Valls","isPartOf":{"@id":"https:\/\/fundaciomiquelvalls.org\/#website"},"primaryImageOfPage":{"@id":"https:\/\/fundaciomiquelvalls.org\/es\/pueblos-y-ciudades-de-toda-catalunya-volveran-a-iluminarse-el-21-de-junio-dia-mundial-de-la-ela\/#primaryimage"},"image":{"@id":"https:\/\/fundaciomiquelvalls.org\/es\/pueblos-y-ciudades-de-toda-catalunya-volveran-a-iluminarse-el-21-de-junio-dia-mundial-de-la-ela\/#primaryimage"},"thumbnailUrl":"https:\/\/fundaciomiquelvalls.org\/wp-content\/uploads\/2023\/06\/collage-gest-23_iluminacio_banner_xarxes.png","datePublished":"2023-06-13T14:22:55+00:00","dateModified":"2023-06-15T10:31:30+00:00","author":{"@id":"https:\/\/fundaciomiquelvalls.org\/#\/schema\/person\/49e4b390c29b931f8b4213fbd9276ea3"},"description":"Con motivo del D\u00eda Mundial de la ELA, la noche del mi\u00e9rcoles 21 de junio, y por octavo a\u00f1o consecutivo, ayuntamientos de todo el territorio iluminar\u00e1n de verde la fachada de un edificio o monumento significativo de la poblaci\u00f3n para dar a conocer la ELA y apoyar a todas las personas afectadas por esta enfermedad, dentro de la campa\u00f1a de la Fundaci\u00f3 Catalana d\u2019ELA Miquel Valls \u201cHaz un gesto por la ELA\u201d.","breadcrumb":{"@id":"https:\/\/fundaciomiquelvalls.org\/es\/pueblos-y-ciudades-de-toda-catalunya-volveran-a-iluminarse-el-21-de-junio-dia-mundial-de-la-ela\/#breadcrumb"},"inLanguage":"es","potentialAction":[{"@type":"ReadAction","target":["https:\/\/fundaciomiquelvalls.org\/es\/pueblos-y-ciudades-de-toda-catalunya-volveran-a-iluminarse-el-21-de-junio-dia-mundial-de-la-ela\/"]}]},{"@type":"ImageObject","inLanguage":"es","@id":"https:\/\/fundaciomiquelvalls.org\/es\/pueblos-y-ciudades-de-toda-catalunya-volveran-a-iluminarse-el-21-de-junio-dia-mundial-de-la-ela\/#primaryimage","url":"https:\/\/fundaciomiquelvalls.org\/wp-content\/uploads\/2023\/06\/collage-gest-23_iluminacio_banner_xarxes.png","contentUrl":"https:\/\/fundaciomiquelvalls.org\/wp-content\/uploads\/2023\/06\/collage-gest-23_iluminacio_banner_xarxes.png","width":2000,"height":1232},{"@type":"BreadcrumbList","@id":"https:\/\/fundaciomiquelvalls.org\/es\/pueblos-y-ciudades-de-toda-catalunya-volveran-a-iluminarse-el-21-de-junio-dia-mundial-de-la-ela\/#breadcrumb","itemListElement":[{"@type":"ListItem","position":1,"name":"Portada","item":"https:\/\/fundaciomiquelvalls.org\/es\/"},{"@type":"ListItem","position":2,"name":"Pueblos y ciudades de toda Catalunya volver\u00e1n a iluminarse el 21 de junio, D\u00eda Mundial de la ELA"}]},{"@type":"WebSite","@id":"https:\/\/fundaciomiquelvalls.org\/#website","url":"https:\/\/fundaciomiquelvalls.org\/","name":"Fundaci\u00f3 Catalana d&#039;ELA Miquel Valls","description":"Treballem per millorar la qualitat de vida de les persones afectades d&#039;ELA i Malaltia de Motoneurona","potentialAction":[{"@type":"SearchAction","target":{"@type":"EntryPoint","urlTemplate":"https:\/\/fundaciomiquelvalls.org\/?s={search_term_string}"},"query-input":{"@type":"PropertyValueSpecification","valueRequired":true,"valueName":"search_term_string"}}],"inLanguage":"es"},{"@type":"Person","@id":"https:\/\/fundaciomiquelvalls.org\/#\/schema\/person\/49e4b390c29b931f8b4213fbd9276ea3","name":"Fundaci\u00f3 Catalana d'ELA Miquel Valls","sameAs":["https:\/\/fundaciomiquelvalls.org"],"url":"https:\/\/fundaciomiquelvalls.org\/es\/author\/alojapro_dev\/"}]}},"_links":{"self":[{"href":"https:\/\/fundaciomiquelvalls.org\/es\/wp-json\/wp\/v2\/posts\/5296","targetHints":{"allow":["GET"]}}],"collection":[{"href":"https:\/\/fundaciomiquelvalls.org\/es\/wp-json\/wp\/v2\/posts"}],"about":[{"href":"https:\/\/fundaciomiquelvalls.org\/es\/wp-json\/wp\/v2\/types\/post"}],"author":[{"embeddable":true,"href":"https:\/\/fundaciomiquelvalls.org\/es\/wp-json\/wp\/v2\/users\/1"}],"replies":[{"embeddable":true,"href":"https:\/\/fundaciomiquelvalls.org\/es\/wp-json\/wp\/v2\/comments?post=5296"}],"version-history":[{"count":2,"href":"https:\/\/fundaciomiquelvalls.org\/es\/wp-json\/wp\/v2\/posts\/5296\/revisions"}],"predecessor-version":[{"id":5319,"href":"https:\/\/fundaciomiquelvalls.org\/es\/wp-json\/wp\/v2\/posts\/5296\/revisions\/5319"}],"wp:featuredmedia":[{"embeddable":true,"href":"https:\/\/fundaciomiquelvalls.org\/es\/wp-json\/wp\/v2\/media\/5271"}],"wp:attachment":[{"href":"https:\/\/fundaciomiquelvalls.org\/es\/wp-json\/wp\/v2\/media?parent=5296"}],"wp:term":[{"taxonomy":"category","embeddable":true,"href":"https:\/\/fundaciomiquelvalls.org\/es\/wp-json\/wp\/v2\/categories?post=5296"},{"taxonomy":"post_tag","embeddable":true,"href":"https:\/\/fundaciomiquelvalls.org\/es\/wp-json\/wp\/v2\/tags?post=5296"}],"curies":[{"name":"wp","href":"https:\/\/api.w.org\/{rel}","templated":true}]}}