{"id":5138,"date":"2022-05-16T08:40:00","date_gmt":"2022-05-16T08:40:00","guid":{"rendered":"https:\/\/fundaciomiquelvalls.org\/?p=5138"},"modified":"2023-05-16T08:48:12","modified_gmt":"2023-05-16T08:48:12","slug":"haz-un-gesto-por-la-ela-dia-mundial","status":"publish","type":"post","link":"https:\/\/fundaciomiquelvalls.org\/es\/haz-un-gesto-por-la-ela-dia-mundial\/","title":{"rendered":"En el D\u00eda Mundial de la Esclerosis Lateral Amiotr\u00f3fica, \u00a1Haz un Gesto por la ELA!"},"content":{"rendered":"\n<p>El 21 de junio es el D\u00eda Mundial de la ELA, si quer\u00e9is dar a conocer la Esclerosis Lateral Amiotr\u00f3fica, apoyar a las personas afectadas y a los proyectos que llevamos a cabo en la Fundaci\u00f3n Catalana de ELA Miquel Valls, os animamos a todos a subir\u00a0una fotograf\u00eda haciendo el Gesto por la ELA en vuestras redes sociales con la etiqueta #fesungestperlela o #hazungestoporlaela.<\/p>\n\n\n\n<p>Tambi\u00e9n queremos que esta campa\u00f1a de visibilidad llegue a todos los pueblos implicando a los Ayuntamientos de toda Catalu\u00f1a. As\u00ed pues, desde la Fundaci\u00f3n Catalana de ELA Miquel Valls, hemos pedido a los consistorios que iluminen un edificio de su municipio de color verde la noche del 21 al 22, y que adem\u00e1s todo el equipo de gobierno se haga una fotograf\u00eda haciendo el Gesto\u00a0por la ELA\u00a0y la suban a las redes sociales de los pueblos y ciudades.<\/p>\n\n\n\n<p>Esperamos que el d\u00eda 21 de junio las redes se llenen de fotograf\u00edas vuestras haciendo el Gesto por la ELA. Y estad atentos a vuestra poblaci\u00f3n o preguntad en el ayuntamiento si se ha adherido a la campa\u00f1a, y si es as\u00ed, el 21 por la noche tomad una fotograf\u00eda en el edificio iluminado y colgarla en las redes tambi\u00e9n con el etiqueta #FesunGestperlELA.<\/p>\n\n\n\n<p>\u00a1Esperamos vuestros Gestos por la ELA!<\/p>\n\n\n\n<p>\u00a1Muchas gracias!!<\/p>\n","protected":false},"excerpt":{"rendered":"<p>El 21 de junio es el D\u00eda Mundial de la ELA, si quer\u00e9is dar a conocer la Esclerosis Lateral Amiotr\u00f3fica, apoyar a las personas afectadas y a los proyectos que llevamos a cabo en la Fundaci\u00f3n Catalana de ELA Miquel Valls, os animamos a todos a subir\u00a0una fotograf\u00eda haciendo el Gesto por la ELA en vuestras redes sociales con la etiqueta #fesungestperlela o #hazungestoporlaela. Tambi\u00e9n queremos que esta campa\u00f1a de visibilidad llegue a todos los pueblos implicando a los Ayuntamientos de toda Catalu\u00f1a. As\u00ed pues, desde la Fundaci\u00f3n Catalana de ELA Miquel Valls, hemos pedido a los consistorios que iluminen un edificio de su municipio de color verde la noche del 21 al 22, y que adem\u00e1s todo el equipo de gobierno se haga una fotograf\u00eda haciendo el Gesto\u00a0por la ELA\u00a0y la suban a las redes sociales de los pueblos y ciudades. Esperamos que el d\u00eda 21 de junio las redes se llenen de fotograf\u00edas vuestras haciendo el Gesto por la ELA. Y estad atentos a vuestra poblaci\u00f3n o preguntad en el ayuntamiento si se ha adherido a la campa\u00f1a, y si es as\u00ed, el 21 por la noche tomad una fotograf\u00eda en el edificio iluminado y colgarla en las redes tambi\u00e9n con el etiqueta #FesunGestperlELA. \u00a1Esperamos vuestros Gestos por la ELA! \u00a1Muchas gracias!!<\/p>\n","protected":false},"author":1,"featured_media":5136,"comment_status":"closed","ping_status":"closed","sticky":false,"template":"","format":"standard","meta":{"footnotes":""},"categories":[90],"tags":[91,248,122],"class_list":["post-5138","post","type-post","status-publish","format-standard","has-post-thumbnail","hentry","category-actualitat-es","tag-ela-es","tag-fes-un-gest-per-lela","tag-fundacio-catalana-dela-miquel-valls-es"],"yoast_head":"<!-- This site is optimized with the Yoast SEO plugin v26.9 - https:\/\/yoast.com\/product\/yoast-seo-wordpress\/ -->\n<title>En el D\u00eda Mundial de la Esclerosis Lateral Amiotr\u00f3fica, \u00a1Haz un Gesto por la ELA! - Fundaci\u00f3 Catalana d&#039;ELA Miquel Valls<\/title>\n<meta name=\"description\" content=\"El 21 de junio es el D\u00eda Mundial de la ELA, si quer\u00e9is dar a conocer la enfermedad os animamos a subir una fotografia haciento el Gesto por la ELA en redes sociales con la etiqueta #fesungestperlela o hazungestoporlaela.\" \/>\n<meta name=\"robots\" content=\"index, follow, max-snippet:-1, max-image-preview:large, max-video-preview:-1\" \/>\n<link rel=\"canonical\" href=\"https:\/\/fundaciomiquelvalls.org\/es\/haz-un-gesto-por-la-ela-dia-mundial\/\" \/>\n<meta property=\"og:locale\" content=\"es_ES\" \/>\n<meta property=\"og:type\" content=\"article\" \/>\n<meta property=\"og:title\" content=\"Fes un Gest per l&#039;ELA en el Dia Mundial d&#039;aquesta malaltia!\" \/>\n<meta property=\"og:description\" content=\"El 21 de juny \u00e9s el Dia Mundial de l&#039;ELA, si voleu donar a con\u00e8ixerla malaltia us animem a a pujar\u00a0una fotografia fent el Gest per l\u2019ELA a xarxes socials amb l&#039;etiqueta #fesungestperlela.\" \/>\n<meta property=\"og:url\" content=\"https:\/\/fundaciomiquelvalls.org\/es\/haz-un-gesto-por-la-ela-dia-mundial\/\" \/>\n<meta property=\"og:site_name\" content=\"Fundaci\u00f3 Catalana d&#039;ELA Miquel Valls\" \/>\n<meta property=\"article:published_time\" content=\"2022-05-16T08:40:00+00:00\" \/>\n<meta property=\"article:modified_time\" content=\"2023-05-16T08:48:12+00:00\" \/>\n<meta property=\"og:image\" content=\"https:\/\/fundaciomiquelvalls.org\/wp-content\/uploads\/2023\/05\/Gestos-collage-23.jpg\" \/>\n\t<meta property=\"og:image:width\" content=\"1280\" \/>\n\t<meta property=\"og:image:height\" content=\"720\" \/>\n\t<meta property=\"og:image:type\" content=\"image\/jpeg\" \/>\n<meta name=\"author\" content=\"Fundaci\u00f3 Catalana d&#039;ELA Miquel Valls\" \/>\n<meta name=\"twitter:card\" content=\"summary_large_image\" \/>\n<meta name=\"twitter:title\" content=\"Fes un Gest per l&#039;ELA en el Dia Mundial d&#039;aquesta malaltia!\" \/>\n<meta name=\"twitter:description\" content=\"El 21 de juny \u00e9s el Dia Mundial de l&#039;ELA, si voleu donar a con\u00e8ixerla malaltia us animem a a pujar\u00a0una fotografia fent el Gest per l\u2019ELA a xarxes socials amb l&#039;etiqueta #fesungestperlela.\" \/>\n<meta name=\"twitter:image\" content=\"https:\/\/fundaciomiquelvalls.org\/wp-content\/uploads\/2023\/05\/Gestos-collage-23.jpg\" \/>\n<meta name=\"twitter:label1\" content=\"Escrito por\" \/>\n\t<meta name=\"twitter:data1\" content=\"Fundaci\u00f3 Catalana d&#039;ELA Miquel Valls\" \/>\n\t<meta name=\"twitter:label2\" content=\"Tiempo de lectura\" \/>\n\t<meta name=\"twitter:data2\" content=\"2 minutos\" \/>\n<script type=\"application\/ld+json\" class=\"yoast-schema-graph\">{\"@context\":\"https:\/\/schema.org\",\"@graph\":[{\"@type\":\"Article\",\"@id\":\"https:\/\/fundaciomiquelvalls.org\/es\/haz-un-gesto-por-la-ela-dia-mundial\/#article\",\"isPartOf\":{\"@id\":\"https:\/\/fundaciomiquelvalls.org\/es\/haz-un-gesto-por-la-ela-dia-mundial\/\"},\"author\":{\"name\":\"Fundaci\u00f3 Catalana d'ELA Miquel Valls\",\"@id\":\"https:\/\/fundaciomiquelvalls.org\/#\/schema\/person\/49e4b390c29b931f8b4213fbd9276ea3\"},\"headline\":\"En el D\u00eda Mundial de la Esclerosis Lateral Amiotr\u00f3fica, \u00a1Haz un Gesto por la ELA!\",\"datePublished\":\"2022-05-16T08:40:00+00:00\",\"dateModified\":\"2023-05-16T08:48:12+00:00\",\"mainEntityOfPage\":{\"@id\":\"https:\/\/fundaciomiquelvalls.org\/es\/haz-un-gesto-por-la-ela-dia-mundial\/\"},\"wordCount\":246,\"image\":{\"@id\":\"https:\/\/fundaciomiquelvalls.org\/es\/haz-un-gesto-por-la-ela-dia-mundial\/#primaryimage\"},\"thumbnailUrl\":\"https:\/\/fundaciomiquelvalls.org\/wp-content\/uploads\/2023\/05\/Gestos-collage-23.jpg\",\"keywords\":[\"ELA\",\"Fes un Gest per l&#039;ELA\",\"Fundaci\u00f3 Catalana d&#039;ELA Miquel Valls\"],\"articleSection\":[\"Actualitat\"],\"inLanguage\":\"es\"},{\"@type\":\"WebPage\",\"@id\":\"https:\/\/fundaciomiquelvalls.org\/es\/haz-un-gesto-por-la-ela-dia-mundial\/\",\"url\":\"https:\/\/fundaciomiquelvalls.org\/es\/haz-un-gesto-por-la-ela-dia-mundial\/\",\"name\":\"En el D\u00eda Mundial de la Esclerosis Lateral Amiotr\u00f3fica, \u00a1Haz un Gesto por la ELA! - Fundaci\u00f3 Catalana d&#039;ELA Miquel Valls\",\"isPartOf\":{\"@id\":\"https:\/\/fundaciomiquelvalls.org\/#website\"},\"primaryImageOfPage\":{\"@id\":\"https:\/\/fundaciomiquelvalls.org\/es\/haz-un-gesto-por-la-ela-dia-mundial\/#primaryimage\"},\"image\":{\"@id\":\"https:\/\/fundaciomiquelvalls.org\/es\/haz-un-gesto-por-la-ela-dia-mundial\/#primaryimage\"},\"thumbnailUrl\":\"https:\/\/fundaciomiquelvalls.org\/wp-content\/uploads\/2023\/05\/Gestos-collage-23.jpg\",\"datePublished\":\"2022-05-16T08:40:00+00:00\",\"dateModified\":\"2023-05-16T08:48:12+00:00\",\"author\":{\"@id\":\"https:\/\/fundaciomiquelvalls.org\/#\/schema\/person\/49e4b390c29b931f8b4213fbd9276ea3\"},\"description\":\"El 21 de junio es el D\u00eda Mundial de la ELA, si quer\u00e9is dar a conocer la enfermedad os animamos a subir una fotografia haciento el Gesto por la ELA en redes sociales con la etiqueta #fesungestperlela o hazungestoporlaela.\",\"breadcrumb\":{\"@id\":\"https:\/\/fundaciomiquelvalls.org\/es\/haz-un-gesto-por-la-ela-dia-mundial\/#breadcrumb\"},\"inLanguage\":\"es\",\"potentialAction\":[{\"@type\":\"ReadAction\",\"target\":[\"https:\/\/fundaciomiquelvalls.org\/es\/haz-un-gesto-por-la-ela-dia-mundial\/\"]}]},{\"@type\":\"ImageObject\",\"inLanguage\":\"es\",\"@id\":\"https:\/\/fundaciomiquelvalls.org\/es\/haz-un-gesto-por-la-ela-dia-mundial\/#primaryimage\",\"url\":\"https:\/\/fundaciomiquelvalls.org\/wp-content\/uploads\/2023\/05\/Gestos-collage-23.jpg\",\"contentUrl\":\"https:\/\/fundaciomiquelvalls.org\/wp-content\/uploads\/2023\/05\/Gestos-collage-23.jpg\",\"width\":1280,\"height\":720},{\"@type\":\"BreadcrumbList\",\"@id\":\"https:\/\/fundaciomiquelvalls.org\/es\/haz-un-gesto-por-la-ela-dia-mundial\/#breadcrumb\",\"itemListElement\":[{\"@type\":\"ListItem\",\"position\":1,\"name\":\"Portada\",\"item\":\"https:\/\/fundaciomiquelvalls.org\/es\/\"},{\"@type\":\"ListItem\",\"position\":2,\"name\":\"En el D\u00eda Mundial de la Esclerosis Lateral Amiotr\u00f3fica, \u00a1Haz un Gesto por la ELA!\"}]},{\"@type\":\"WebSite\",\"@id\":\"https:\/\/fundaciomiquelvalls.org\/#website\",\"url\":\"https:\/\/fundaciomiquelvalls.org\/\",\"name\":\"Fundaci\u00f3 Catalana d&#039;ELA Miquel Valls\",\"description\":\"Treballem per millorar la qualitat de vida de les persones afectades d&#039;ELA i Malaltia de Motoneurona\",\"potentialAction\":[{\"@type\":\"SearchAction\",\"target\":{\"@type\":\"EntryPoint\",\"urlTemplate\":\"https:\/\/fundaciomiquelvalls.org\/?s={search_term_string}\"},\"query-input\":{\"@type\":\"PropertyValueSpecification\",\"valueRequired\":true,\"valueName\":\"search_term_string\"}}],\"inLanguage\":\"es\"},{\"@type\":\"Person\",\"@id\":\"https:\/\/fundaciomiquelvalls.org\/#\/schema\/person\/49e4b390c29b931f8b4213fbd9276ea3\",\"name\":\"Fundaci\u00f3 Catalana d'ELA Miquel Valls\",\"sameAs\":[\"https:\/\/fundaciomiquelvalls.org\"],\"url\":\"https:\/\/fundaciomiquelvalls.org\/es\/author\/alojapro_dev\/\"}]}<\/script>\n<!-- \/ Yoast SEO plugin. -->","yoast_head_json":{"title":"En el D\u00eda Mundial de la Esclerosis Lateral Amiotr\u00f3fica, \u00a1Haz un Gesto por la ELA! - Fundaci\u00f3 Catalana d&#039;ELA Miquel Valls","description":"El 21 de junio es el D\u00eda Mundial de la ELA, si quer\u00e9is dar a conocer la enfermedad os animamos a subir una fotografia haciento el Gesto por la ELA en redes sociales con la etiqueta #fesungestperlela o hazungestoporlaela.","robots":{"index":"index","follow":"follow","max-snippet":"max-snippet:-1","max-image-preview":"max-image-preview:large","max-video-preview":"max-video-preview:-1"},"canonical":"https:\/\/fundaciomiquelvalls.org\/es\/haz-un-gesto-por-la-ela-dia-mundial\/","og_locale":"es_ES","og_type":"article","og_title":"Fes un Gest per l'ELA en el Dia Mundial d'aquesta malaltia!","og_description":"El 21 de juny \u00e9s el Dia Mundial de l'ELA, si voleu donar a con\u00e8ixerla malaltia us animem a a pujar\u00a0una fotografia fent el Gest per l\u2019ELA a xarxes socials amb l'etiqueta #fesungestperlela.","og_url":"https:\/\/fundaciomiquelvalls.org\/es\/haz-un-gesto-por-la-ela-dia-mundial\/","og_site_name":"Fundaci\u00f3 Catalana d&#039;ELA Miquel Valls","article_published_time":"2022-05-16T08:40:00+00:00","article_modified_time":"2023-05-16T08:48:12+00:00","og_image":[{"width":1280,"height":720,"url":"https:\/\/fundaciomiquelvalls.org\/wp-content\/uploads\/2023\/05\/Gestos-collage-23.jpg","type":"image\/jpeg"}],"author":"Fundaci\u00f3 Catalana d'ELA Miquel Valls","twitter_card":"summary_large_image","twitter_title":"Fes un Gest per l'ELA en el Dia Mundial d'aquesta malaltia!","twitter_description":"El 21 de juny \u00e9s el Dia Mundial de l'ELA, si voleu donar a con\u00e8ixerla malaltia us animem a a pujar\u00a0una fotografia fent el Gest per l\u2019ELA a xarxes socials amb l'etiqueta #fesungestperlela.","twitter_image":"https:\/\/fundaciomiquelvalls.org\/wp-content\/uploads\/2023\/05\/Gestos-collage-23.jpg","twitter_misc":{"Escrito por":"Fundaci\u00f3 Catalana d'ELA Miquel Valls","Tiempo de lectura":"2 minutos"},"schema":{"@context":"https:\/\/schema.org","@graph":[{"@type":"Article","@id":"https:\/\/fundaciomiquelvalls.org\/es\/haz-un-gesto-por-la-ela-dia-mundial\/#article","isPartOf":{"@id":"https:\/\/fundaciomiquelvalls.org\/es\/haz-un-gesto-por-la-ela-dia-mundial\/"},"author":{"name":"Fundaci\u00f3 Catalana d'ELA Miquel Valls","@id":"https:\/\/fundaciomiquelvalls.org\/#\/schema\/person\/49e4b390c29b931f8b4213fbd9276ea3"},"headline":"En el D\u00eda Mundial de la Esclerosis Lateral Amiotr\u00f3fica, \u00a1Haz un Gesto por la ELA!","datePublished":"2022-05-16T08:40:00+00:00","dateModified":"2023-05-16T08:48:12+00:00","mainEntityOfPage":{"@id":"https:\/\/fundaciomiquelvalls.org\/es\/haz-un-gesto-por-la-ela-dia-mundial\/"},"wordCount":246,"image":{"@id":"https:\/\/fundaciomiquelvalls.org\/es\/haz-un-gesto-por-la-ela-dia-mundial\/#primaryimage"},"thumbnailUrl":"https:\/\/fundaciomiquelvalls.org\/wp-content\/uploads\/2023\/05\/Gestos-collage-23.jpg","keywords":["ELA","Fes un Gest per l&#039;ELA","Fundaci\u00f3 Catalana d&#039;ELA Miquel Valls"],"articleSection":["Actualitat"],"inLanguage":"es"},{"@type":"WebPage","@id":"https:\/\/fundaciomiquelvalls.org\/es\/haz-un-gesto-por-la-ela-dia-mundial\/","url":"https:\/\/fundaciomiquelvalls.org\/es\/haz-un-gesto-por-la-ela-dia-mundial\/","name":"En el D\u00eda Mundial de la Esclerosis Lateral Amiotr\u00f3fica, \u00a1Haz un Gesto por la ELA! - Fundaci\u00f3 Catalana d&#039;ELA Miquel Valls","isPartOf":{"@id":"https:\/\/fundaciomiquelvalls.org\/#website"},"primaryImageOfPage":{"@id":"https:\/\/fundaciomiquelvalls.org\/es\/haz-un-gesto-por-la-ela-dia-mundial\/#primaryimage"},"image":{"@id":"https:\/\/fundaciomiquelvalls.org\/es\/haz-un-gesto-por-la-ela-dia-mundial\/#primaryimage"},"thumbnailUrl":"https:\/\/fundaciomiquelvalls.org\/wp-content\/uploads\/2023\/05\/Gestos-collage-23.jpg","datePublished":"2022-05-16T08:40:00+00:00","dateModified":"2023-05-16T08:48:12+00:00","author":{"@id":"https:\/\/fundaciomiquelvalls.org\/#\/schema\/person\/49e4b390c29b931f8b4213fbd9276ea3"},"description":"El 21 de junio es el D\u00eda Mundial de la ELA, si quer\u00e9is dar a conocer la enfermedad os animamos a subir una fotografia haciento el Gesto por la ELA en redes sociales con la etiqueta #fesungestperlela o hazungestoporlaela.","breadcrumb":{"@id":"https:\/\/fundaciomiquelvalls.org\/es\/haz-un-gesto-por-la-ela-dia-mundial\/#breadcrumb"},"inLanguage":"es","potentialAction":[{"@type":"ReadAction","target":["https:\/\/fundaciomiquelvalls.org\/es\/haz-un-gesto-por-la-ela-dia-mundial\/"]}]},{"@type":"ImageObject","inLanguage":"es","@id":"https:\/\/fundaciomiquelvalls.org\/es\/haz-un-gesto-por-la-ela-dia-mundial\/#primaryimage","url":"https:\/\/fundaciomiquelvalls.org\/wp-content\/uploads\/2023\/05\/Gestos-collage-23.jpg","contentUrl":"https:\/\/fundaciomiquelvalls.org\/wp-content\/uploads\/2023\/05\/Gestos-collage-23.jpg","width":1280,"height":720},{"@type":"BreadcrumbList","@id":"https:\/\/fundaciomiquelvalls.org\/es\/haz-un-gesto-por-la-ela-dia-mundial\/#breadcrumb","itemListElement":[{"@type":"ListItem","position":1,"name":"Portada","item":"https:\/\/fundaciomiquelvalls.org\/es\/"},{"@type":"ListItem","position":2,"name":"En el D\u00eda Mundial de la Esclerosis Lateral Amiotr\u00f3fica, \u00a1Haz un Gesto por la ELA!"}]},{"@type":"WebSite","@id":"https:\/\/fundaciomiquelvalls.org\/#website","url":"https:\/\/fundaciomiquelvalls.org\/","name":"Fundaci\u00f3 Catalana d&#039;ELA Miquel Valls","description":"Treballem per millorar la qualitat de vida de les persones afectades d&#039;ELA i Malaltia de Motoneurona","potentialAction":[{"@type":"SearchAction","target":{"@type":"EntryPoint","urlTemplate":"https:\/\/fundaciomiquelvalls.org\/?s={search_term_string}"},"query-input":{"@type":"PropertyValueSpecification","valueRequired":true,"valueName":"search_term_string"}}],"inLanguage":"es"},{"@type":"Person","@id":"https:\/\/fundaciomiquelvalls.org\/#\/schema\/person\/49e4b390c29b931f8b4213fbd9276ea3","name":"Fundaci\u00f3 Catalana d'ELA Miquel Valls","sameAs":["https:\/\/fundaciomiquelvalls.org"],"url":"https:\/\/fundaciomiquelvalls.org\/es\/author\/alojapro_dev\/"}]}},"_links":{"self":[{"href":"https:\/\/fundaciomiquelvalls.org\/es\/wp-json\/wp\/v2\/posts\/5138","targetHints":{"allow":["GET"]}}],"collection":[{"href":"https:\/\/fundaciomiquelvalls.org\/es\/wp-json\/wp\/v2\/posts"}],"about":[{"href":"https:\/\/fundaciomiquelvalls.org\/es\/wp-json\/wp\/v2\/types\/post"}],"author":[{"embeddable":true,"href":"https:\/\/fundaciomiquelvalls.org\/es\/wp-json\/wp\/v2\/users\/1"}],"replies":[{"embeddable":true,"href":"https:\/\/fundaciomiquelvalls.org\/es\/wp-json\/wp\/v2\/comments?post=5138"}],"version-history":[{"count":2,"href":"https:\/\/fundaciomiquelvalls.org\/es\/wp-json\/wp\/v2\/posts\/5138\/revisions"}],"predecessor-version":[{"id":5142,"href":"https:\/\/fundaciomiquelvalls.org\/es\/wp-json\/wp\/v2\/posts\/5138\/revisions\/5142"}],"wp:featuredmedia":[{"embeddable":true,"href":"https:\/\/fundaciomiquelvalls.org\/es\/wp-json\/wp\/v2\/media\/5136"}],"wp:attachment":[{"href":"https:\/\/fundaciomiquelvalls.org\/es\/wp-json\/wp\/v2\/media?parent=5138"}],"wp:term":[{"taxonomy":"category","embeddable":true,"href":"https:\/\/fundaciomiquelvalls.org\/es\/wp-json\/wp\/v2\/categories?post=5138"},{"taxonomy":"post_tag","embeddable":true,"href":"https:\/\/fundaciomiquelvalls.org\/es\/wp-json\/wp\/v2\/tags?post=5138"}],"curies":[{"name":"wp","href":"https:\/\/api.w.org\/{rel}","templated":true}]}}