{"id":4784,"date":"2021-03-15T15:11:00","date_gmt":"2021-03-15T15:11:00","guid":{"rendered":"https:\/\/fundaciomiquelvalls.org\/entrevista-a-diana-playan-terapeuta-ocupacional-de-la-fundacion-catalana-de-ela-miquel-valls\/"},"modified":"2023-03-29T11:52:51","modified_gmt":"2023-03-29T11:52:51","slug":"entrevista_diana_playan_to_ela","status":"publish","type":"post","link":"https:\/\/fundaciomiquelvalls.org\/es\/entrevista_diana_playan_to_ela\/","title":{"rendered":"Entrevista a Diana Playan, Terapeuta Ocupacional de la Fundaci\u00f3 Catalana d&#8217;ELA Miquel Valls"},"content":{"rendered":"\n<p><em>El Equipo del <strong>Departamento de Terapia Ocupacional<\/strong> de la Fundaci\u00f3n Catalana de ELA Miquel Valls est\u00e1 formado por tres terapeutas ocupacionales que <strong>ofrecen atenci\u00f3n a las personas afectadas de ELA y sus familias atendidas<\/strong> por nuestra entidad, <strong>a domicilio y en las Unidades Funcionales de ELA<\/strong> de los principales hospitales de referencia.<\/em><\/p>\n\n\n\n<p><em>A continuaci\u00f3n, pod\u00e9is leer la entrevista de una de ellas, Diana Playan, nos cuenta cu\u00e1l es su d\u00eda a d\u00eda trabajando para mejorar la calidad de vida de las personas afectadas por la ELA.<\/em><\/p>\n\n\n\n<ul class=\"wp-block-list\">\n<li><strong><em>\u00bfQu\u00e9 es para ti la Fundaci\u00f3n Catalana de ELA Miquel Valls?<\/em><\/strong><\/li>\n<\/ul>\n\n\n\n<p>La Fundaci\u00f3n es una familia. Una familia de personas trabajadoras, integradas y activas en la lucha contra la ELA. La Fundaci\u00f3n Catalana de ELA Miquel Valls es aquel agente que vela por todos los afectados de Catalu\u00f1a y trabaja para que tengan una mejor calidad de vida, ya sea en asistencia directa de profesionales, como a nivel de ayudas o para promover la investigaci\u00f3n.<\/p>\n\n\n\n<p>Procuramos acompa\u00f1ar en todo el proceso de la enfermedad tanto a las personas afectadas como sus familias.<\/p>\n\n\n\n<ul class=\"wp-block-list\">\n<li><strong><em>\u00bfQu\u00e9 supone para ti trabajar con las personas afectadas de ELA y sus familias?<\/em><\/strong><\/li>\n<\/ul>\n\n\n\n<p>Trabajar con personas afectadas de ELA y sus familias supone un reto. Cada persona es diferente y, sobre todo, cada familia tiene su propio funcionamiento.<\/p>\n\n\n\n<p>La verdad es que a pesar de trabajar hace tiempo con la misma enfermedad no hay un solo d\u00eda que sea igual.<\/p>\n\n\n\n<p>Siempre estoy en constante crecimiento profesional ya que los retos que supone cada persona hace que tenga que formarme tanto profesional como emocionalmente.<\/p>\n\n\n\n<ul class=\"wp-block-list\">\n<li><strong><em>\u00bfConoc\u00edas la ELA antes de trabajar en la Fundaci\u00f3n?<\/em><\/strong><\/li>\n<\/ul>\n\n\n\n<p>En el a\u00f1o 2013 hice pr\u00e1cticas universitarias en la Fundaci\u00f3n y fue cuando conoc\u00ed la enfermedad, antes de eso ten\u00eda constancia de la Stephen Hawking.<\/p>\n\n\n\n<ul class=\"wp-block-list\">\n<li><strong><em>\u00bfCu\u00e1l es la funci\u00f3n de la Terapia Ocupacional?<\/em><\/strong><\/li>\n<\/ul>\n\n\n\n<p>Me gustar\u00eda explicar la Terapia ocupacional tal y como lo define la Federaci\u00f3n Mundial de Terapeutas Ocupacionales. Se entiende como una profesi\u00f3n sanitaria centrada en el usuario, la cual le concierne la promoci\u00f3n de la salud y el bienestar a trav\u00e9s del empleo. La finalidad primordial de la terapia ocupacional es posibilitar la participaci\u00f3n de las personas en las actividades de la vida diaria.<\/p>\n\n\n\n<p>Los terapeutas ocupacionales consiguen este resultado trabajando con personas y comunidades para incrementar su capacidad de involucrarse en aquellos empleos que desean y necesitan hacer; o mediante la modificaci\u00f3n de la ocupaci\u00f3n o del entorno para ofrecer un mayor apoyo a su compromiso ocupacional.<\/p>\n\n\n\n<p>Somos una disciplina sociosanitaria que eval\u00faa la capacidad de la persona (ni\u00f1o, adulto, o mayor) para cumplir las actividades de la vida cotidiana e interviene cuando dicha capacidad est\u00e1 en riesgo o afectada por cualquier causa.<\/p>\n\n\n\n<p>La Terapeuta Ocupacional utiliza, con finalidad terap\u00e9utica, la actividad con prop\u00f3sito y el entorno donde se desarrolla esta actividad para la promoci\u00f3n de la salud, prevenci\u00f3n, habilitaci\u00f3n, mejora, mantenimiento o compensaci\u00f3n y adaptaci\u00f3n de las posibles limitaciones funcionales, con el objetivo de conseguir el m\u00e1ximo nivel de salud, autonom\u00eda personal e integraci\u00f3n en el entorno de la persona y\/o grupos y permitir as\u00ed justicia social y una participaci\u00f3n plena en la comunidad.<\/p>\n\n\n\n<ul class=\"wp-block-list\">\n<li><strong><em>\u00bfQu\u00e9 importancia tiene la Terapia Ocupacional en las personas afectadas de ELA?<\/em><\/strong><\/li>\n<\/ul>\n\n\n\n<p>La Terapia Ocupacional juega un papel muy importante en una enfermedad como la ELA. Como bien sabemos, esta enfermedad es neurodegenerativa y provoca que los afectados vayan perdiendo capacidades funcionales a lo largo de todo el proceso.<\/p>\n\n\n\n<p>En t\u00e9rminos de la disciplina hablar\u00edamos de que la persona se encuentra en la situaci\u00f3n que ya no puede realizar las ocupaciones significativas de la misma manera que antes ni tampoco ser un agente activo dentro de la comunidad tal y como era antes.<\/p>\n\n\n\n<p>Este hecho provoca que todas las rutinas, actividades y ocupaciones se vean alteradas y se vayan modificando con el tiempo provocando nuevas necesidades constantes sobre c\u00f3mo la persona se debe desarrollar en su entorno.<\/p>\n\n\n\n<p>Es por este motivo que las terapeutas ocupacionales debemos hacer el seguimiento de cada caso de manera individualizada a lo largo de toda la enfermedad para poder ofrecer en cada momento las soluciones que hacen que la persona pueda empoderarse de nuevo y pueda realizar aquellas ocupaciones significativas y prioritarias para ellos.<\/p>\n\n\n\n<p>Nuestra tarea se realiza a trav\u00e9s de la rehabilitaci\u00f3n y, tambi\u00e9n, de la adaptaci\u00f3n de la actividad que realiza (esta puede ser desde vestirse, comprar el pan, pintar, ver la TV hasta comunicarse &#8230;) todo lo que hacemos y que es significativo para cada individuo es lo que definir\u00edamos como una ocupaci\u00f3n significativa y, \u00e9sta, va ligada al momento de la enfermedad en el que se encuentra la persona.<\/p>\n\n\n\n<ul class=\"wp-block-list\">\n<li><strong><em>Cu\u00e9ntanos un poco en qu\u00e9 consiste el d\u00eda a d\u00eda de tu trabajo en la Fundaci\u00f3n.<\/em><\/strong><\/li>\n<\/ul>\n\n\n\n<p>El d\u00eda a d\u00eda en mi trabajo consiste en atender a nivel domiciliario a los afectados y sus familias, coordinarme con otros profesionales implicados, buscar \/ pensar \/ asesorar \/ descubrir \/ indagar opciones y\/o soluciones que puedan ayudar al afectado\/a o a sus cuidadores a tener una mejor participaci\u00f3n en las actividades de la vida diaria y, sobre todo en mejorar la calidad de vida.<\/p>\n\n\n\n<p>Las terapeutas ocupacionales cuando salimos de visitas vamos a primera hora a buscar la furgoneta, cargamos el material que tenemos que llevar a las familias e iniciamos la ruta para poder ofrecer todo lo necesario a nuestros afectados.<\/p>\n\n\n\n<p>Tambi\u00e9n, junto con una trabajadora social y una psic\u00f3loga de la Fundaci\u00f3n, formo parte del equipo de la Unidad Funcional de la Motoneurona del Hospital Universitario de Bellvitge.<\/p>\n","protected":false},"excerpt":{"rendered":"<p>El Equipo del Departamento de Terapia Ocupacional de la Fundaci\u00f3n Catalana de ELA Miquel Valls est\u00e1 formado por tres terapeutas ocupacionales que ofrecen atenci\u00f3n a las personas afectadas de ELA y sus familias atendidas por nuestra entidad, a domicilio y en las Unidades Funcionales de ELA de los principales hospitales de referencia. A continuaci\u00f3n, pod\u00e9is leer la entrevista de una de ellas, Diana Playan, nos cuenta cu\u00e1l es su d\u00eda a d\u00eda trabajando para mejorar la calidad de vida de las personas afectadas por la ELA. La Fundaci\u00f3n es una familia. Una familia de personas trabajadoras, integradas y activas en la lucha contra la ELA. La Fundaci\u00f3n Catalana de ELA Miquel Valls es aquel agente que vela por todos los afectados de Catalu\u00f1a y trabaja para que tengan una mejor calidad de vida, ya sea en asistencia directa de profesionales, como a nivel de ayudas o para promover la investigaci\u00f3n. Procuramos acompa\u00f1ar en todo el proceso de la enfermedad tanto a las personas afectadas como sus familias. Trabajar con personas afectadas de ELA y sus familias supone un reto. Cada persona es diferente y, sobre todo, cada familia tiene su propio funcionamiento. La verdad es que a pesar de trabajar hace tiempo con la misma enfermedad no hay un solo d\u00eda que sea igual. Siempre estoy en constante crecimiento profesional ya que los retos que supone cada persona hace que tenga que formarme tanto profesional como emocionalmente. En el a\u00f1o 2013 hice pr\u00e1cticas universitarias en la Fundaci\u00f3n y fue cuando conoc\u00ed la enfermedad, antes de eso ten\u00eda constancia de la Stephen Hawking. Me gustar\u00eda explicar la Terapia ocupacional tal y como lo define la Federaci\u00f3n Mundial de Terapeutas Ocupacionales. Se entiende como una profesi\u00f3n sanitaria centrada en el usuario, la cual le concierne la promoci\u00f3n de la salud y el bienestar a trav\u00e9s del empleo. La finalidad primordial de la terapia ocupacional es posibilitar la participaci\u00f3n de las personas en las actividades de la vida diaria. Los terapeutas ocupacionales consiguen este resultado trabajando con personas y comunidades para incrementar su capacidad de involucrarse en aquellos empleos que desean y necesitan hacer; o mediante la modificaci\u00f3n de la ocupaci\u00f3n o del entorno para ofrecer un mayor apoyo a su compromiso ocupacional. Somos una disciplina sociosanitaria que eval\u00faa la capacidad de la persona (ni\u00f1o, adulto, o mayor) para cumplir las actividades de la vida cotidiana e interviene cuando dicha capacidad est\u00e1 en riesgo o afectada por cualquier causa. La Terapeuta Ocupacional utiliza, con finalidad terap\u00e9utica, la actividad con prop\u00f3sito y el entorno donde se desarrolla esta actividad para la promoci\u00f3n de la salud, prevenci\u00f3n, habilitaci\u00f3n, mejora, mantenimiento o compensaci\u00f3n y adaptaci\u00f3n de las posibles limitaciones funcionales, con el objetivo de conseguir el m\u00e1ximo nivel de salud, autonom\u00eda personal e integraci\u00f3n en el entorno de la persona y\/o grupos y permitir as\u00ed justicia social y una participaci\u00f3n plena en la comunidad. La Terapia Ocupacional juega un papel muy importante en una enfermedad como la ELA. Como bien sabemos, esta enfermedad es neurodegenerativa y provoca que los afectados vayan perdiendo capacidades funcionales a lo largo de todo el proceso. En t\u00e9rminos de la disciplina [&hellip;]<\/p>\n","protected":false},"author":1,"featured_media":2163,"comment_status":"closed","ping_status":"closed","sticky":false,"template":"","format":"standard","meta":{"footnotes":""},"categories":[77],"tags":[],"class_list":["post-4784","post","type-post","status-publish","format-standard","has-post-thumbnail","hentry","category-entrevistes"],"yoast_head":"<!-- This site is optimized with the Yoast SEO plugin v26.9 - https:\/\/yoast.com\/product\/yoast-seo-wordpress\/ -->\n<title>Entrevista a Diana Playan, Terapeuta Ocupacional de la Fundaci\u00f3 Catalana d&#039;ELA Miquel Valls - Fundaci\u00f3 Catalana d&#039;ELA Miquel Valls<\/title>\n<meta name=\"description\" content=\"L\u2019Equip del Departament de Ter\u00e0pia Ocupacional de la Fundaci\u00f3 Catalana d\u2019ELA Miquel Valls est\u00e0 format per tres terapeutes ocupacionals que ofereixen atenci\u00f3 a les persones afectades d\u2019ELA i les seves fam\u00edlies ateses per la nostra entitat, a domicili i a les Unitats Funcionals d\u2019ELA dels principals hospitals de refer\u00e8ncia.\" \/>\n<meta name=\"robots\" content=\"index, follow, max-snippet:-1, max-image-preview:large, max-video-preview:-1\" \/>\n<link rel=\"canonical\" href=\"https:\/\/fundaciomiquelvalls.org\/es\/entrevista_diana_playan_to_ela\/\" \/>\n<meta property=\"og:locale\" content=\"es_ES\" \/>\n<meta property=\"og:type\" content=\"article\" \/>\n<meta property=\"og:title\" content=\"Entrevista a Diana Playan, Terapeuta Ocupacional de la Fundaci\u00f3 Catalana d&#039;ELA Miquel Valls - Fundaci\u00f3 Catalana d&#039;ELA Miquel Valls\" \/>\n<meta property=\"og:description\" content=\"L\u2019Equip del Departament de Ter\u00e0pia Ocupacional de la Fundaci\u00f3 Catalana d\u2019ELA Miquel Valls est\u00e0 format per tres terapeutes ocupacionals que ofereixen atenci\u00f3 a les persones afectades d\u2019ELA i les seves fam\u00edlies ateses per la nostra entitat, a domicili i a les Unitats Funcionals d\u2019ELA dels principals hospitals de refer\u00e8ncia.\" \/>\n<meta property=\"og:url\" content=\"https:\/\/fundaciomiquelvalls.org\/es\/entrevista_diana_playan_to_ela\/\" \/>\n<meta property=\"og:site_name\" content=\"Fundaci\u00f3 Catalana d&#039;ELA Miquel Valls\" \/>\n<meta property=\"article:published_time\" content=\"2021-03-15T15:11:00+00:00\" \/>\n<meta property=\"article:modified_time\" content=\"2023-03-29T11:52:51+00:00\" \/>\n<meta property=\"og:image\" content=\"https:\/\/fundaciomiquelvalls.org\/wp-content\/uploads\/2021\/03\/6.jpg\" \/>\n\t<meta property=\"og:image:width\" content=\"348\" \/>\n\t<meta property=\"og:image:height\" content=\"252\" \/>\n\t<meta property=\"og:image:type\" content=\"image\/jpeg\" \/>\n<meta name=\"author\" content=\"Fundaci\u00f3 Catalana d&#039;ELA Miquel Valls\" \/>\n<meta name=\"twitter:card\" content=\"summary_large_image\" \/>\n<meta name=\"twitter:label1\" content=\"Escrito por\" \/>\n\t<meta name=\"twitter:data1\" content=\"Fundaci\u00f3 Catalana d&#039;ELA Miquel Valls\" \/>\n\t<meta name=\"twitter:label2\" content=\"Tiempo de lectura\" \/>\n\t<meta name=\"twitter:data2\" content=\"5 minutos\" \/>\n<script type=\"application\/ld+json\" class=\"yoast-schema-graph\">{\"@context\":\"https:\/\/schema.org\",\"@graph\":[{\"@type\":\"Article\",\"@id\":\"https:\/\/fundaciomiquelvalls.org\/es\/entrevista_diana_playan_to_ela\/#article\",\"isPartOf\":{\"@id\":\"https:\/\/fundaciomiquelvalls.org\/es\/entrevista_diana_playan_to_ela\/\"},\"author\":{\"name\":\"Fundaci\u00f3 Catalana d'ELA Miquel Valls\",\"@id\":\"https:\/\/fundaciomiquelvalls.org\/#\/schema\/person\/49e4b390c29b931f8b4213fbd9276ea3\"},\"headline\":\"Entrevista a Diana Playan, Terapeuta Ocupacional de la Fundaci\u00f3 Catalana d&#8217;ELA Miquel Valls\",\"datePublished\":\"2021-03-15T15:11:00+00:00\",\"dateModified\":\"2023-03-29T11:52:51+00:00\",\"mainEntityOfPage\":{\"@id\":\"https:\/\/fundaciomiquelvalls.org\/es\/entrevista_diana_playan_to_ela\/\"},\"wordCount\":990,\"image\":{\"@id\":\"https:\/\/fundaciomiquelvalls.org\/es\/entrevista_diana_playan_to_ela\/#primaryimage\"},\"thumbnailUrl\":\"https:\/\/fundaciomiquelvalls.org\/wp-content\/uploads\/2021\/03\/6.jpg\",\"articleSection\":[\"Entrevistes\"],\"inLanguage\":\"es\"},{\"@type\":\"WebPage\",\"@id\":\"https:\/\/fundaciomiquelvalls.org\/es\/entrevista_diana_playan_to_ela\/\",\"url\":\"https:\/\/fundaciomiquelvalls.org\/es\/entrevista_diana_playan_to_ela\/\",\"name\":\"Entrevista a Diana Playan, Terapeuta Ocupacional de la Fundaci\u00f3 Catalana d'ELA Miquel Valls - Fundaci\u00f3 Catalana d&#039;ELA Miquel Valls\",\"isPartOf\":{\"@id\":\"https:\/\/fundaciomiquelvalls.org\/#website\"},\"primaryImageOfPage\":{\"@id\":\"https:\/\/fundaciomiquelvalls.org\/es\/entrevista_diana_playan_to_ela\/#primaryimage\"},\"image\":{\"@id\":\"https:\/\/fundaciomiquelvalls.org\/es\/entrevista_diana_playan_to_ela\/#primaryimage\"},\"thumbnailUrl\":\"https:\/\/fundaciomiquelvalls.org\/wp-content\/uploads\/2021\/03\/6.jpg\",\"datePublished\":\"2021-03-15T15:11:00+00:00\",\"dateModified\":\"2023-03-29T11:52:51+00:00\",\"author\":{\"@id\":\"https:\/\/fundaciomiquelvalls.org\/#\/schema\/person\/49e4b390c29b931f8b4213fbd9276ea3\"},\"description\":\"L\u2019Equip del Departament de Ter\u00e0pia Ocupacional de la Fundaci\u00f3 Catalana d\u2019ELA Miquel Valls est\u00e0 format per tres terapeutes ocupacionals que ofereixen atenci\u00f3 a les persones afectades d\u2019ELA i les seves fam\u00edlies ateses per la nostra entitat, a domicili i a les Unitats Funcionals d\u2019ELA dels principals hospitals de refer\u00e8ncia.\",\"breadcrumb\":{\"@id\":\"https:\/\/fundaciomiquelvalls.org\/es\/entrevista_diana_playan_to_ela\/#breadcrumb\"},\"inLanguage\":\"es\",\"potentialAction\":[{\"@type\":\"ReadAction\",\"target\":[\"https:\/\/fundaciomiquelvalls.org\/es\/entrevista_diana_playan_to_ela\/\"]}]},{\"@type\":\"ImageObject\",\"inLanguage\":\"es\",\"@id\":\"https:\/\/fundaciomiquelvalls.org\/es\/entrevista_diana_playan_to_ela\/#primaryimage\",\"url\":\"https:\/\/fundaciomiquelvalls.org\/wp-content\/uploads\/2021\/03\/6.jpg\",\"contentUrl\":\"https:\/\/fundaciomiquelvalls.org\/wp-content\/uploads\/2021\/03\/6.jpg\",\"width\":348,\"height\":252},{\"@type\":\"BreadcrumbList\",\"@id\":\"https:\/\/fundaciomiquelvalls.org\/es\/entrevista_diana_playan_to_ela\/#breadcrumb\",\"itemListElement\":[{\"@type\":\"ListItem\",\"position\":1,\"name\":\"Portada\",\"item\":\"https:\/\/fundaciomiquelvalls.org\/es\/\"},{\"@type\":\"ListItem\",\"position\":2,\"name\":\"Entrevista a Diana Playan, Terapeuta Ocupacional de la Fundaci\u00f3 Catalana d&#8217;ELA Miquel Valls\"}]},{\"@type\":\"WebSite\",\"@id\":\"https:\/\/fundaciomiquelvalls.org\/#website\",\"url\":\"https:\/\/fundaciomiquelvalls.org\/\",\"name\":\"Fundaci\u00f3 Catalana d&#039;ELA Miquel Valls\",\"description\":\"Treballem per millorar la qualitat de vida de les persones afectades d&#039;ELA i Malaltia de Motoneurona\",\"potentialAction\":[{\"@type\":\"SearchAction\",\"target\":{\"@type\":\"EntryPoint\",\"urlTemplate\":\"https:\/\/fundaciomiquelvalls.org\/?s={search_term_string}\"},\"query-input\":{\"@type\":\"PropertyValueSpecification\",\"valueRequired\":true,\"valueName\":\"search_term_string\"}}],\"inLanguage\":\"es\"},{\"@type\":\"Person\",\"@id\":\"https:\/\/fundaciomiquelvalls.org\/#\/schema\/person\/49e4b390c29b931f8b4213fbd9276ea3\",\"name\":\"Fundaci\u00f3 Catalana d'ELA Miquel Valls\",\"sameAs\":[\"https:\/\/fundaciomiquelvalls.org\"],\"url\":\"https:\/\/fundaciomiquelvalls.org\/es\/author\/alojapro_dev\/\"}]}<\/script>\n<!-- \/ Yoast SEO plugin. -->","yoast_head_json":{"title":"Entrevista a Diana Playan, Terapeuta Ocupacional de la Fundaci\u00f3 Catalana d'ELA Miquel Valls - Fundaci\u00f3 Catalana d&#039;ELA Miquel Valls","description":"L\u2019Equip del Departament de Ter\u00e0pia Ocupacional de la Fundaci\u00f3 Catalana d\u2019ELA Miquel Valls est\u00e0 format per tres terapeutes ocupacionals que ofereixen atenci\u00f3 a les persones afectades d\u2019ELA i les seves fam\u00edlies ateses per la nostra entitat, a domicili i a les Unitats Funcionals d\u2019ELA dels principals hospitals de refer\u00e8ncia.","robots":{"index":"index","follow":"follow","max-snippet":"max-snippet:-1","max-image-preview":"max-image-preview:large","max-video-preview":"max-video-preview:-1"},"canonical":"https:\/\/fundaciomiquelvalls.org\/es\/entrevista_diana_playan_to_ela\/","og_locale":"es_ES","og_type":"article","og_title":"Entrevista a Diana Playan, Terapeuta Ocupacional de la Fundaci\u00f3 Catalana d'ELA Miquel Valls - Fundaci\u00f3 Catalana d&#039;ELA Miquel Valls","og_description":"L\u2019Equip del Departament de Ter\u00e0pia Ocupacional de la Fundaci\u00f3 Catalana d\u2019ELA Miquel Valls est\u00e0 format per tres terapeutes ocupacionals que ofereixen atenci\u00f3 a les persones afectades d\u2019ELA i les seves fam\u00edlies ateses per la nostra entitat, a domicili i a les Unitats Funcionals d\u2019ELA dels principals hospitals de refer\u00e8ncia.","og_url":"https:\/\/fundaciomiquelvalls.org\/es\/entrevista_diana_playan_to_ela\/","og_site_name":"Fundaci\u00f3 Catalana d&#039;ELA Miquel Valls","article_published_time":"2021-03-15T15:11:00+00:00","article_modified_time":"2023-03-29T11:52:51+00:00","og_image":[{"width":348,"height":252,"url":"https:\/\/fundaciomiquelvalls.org\/wp-content\/uploads\/2021\/03\/6.jpg","type":"image\/jpeg"}],"author":"Fundaci\u00f3 Catalana d'ELA Miquel Valls","twitter_card":"summary_large_image","twitter_misc":{"Escrito por":"Fundaci\u00f3 Catalana d'ELA Miquel Valls","Tiempo de lectura":"5 minutos"},"schema":{"@context":"https:\/\/schema.org","@graph":[{"@type":"Article","@id":"https:\/\/fundaciomiquelvalls.org\/es\/entrevista_diana_playan_to_ela\/#article","isPartOf":{"@id":"https:\/\/fundaciomiquelvalls.org\/es\/entrevista_diana_playan_to_ela\/"},"author":{"name":"Fundaci\u00f3 Catalana d'ELA Miquel Valls","@id":"https:\/\/fundaciomiquelvalls.org\/#\/schema\/person\/49e4b390c29b931f8b4213fbd9276ea3"},"headline":"Entrevista a Diana Playan, Terapeuta Ocupacional de la Fundaci\u00f3 Catalana d&#8217;ELA Miquel Valls","datePublished":"2021-03-15T15:11:00+00:00","dateModified":"2023-03-29T11:52:51+00:00","mainEntityOfPage":{"@id":"https:\/\/fundaciomiquelvalls.org\/es\/entrevista_diana_playan_to_ela\/"},"wordCount":990,"image":{"@id":"https:\/\/fundaciomiquelvalls.org\/es\/entrevista_diana_playan_to_ela\/#primaryimage"},"thumbnailUrl":"https:\/\/fundaciomiquelvalls.org\/wp-content\/uploads\/2021\/03\/6.jpg","articleSection":["Entrevistes"],"inLanguage":"es"},{"@type":"WebPage","@id":"https:\/\/fundaciomiquelvalls.org\/es\/entrevista_diana_playan_to_ela\/","url":"https:\/\/fundaciomiquelvalls.org\/es\/entrevista_diana_playan_to_ela\/","name":"Entrevista a Diana Playan, Terapeuta Ocupacional de la Fundaci\u00f3 Catalana d'ELA Miquel Valls - Fundaci\u00f3 Catalana d&#039;ELA Miquel Valls","isPartOf":{"@id":"https:\/\/fundaciomiquelvalls.org\/#website"},"primaryImageOfPage":{"@id":"https:\/\/fundaciomiquelvalls.org\/es\/entrevista_diana_playan_to_ela\/#primaryimage"},"image":{"@id":"https:\/\/fundaciomiquelvalls.org\/es\/entrevista_diana_playan_to_ela\/#primaryimage"},"thumbnailUrl":"https:\/\/fundaciomiquelvalls.org\/wp-content\/uploads\/2021\/03\/6.jpg","datePublished":"2021-03-15T15:11:00+00:00","dateModified":"2023-03-29T11:52:51+00:00","author":{"@id":"https:\/\/fundaciomiquelvalls.org\/#\/schema\/person\/49e4b390c29b931f8b4213fbd9276ea3"},"description":"L\u2019Equip del Departament de Ter\u00e0pia Ocupacional de la Fundaci\u00f3 Catalana d\u2019ELA Miquel Valls est\u00e0 format per tres terapeutes ocupacionals que ofereixen atenci\u00f3 a les persones afectades d\u2019ELA i les seves fam\u00edlies ateses per la nostra entitat, a domicili i a les Unitats Funcionals d\u2019ELA dels principals hospitals de refer\u00e8ncia.","breadcrumb":{"@id":"https:\/\/fundaciomiquelvalls.org\/es\/entrevista_diana_playan_to_ela\/#breadcrumb"},"inLanguage":"es","potentialAction":[{"@type":"ReadAction","target":["https:\/\/fundaciomiquelvalls.org\/es\/entrevista_diana_playan_to_ela\/"]}]},{"@type":"ImageObject","inLanguage":"es","@id":"https:\/\/fundaciomiquelvalls.org\/es\/entrevista_diana_playan_to_ela\/#primaryimage","url":"https:\/\/fundaciomiquelvalls.org\/wp-content\/uploads\/2021\/03\/6.jpg","contentUrl":"https:\/\/fundaciomiquelvalls.org\/wp-content\/uploads\/2021\/03\/6.jpg","width":348,"height":252},{"@type":"BreadcrumbList","@id":"https:\/\/fundaciomiquelvalls.org\/es\/entrevista_diana_playan_to_ela\/#breadcrumb","itemListElement":[{"@type":"ListItem","position":1,"name":"Portada","item":"https:\/\/fundaciomiquelvalls.org\/es\/"},{"@type":"ListItem","position":2,"name":"Entrevista a Diana Playan, Terapeuta Ocupacional de la Fundaci\u00f3 Catalana d&#8217;ELA Miquel Valls"}]},{"@type":"WebSite","@id":"https:\/\/fundaciomiquelvalls.org\/#website","url":"https:\/\/fundaciomiquelvalls.org\/","name":"Fundaci\u00f3 Catalana d&#039;ELA Miquel Valls","description":"Treballem per millorar la qualitat de vida de les persones afectades d&#039;ELA i Malaltia de Motoneurona","potentialAction":[{"@type":"SearchAction","target":{"@type":"EntryPoint","urlTemplate":"https:\/\/fundaciomiquelvalls.org\/?s={search_term_string}"},"query-input":{"@type":"PropertyValueSpecification","valueRequired":true,"valueName":"search_term_string"}}],"inLanguage":"es"},{"@type":"Person","@id":"https:\/\/fundaciomiquelvalls.org\/#\/schema\/person\/49e4b390c29b931f8b4213fbd9276ea3","name":"Fundaci\u00f3 Catalana d'ELA Miquel Valls","sameAs":["https:\/\/fundaciomiquelvalls.org"],"url":"https:\/\/fundaciomiquelvalls.org\/es\/author\/alojapro_dev\/"}]}},"_links":{"self":[{"href":"https:\/\/fundaciomiquelvalls.org\/es\/wp-json\/wp\/v2\/posts\/4784","targetHints":{"allow":["GET"]}}],"collection":[{"href":"https:\/\/fundaciomiquelvalls.org\/es\/wp-json\/wp\/v2\/posts"}],"about":[{"href":"https:\/\/fundaciomiquelvalls.org\/es\/wp-json\/wp\/v2\/types\/post"}],"author":[{"embeddable":true,"href":"https:\/\/fundaciomiquelvalls.org\/es\/wp-json\/wp\/v2\/users\/1"}],"replies":[{"embeddable":true,"href":"https:\/\/fundaciomiquelvalls.org\/es\/wp-json\/wp\/v2\/comments?post=4784"}],"version-history":[{"count":2,"href":"https:\/\/fundaciomiquelvalls.org\/es\/wp-json\/wp\/v2\/posts\/4784\/revisions"}],"predecessor-version":[{"id":4787,"href":"https:\/\/fundaciomiquelvalls.org\/es\/wp-json\/wp\/v2\/posts\/4784\/revisions\/4787"}],"wp:featuredmedia":[{"embeddable":true,"href":"https:\/\/fundaciomiquelvalls.org\/es\/wp-json\/wp\/v2\/media\/2163"}],"wp:attachment":[{"href":"https:\/\/fundaciomiquelvalls.org\/es\/wp-json\/wp\/v2\/media?parent=4784"}],"wp:term":[{"taxonomy":"category","embeddable":true,"href":"https:\/\/fundaciomiquelvalls.org\/es\/wp-json\/wp\/v2\/categories?post=4784"},{"taxonomy":"post_tag","embeddable":true,"href":"https:\/\/fundaciomiquelvalls.org\/es\/wp-json\/wp\/v2\/tags?post=4784"}],"curies":[{"name":"wp","href":"https:\/\/api.w.org\/{rel}","templated":true}]}}