{"id":4640,"date":"2022-02-01T13:36:15","date_gmt":"2022-02-01T13:36:15","guid":{"rendered":"https:\/\/fundaciomiquelvalls.org\/amb-els-cinc-sentits\/"},"modified":"2023-03-17T13:53:32","modified_gmt":"2023-03-17T13:53:32","slug":"amb-els-cinc-sentits","status":"publish","type":"post","link":"https:\/\/fundaciomiquelvalls.org\/es\/amb-els-cinc-sentits\/","title":{"rendered":"CON LOS CINCO SENTIDOS"},"content":{"rendered":"\n<p>Todos conocemos los cinco sentidos y c\u00f3mo cada uno de ellos nos puede llevar a experimentar o despertar ciertas emociones o sentimientos. De hecho, algunos de ellos nos sirven para suplir otras funciones que se ven alteradas cuando, por ejemplo, somos una persona diagnosticada con ELA\/EMN.<\/p>\n\n\n\n<p>Es el caso de la <strong>vista<\/strong>, que nos ayuda a poder comunicarnos durante el mayor tiempo posible ya sea con un lector de ojos o con una simple mirada, que muchas veces nos basta para entendernos. Podemos recrear este sentido mediante la pintura, una de las artes m\u00e1s antiguas. \u00bfSab\u00edas que existe la posibilidad de mirar museos on-line? Puedes acceder a trav\u00e9s de los siguientes enlaces a algunos museos como son el museo del prado, el museo del Louvre de Paris, el museo brit\u00e1nico o el museu virtual d\u2019art contemporani catal\u00e0:<\/p>\n\n\n\n<ul class=\"wp-block-list\">\n<li>MUSEO DEL PRADO <a href=\"https:\/\/www.museodelprado.es\/recorrido\/visita-virtual\/742f132f-8592-4f96-8e5a-9dad8647bc4c\">https:\/\/www.museodelprado.es\/recorrido\/visita-virtual\/742f132f-8592-4f96-8e5a-9dad8647bc4c<\/a><\/li>\n\n\n\n<li>MUSEO LOUVRE 360\u00ba&nbsp;&nbsp; <a href=\"https:\/\/petitegalerie.louvre.fr\/visite-virtuelle\/saison5\/\">https:\/\/petitegalerie.louvre.fr\/visite-virtuelle\/saison5\/<\/a><\/li>\n\n\n\n<li>MUSEO BRIT\u00c1NICO <a href=\"https:\/\/artsandculture.google.com\/partner\/the-british-museum\">https:\/\/artsandculture.google.com\/partner\/the-british-museum<\/a><\/li>\n\n\n\n<li>MUSEU D\u2019ART CONTEMPORANI (MACBA): <a href=\"https:\/\/www.macba.cat\/ca\/art-artistes\/mostra-permanent\/visita-virtual\">https:\/\/www.macba.cat\/ca\/art-artistes\/mostra-permanent\/visita-virtual<\/a><\/li>\n\n\n\n<li>MUSEU VIRTUAL D\u2019ART CONTEMPORANI CATAL\u00c0: <a href=\"https:\/\/www.museuartcontemporani.cat\/\">https:\/\/www.museuartcontemporani.cat\/<\/a><\/li>\n<\/ul>\n\n\n\n<p>El sentido del <strong>o\u00eddo<\/strong>, que nos permite escuchar desde las m\u00e1s bellas melod\u00edas hasta las m\u00e1s dulces -o no tan dulces- palabras de las personas cercanas. Existen sonidos relajantes como pueden ser las olas del mar, el canto de los p\u00e1jaros o sencillamente m\u00fasica cl\u00e1sica. Dedica unos minutos a escucharlos, s\u00f3lo concentr\u00e1ndote en la melod\u00eda y en la respiraci\u00f3n. Pueden ser sonidos que te evoquen a lugares donde hayas estado.<\/p>\n\n\n\n<p>Por otro lado, si eres una persona que te gusta m\u00e1s la acci\u00f3n, siempre puedes acceder a los audiolibros y dejar volar tu imaginaci\u00f3n, aqu\u00ed os dejamos alg\u00fan enlace.<\/p>\n\n\n\n<ul class=\"wp-block-list\">\n<li><a href=\"https:\/\/albalearning.com\/audiolibros\/?fbclid=IwAR3KirRKJk8bIkjHfPOIqtfp88p0MwAzLEJSjIGYSoW_j3MbVwahTJK3PGQ\">https:\/\/albalearning.com\/audiolibros\/?fbclid=IwAR3KirRKJk8bIkjHfPOIqtfp88p0MwAzLEJSjIGYSoW_j3MbVwahTJK3PGQ<\/a><\/li>\n\n\n\n<li><a href=\"https:\/\/www.audible.es\/\">https:\/\/www.audible.es\/<\/a><\/li>\n\n\n\n<li><a href=\"https:\/\/www.nextory.es\/libro\/hermano-de-hielo-11530400\/\">https:\/\/www.nextory.es\/libro\/hermano-de-hielo-11530400\/<\/a><\/li>\n<\/ul>\n\n\n\n<p>Tambi\u00e9n, existen los llamados podcast, que son emisiones de radio que pueden descargarse desde internet para escucharse desde el m\u00f3vil, Tablet o PC. Tienen diferentes temas a tratar, pudiendo elegir aquel que m\u00e1s nos guste. Existen de tecnolog\u00eda, historia, humor, salud, econom\u00eda, curiosidades, misterio&#8230;<\/p>\n\n\n\n<p>En catal\u00e1n:<\/p>\n\n\n\n<ul class=\"wp-block-list\">\n<li><a href=\"https:\/\/podcasts.cat\/\">https:\/\/podcasts.cat\/<\/a><\/li>\n\n\n\n<li><a href=\"https:\/\/www.ccma.cat\/catradio\/alacarta\/crims\/ultims-programes\/\">https:\/\/www.ccma.cat\/catradio\/alacarta\/crims\/ultims-programes\/<\/a><\/li>\n<\/ul>\n\n\n\n<p>En castellano:<\/p>\n\n\n\n<ul class=\"wp-block-list\">\n<li><a href=\"https:\/\/www.radio-espana.es\/podcasts\">https:\/\/www.radio-espana.es\/podcasts<\/a><\/li>\n\n\n\n<li><a href=\"https:\/\/www.podiumpodcast.com\/\">https:\/\/www.podiumpodcast.com\/<\/a><\/li>\n<\/ul>\n\n\n\n<p>Hay olores especiados, olores nuevos, olores distintos\u2026 En ocasiones, el <strong>olfato<\/strong> puede ser un gran aliado y tendemos a relacionar objetos, cosas o personas a un tipo de olor espec\u00edfico. Por ejemplo, el olor a la tortilla de patatas que te recuerda a tu abuela o esa colonia especial que nos recuerda a una persona en concreto o el olor de la monta\u00f1a que nos puede recordar a las vacaciones. Por otro lado, los m\u00e1s sibaritas saben apreciar los olores hasta en los vinos y como no, en los quesos. Pero, \u00bfsab\u00edas que existen catas hasta de aceite de oliva? Y no solo se centran en su color y sabor, sino tambi\u00e9n en su olor.<\/p>\n\n\n\n<p>Relacionar el sentido del <strong>gusto<\/strong> con comer es habitual, pero no siempre tiene por qu\u00e9 ser as\u00ed. Solamente con recordar una comida podemos tener la sensaci\u00f3n de estar sabore\u00e1ndola, por ello os proponemos una actividad a realizar con otra persona: Primero, se deber\u00e1 adivinar los platos favoritos de la otra persona hasta que se acaben. Tambi\u00e9n se puede realizar con alimentos que no nos gustan. Despu\u00e9s realizar o pensar en la secuencia de pasos necesarios para llevarla a cabo, cada uno tenemos nuestra propia receta y siempre podemos sorprendernos.<\/p>\n\n\n\n<p>Una de las principales actividades b\u00e1sicas de nuestro d\u00eda a d\u00eda es su elaboraci\u00f3n y no debemos por ello descuidar nuestra alimentaci\u00f3n, buscando alternativas nutritivas basadas en una dieta equilibrada. Si se tienen dudas sobre c\u00f3mo hacerlo, consultarlo con un dietista o nutricionista profesional.<\/p>\n\n\n\n<p>Por \u00faltimo, el sentido del <strong>tacto<\/strong>, que en algunas ocasiones podemos verlo alterado, pero por la experimentaci\u00f3n de una sensibilidad extrema. Puede parecer simple \u00e9ste \u00faltimo sentido, pero anat\u00f3micamente se transfiere de forma muy distinta seg\u00fan la informaci\u00f3n que recibamos. Por ejemplo, es distinto la realizaci\u00f3n de una caricia de la presi\u00f3n experimentada cuando nos agarran o nos golpean suavemente la mano. Por ello os invitamos a experimentar con este sentido: Empezaremos colocando varios objetos (una pluma, un bol\u00edgrafo, un tenedor y un papel) acariciaremos a la persona con los ojos cerrados y deber\u00e1 adivinar con cual ha sido el que le hemos tocado. Otra actividad podr\u00eda ser adivinar sin mirar, lo que otra persona escribe o dibuja en la piel. Y como no mencionar los masajes en este \u00faltimo apartado, recordar hacerlos siempre de la parte m\u00e1s alejada del cuerpo a la m\u00e1s cercana (de los dedos hacia el hombro) ejerciendo ligera presi\u00f3n, pero con cuidado de no causar dolor.<\/p>\n\n\n\n<p>Si ten\u00e9is alguna duda al respeto o quer\u00e9is m\u00e1s informaci\u00f3n no dud\u00e9is en contactar con el Departament de Terapia Ocupacional de la Fundaci\u00f3n y estaremos encantados de asesoraros. Porque los sentidos son esenciales para complacer nuestra vida, nos llevan y nos gu\u00edan para continuar en nuestro d\u00eda a d\u00eda.<\/p>\n","protected":false},"excerpt":{"rendered":"<p>Todos conocemos los cinco sentidos y c\u00f3mo cada uno de ellos nos puede llevar a experimentar o despertar ciertas emociones o sentimientos. De hecho, algunos de ellos nos sirven para suplir otras funciones que se ven alteradas cuando, por ejemplo, somos una persona diagnosticada con ELA\/EMN. Es el caso de la vista, que nos ayuda a poder comunicarnos durante el mayor tiempo posible ya sea con un lector de ojos o con una simple mirada, que muchas veces nos basta para entendernos. Podemos recrear este sentido mediante la pintura, una de las artes m\u00e1s antiguas. \u00bfSab\u00edas que existe la posibilidad de mirar museos on-line? Puedes acceder a trav\u00e9s de los siguientes enlaces a algunos museos como son el museo del prado, el museo del Louvre de Paris, el museo brit\u00e1nico o el museu virtual d\u2019art contemporani catal\u00e0: El sentido del o\u00eddo, que nos permite escuchar desde las m\u00e1s bellas melod\u00edas hasta las m\u00e1s dulces -o no tan dulces- palabras de las personas cercanas. Existen sonidos relajantes como pueden ser las olas del mar, el canto de los p\u00e1jaros o sencillamente m\u00fasica cl\u00e1sica. Dedica unos minutos a escucharlos, s\u00f3lo concentr\u00e1ndote en la melod\u00eda y en la respiraci\u00f3n. Pueden ser sonidos que te evoquen a lugares donde hayas estado. Por otro lado, si eres una persona que te gusta m\u00e1s la acci\u00f3n, siempre puedes acceder a los audiolibros y dejar volar tu imaginaci\u00f3n, aqu\u00ed os dejamos alg\u00fan enlace. Tambi\u00e9n, existen los llamados podcast, que son emisiones de radio que pueden descargarse desde internet para escucharse desde el m\u00f3vil, Tablet o PC. Tienen diferentes temas a tratar, pudiendo elegir aquel que m\u00e1s nos guste. Existen de tecnolog\u00eda, historia, humor, salud, econom\u00eda, curiosidades, misterio&#8230; En catal\u00e1n: En castellano: Hay olores especiados, olores nuevos, olores distintos\u2026 En ocasiones, el olfato puede ser un gran aliado y tendemos a relacionar objetos, cosas o personas a un tipo de olor espec\u00edfico. Por ejemplo, el olor a la tortilla de patatas que te recuerda a tu abuela o esa colonia especial que nos recuerda a una persona en concreto o el olor de la monta\u00f1a que nos puede recordar a las vacaciones. Por otro lado, los m\u00e1s sibaritas saben apreciar los olores hasta en los vinos y como no, en los quesos. Pero, \u00bfsab\u00edas que existen catas hasta de aceite de oliva? Y no solo se centran en su color y sabor, sino tambi\u00e9n en su olor. Relacionar el sentido del gusto con comer es habitual, pero no siempre tiene por qu\u00e9 ser as\u00ed. Solamente con recordar una comida podemos tener la sensaci\u00f3n de estar sabore\u00e1ndola, por ello os proponemos una actividad a realizar con otra persona: Primero, se deber\u00e1 adivinar los platos favoritos de la otra persona hasta que se acaben. Tambi\u00e9n se puede realizar con alimentos que no nos gustan. Despu\u00e9s realizar o pensar en la secuencia de pasos necesarios para llevarla a cabo, cada uno tenemos nuestra propia receta y siempre podemos sorprendernos. Una de las principales actividades b\u00e1sicas de nuestro d\u00eda a d\u00eda es su elaboraci\u00f3n y no debemos por ello descuidar nuestra alimentaci\u00f3n, buscando alternativas nutritivas basadas en una dieta equilibrada. Si se [&hellip;]<\/p>\n","protected":false},"author":1,"featured_media":4636,"comment_status":"closed","ping_status":"closed","sticky":false,"template":"","format":"standard","meta":{"footnotes":""},"categories":[76],"tags":[91,122,170],"class_list":["post-4640","post","type-post","status-publish","format-standard","has-post-thumbnail","hentry","category-articles-dinteres","tag-ela-es","tag-fundacio-catalana-dela-miquel-valls-es","tag-psicologia"],"yoast_head":"<!-- This site is optimized with the Yoast SEO plugin v26.9 - https:\/\/yoast.com\/product\/yoast-seo-wordpress\/ -->\n<title>CON LOS CINCO SENTIDOS - Fundaci\u00f3 Catalana d&#039;ELA Miquel Valls<\/title>\n<meta name=\"robots\" content=\"index, follow, max-snippet:-1, max-image-preview:large, max-video-preview:-1\" \/>\n<link rel=\"canonical\" href=\"https:\/\/fundaciomiquelvalls.org\/es\/amb-els-cinc-sentits\/\" \/>\n<meta property=\"og:locale\" content=\"es_ES\" \/>\n<meta property=\"og:type\" content=\"article\" \/>\n<meta property=\"og:title\" content=\"Amb els cinc sentits\" \/>\n<meta property=\"og:description\" content=\"Tots coneixem els cinc sentits i cadascun d\u2019ells ens pot portar a experimentar o despertar certes emocions o sentiments. De fet, alguns ens serveixen per suplir altres funcions que es veuen alterades quan, per exemple, som una persona diagnosticada amb ELA\/EMN.\" \/>\n<meta property=\"og:url\" content=\"https:\/\/fundaciomiquelvalls.org\/es\/amb-els-cinc-sentits\/\" \/>\n<meta property=\"og:site_name\" content=\"Fundaci\u00f3 Catalana d&#039;ELA Miquel Valls\" \/>\n<meta property=\"article:published_time\" content=\"2022-02-01T13:36:15+00:00\" \/>\n<meta property=\"article:modified_time\" content=\"2023-03-17T13:53:32+00:00\" \/>\n<meta property=\"og:image\" content=\"https:\/\/fundaciomiquelvalls.org\/wp-content\/uploads\/2023\/03\/TO_Febrer-Amb-els-cinc-sentits.jpg\" \/>\n\t<meta property=\"og:image:width\" content=\"1280\" \/>\n\t<meta property=\"og:image:height\" content=\"720\" \/>\n\t<meta property=\"og:image:type\" content=\"image\/jpeg\" \/>\n<meta name=\"author\" content=\"Fundaci\u00f3 Catalana d&#039;ELA Miquel Valls\" \/>\n<meta name=\"twitter:card\" content=\"summary_large_image\" \/>\n<meta name=\"twitter:title\" content=\"Amb els cinc sentits\" \/>\n<meta name=\"twitter:description\" content=\"Tots coneixem els cinc sentits i cadascun d\u2019ells ens pot portar a experimentar o despertar certes emocions o sentiments. De fet, alguns ens serveixen per suplir altres funcions que es veuen alterades quan, per exemple, som una persona diagnosticada amb ELA\/EMN.\" \/>\n<meta name=\"twitter:image\" content=\"https:\/\/fundaciomiquelvalls.org\/wp-content\/uploads\/2023\/03\/TO_Febrer-Amb-els-cinc-sentits.jpg\" \/>\n<meta name=\"twitter:label1\" content=\"Escrito por\" \/>\n\t<meta name=\"twitter:data1\" content=\"Fundaci\u00f3 Catalana d&#039;ELA Miquel Valls\" \/>\n\t<meta name=\"twitter:label2\" content=\"Tiempo de lectura\" \/>\n\t<meta name=\"twitter:data2\" content=\"5 minutos\" \/>\n<script type=\"application\/ld+json\" class=\"yoast-schema-graph\">{\"@context\":\"https:\/\/schema.org\",\"@graph\":[{\"@type\":\"Article\",\"@id\":\"https:\/\/fundaciomiquelvalls.org\/es\/amb-els-cinc-sentits\/#article\",\"isPartOf\":{\"@id\":\"https:\/\/fundaciomiquelvalls.org\/es\/amb-els-cinc-sentits\/\"},\"author\":{\"name\":\"Fundaci\u00f3 Catalana d'ELA Miquel Valls\",\"@id\":\"https:\/\/fundaciomiquelvalls.org\/#\/schema\/person\/49e4b390c29b931f8b4213fbd9276ea3\"},\"headline\":\"CON LOS CINCO SENTIDOS\",\"datePublished\":\"2022-02-01T13:36:15+00:00\",\"dateModified\":\"2023-03-17T13:53:32+00:00\",\"mainEntityOfPage\":{\"@id\":\"https:\/\/fundaciomiquelvalls.org\/es\/amb-els-cinc-sentits\/\"},\"wordCount\":913,\"image\":{\"@id\":\"https:\/\/fundaciomiquelvalls.org\/es\/amb-els-cinc-sentits\/#primaryimage\"},\"thumbnailUrl\":\"https:\/\/fundaciomiquelvalls.org\/wp-content\/uploads\/2023\/03\/TO_Febrer-Amb-els-cinc-sentits.jpg\",\"keywords\":[\"ELA\",\"Fundaci\u00f3 Catalana d&#039;ELA Miquel Valls\",\"Psicologia\"],\"articleSection\":[\"Articles d'inter\u00e8s\"],\"inLanguage\":\"es\"},{\"@type\":\"WebPage\",\"@id\":\"https:\/\/fundaciomiquelvalls.org\/es\/amb-els-cinc-sentits\/\",\"url\":\"https:\/\/fundaciomiquelvalls.org\/es\/amb-els-cinc-sentits\/\",\"name\":\"CON LOS CINCO SENTIDOS - Fundaci\u00f3 Catalana d&#039;ELA Miquel Valls\",\"isPartOf\":{\"@id\":\"https:\/\/fundaciomiquelvalls.org\/#website\"},\"primaryImageOfPage\":{\"@id\":\"https:\/\/fundaciomiquelvalls.org\/es\/amb-els-cinc-sentits\/#primaryimage\"},\"image\":{\"@id\":\"https:\/\/fundaciomiquelvalls.org\/es\/amb-els-cinc-sentits\/#primaryimage\"},\"thumbnailUrl\":\"https:\/\/fundaciomiquelvalls.org\/wp-content\/uploads\/2023\/03\/TO_Febrer-Amb-els-cinc-sentits.jpg\",\"datePublished\":\"2022-02-01T13:36:15+00:00\",\"dateModified\":\"2023-03-17T13:53:32+00:00\",\"author\":{\"@id\":\"https:\/\/fundaciomiquelvalls.org\/#\/schema\/person\/49e4b390c29b931f8b4213fbd9276ea3\"},\"breadcrumb\":{\"@id\":\"https:\/\/fundaciomiquelvalls.org\/es\/amb-els-cinc-sentits\/#breadcrumb\"},\"inLanguage\":\"es\",\"potentialAction\":[{\"@type\":\"ReadAction\",\"target\":[\"https:\/\/fundaciomiquelvalls.org\/es\/amb-els-cinc-sentits\/\"]}]},{\"@type\":\"ImageObject\",\"inLanguage\":\"es\",\"@id\":\"https:\/\/fundaciomiquelvalls.org\/es\/amb-els-cinc-sentits\/#primaryimage\",\"url\":\"https:\/\/fundaciomiquelvalls.org\/wp-content\/uploads\/2023\/03\/TO_Febrer-Amb-els-cinc-sentits.jpg\",\"contentUrl\":\"https:\/\/fundaciomiquelvalls.org\/wp-content\/uploads\/2023\/03\/TO_Febrer-Amb-els-cinc-sentits.jpg\",\"width\":1280,\"height\":720},{\"@type\":\"BreadcrumbList\",\"@id\":\"https:\/\/fundaciomiquelvalls.org\/es\/amb-els-cinc-sentits\/#breadcrumb\",\"itemListElement\":[{\"@type\":\"ListItem\",\"position\":1,\"name\":\"Portada\",\"item\":\"https:\/\/fundaciomiquelvalls.org\/es\/\"},{\"@type\":\"ListItem\",\"position\":2,\"name\":\"CON LOS CINCO SENTIDOS\"}]},{\"@type\":\"WebSite\",\"@id\":\"https:\/\/fundaciomiquelvalls.org\/#website\",\"url\":\"https:\/\/fundaciomiquelvalls.org\/\",\"name\":\"Fundaci\u00f3 Catalana d&#039;ELA Miquel Valls\",\"description\":\"Treballem per millorar la qualitat de vida de les persones afectades d&#039;ELA i Malaltia de Motoneurona\",\"potentialAction\":[{\"@type\":\"SearchAction\",\"target\":{\"@type\":\"EntryPoint\",\"urlTemplate\":\"https:\/\/fundaciomiquelvalls.org\/?s={search_term_string}\"},\"query-input\":{\"@type\":\"PropertyValueSpecification\",\"valueRequired\":true,\"valueName\":\"search_term_string\"}}],\"inLanguage\":\"es\"},{\"@type\":\"Person\",\"@id\":\"https:\/\/fundaciomiquelvalls.org\/#\/schema\/person\/49e4b390c29b931f8b4213fbd9276ea3\",\"name\":\"Fundaci\u00f3 Catalana d'ELA Miquel Valls\",\"sameAs\":[\"https:\/\/fundaciomiquelvalls.org\"],\"url\":\"https:\/\/fundaciomiquelvalls.org\/es\/author\/alojapro_dev\/\"}]}<\/script>\n<!-- \/ Yoast SEO plugin. -->","yoast_head_json":{"title":"CON LOS CINCO SENTIDOS - Fundaci\u00f3 Catalana d&#039;ELA Miquel Valls","robots":{"index":"index","follow":"follow","max-snippet":"max-snippet:-1","max-image-preview":"max-image-preview:large","max-video-preview":"max-video-preview:-1"},"canonical":"https:\/\/fundaciomiquelvalls.org\/es\/amb-els-cinc-sentits\/","og_locale":"es_ES","og_type":"article","og_title":"Amb els cinc sentits","og_description":"Tots coneixem els cinc sentits i cadascun d\u2019ells ens pot portar a experimentar o despertar certes emocions o sentiments. De fet, alguns ens serveixen per suplir altres funcions que es veuen alterades quan, per exemple, som una persona diagnosticada amb ELA\/EMN.","og_url":"https:\/\/fundaciomiquelvalls.org\/es\/amb-els-cinc-sentits\/","og_site_name":"Fundaci\u00f3 Catalana d&#039;ELA Miquel Valls","article_published_time":"2022-02-01T13:36:15+00:00","article_modified_time":"2023-03-17T13:53:32+00:00","og_image":[{"width":1280,"height":720,"url":"https:\/\/fundaciomiquelvalls.org\/wp-content\/uploads\/2023\/03\/TO_Febrer-Amb-els-cinc-sentits.jpg","type":"image\/jpeg"}],"author":"Fundaci\u00f3 Catalana d'ELA Miquel Valls","twitter_card":"summary_large_image","twitter_title":"Amb els cinc sentits","twitter_description":"Tots coneixem els cinc sentits i cadascun d\u2019ells ens pot portar a experimentar o despertar certes emocions o sentiments. De fet, alguns ens serveixen per suplir altres funcions que es veuen alterades quan, per exemple, som una persona diagnosticada amb ELA\/EMN.","twitter_image":"https:\/\/fundaciomiquelvalls.org\/wp-content\/uploads\/2023\/03\/TO_Febrer-Amb-els-cinc-sentits.jpg","twitter_misc":{"Escrito por":"Fundaci\u00f3 Catalana d'ELA Miquel Valls","Tiempo de lectura":"5 minutos"},"schema":{"@context":"https:\/\/schema.org","@graph":[{"@type":"Article","@id":"https:\/\/fundaciomiquelvalls.org\/es\/amb-els-cinc-sentits\/#article","isPartOf":{"@id":"https:\/\/fundaciomiquelvalls.org\/es\/amb-els-cinc-sentits\/"},"author":{"name":"Fundaci\u00f3 Catalana d'ELA Miquel Valls","@id":"https:\/\/fundaciomiquelvalls.org\/#\/schema\/person\/49e4b390c29b931f8b4213fbd9276ea3"},"headline":"CON LOS CINCO SENTIDOS","datePublished":"2022-02-01T13:36:15+00:00","dateModified":"2023-03-17T13:53:32+00:00","mainEntityOfPage":{"@id":"https:\/\/fundaciomiquelvalls.org\/es\/amb-els-cinc-sentits\/"},"wordCount":913,"image":{"@id":"https:\/\/fundaciomiquelvalls.org\/es\/amb-els-cinc-sentits\/#primaryimage"},"thumbnailUrl":"https:\/\/fundaciomiquelvalls.org\/wp-content\/uploads\/2023\/03\/TO_Febrer-Amb-els-cinc-sentits.jpg","keywords":["ELA","Fundaci\u00f3 Catalana d&#039;ELA Miquel Valls","Psicologia"],"articleSection":["Articles d'inter\u00e8s"],"inLanguage":"es"},{"@type":"WebPage","@id":"https:\/\/fundaciomiquelvalls.org\/es\/amb-els-cinc-sentits\/","url":"https:\/\/fundaciomiquelvalls.org\/es\/amb-els-cinc-sentits\/","name":"CON LOS CINCO SENTIDOS - Fundaci\u00f3 Catalana d&#039;ELA Miquel Valls","isPartOf":{"@id":"https:\/\/fundaciomiquelvalls.org\/#website"},"primaryImageOfPage":{"@id":"https:\/\/fundaciomiquelvalls.org\/es\/amb-els-cinc-sentits\/#primaryimage"},"image":{"@id":"https:\/\/fundaciomiquelvalls.org\/es\/amb-els-cinc-sentits\/#primaryimage"},"thumbnailUrl":"https:\/\/fundaciomiquelvalls.org\/wp-content\/uploads\/2023\/03\/TO_Febrer-Amb-els-cinc-sentits.jpg","datePublished":"2022-02-01T13:36:15+00:00","dateModified":"2023-03-17T13:53:32+00:00","author":{"@id":"https:\/\/fundaciomiquelvalls.org\/#\/schema\/person\/49e4b390c29b931f8b4213fbd9276ea3"},"breadcrumb":{"@id":"https:\/\/fundaciomiquelvalls.org\/es\/amb-els-cinc-sentits\/#breadcrumb"},"inLanguage":"es","potentialAction":[{"@type":"ReadAction","target":["https:\/\/fundaciomiquelvalls.org\/es\/amb-els-cinc-sentits\/"]}]},{"@type":"ImageObject","inLanguage":"es","@id":"https:\/\/fundaciomiquelvalls.org\/es\/amb-els-cinc-sentits\/#primaryimage","url":"https:\/\/fundaciomiquelvalls.org\/wp-content\/uploads\/2023\/03\/TO_Febrer-Amb-els-cinc-sentits.jpg","contentUrl":"https:\/\/fundaciomiquelvalls.org\/wp-content\/uploads\/2023\/03\/TO_Febrer-Amb-els-cinc-sentits.jpg","width":1280,"height":720},{"@type":"BreadcrumbList","@id":"https:\/\/fundaciomiquelvalls.org\/es\/amb-els-cinc-sentits\/#breadcrumb","itemListElement":[{"@type":"ListItem","position":1,"name":"Portada","item":"https:\/\/fundaciomiquelvalls.org\/es\/"},{"@type":"ListItem","position":2,"name":"CON LOS CINCO SENTIDOS"}]},{"@type":"WebSite","@id":"https:\/\/fundaciomiquelvalls.org\/#website","url":"https:\/\/fundaciomiquelvalls.org\/","name":"Fundaci\u00f3 Catalana d&#039;ELA Miquel Valls","description":"Treballem per millorar la qualitat de vida de les persones afectades d&#039;ELA i Malaltia de Motoneurona","potentialAction":[{"@type":"SearchAction","target":{"@type":"EntryPoint","urlTemplate":"https:\/\/fundaciomiquelvalls.org\/?s={search_term_string}"},"query-input":{"@type":"PropertyValueSpecification","valueRequired":true,"valueName":"search_term_string"}}],"inLanguage":"es"},{"@type":"Person","@id":"https:\/\/fundaciomiquelvalls.org\/#\/schema\/person\/49e4b390c29b931f8b4213fbd9276ea3","name":"Fundaci\u00f3 Catalana d'ELA Miquel Valls","sameAs":["https:\/\/fundaciomiquelvalls.org"],"url":"https:\/\/fundaciomiquelvalls.org\/es\/author\/alojapro_dev\/"}]}},"_links":{"self":[{"href":"https:\/\/fundaciomiquelvalls.org\/es\/wp-json\/wp\/v2\/posts\/4640","targetHints":{"allow":["GET"]}}],"collection":[{"href":"https:\/\/fundaciomiquelvalls.org\/es\/wp-json\/wp\/v2\/posts"}],"about":[{"href":"https:\/\/fundaciomiquelvalls.org\/es\/wp-json\/wp\/v2\/types\/post"}],"author":[{"embeddable":true,"href":"https:\/\/fundaciomiquelvalls.org\/es\/wp-json\/wp\/v2\/users\/1"}],"replies":[{"embeddable":true,"href":"https:\/\/fundaciomiquelvalls.org\/es\/wp-json\/wp\/v2\/comments?post=4640"}],"version-history":[{"count":1,"href":"https:\/\/fundaciomiquelvalls.org\/es\/wp-json\/wp\/v2\/posts\/4640\/revisions"}],"predecessor-version":[{"id":4642,"href":"https:\/\/fundaciomiquelvalls.org\/es\/wp-json\/wp\/v2\/posts\/4640\/revisions\/4642"}],"wp:featuredmedia":[{"embeddable":true,"href":"https:\/\/fundaciomiquelvalls.org\/es\/wp-json\/wp\/v2\/media\/4636"}],"wp:attachment":[{"href":"https:\/\/fundaciomiquelvalls.org\/es\/wp-json\/wp\/v2\/media?parent=4640"}],"wp:term":[{"taxonomy":"category","embeddable":true,"href":"https:\/\/fundaciomiquelvalls.org\/es\/wp-json\/wp\/v2\/categories?post=4640"},{"taxonomy":"post_tag","embeddable":true,"href":"https:\/\/fundaciomiquelvalls.org\/es\/wp-json\/wp\/v2\/tags?post=4640"}],"curies":[{"name":"wp","href":"https:\/\/api.w.org\/{rel}","templated":true}]}}