{"id":4588,"date":"2021-06-23T13:39:00","date_gmt":"2021-06-23T13:39:00","guid":{"rendered":"https:\/\/fundaciomiquelvalls.org\/?p=4588"},"modified":"2023-03-09T13:51:17","modified_gmt":"2023-03-09T13:51:17","slug":"gracies-pels-gestos-per-lela-en-el-dia-mundial-daquesta-malaltia","status":"publish","type":"post","link":"https:\/\/fundaciomiquelvalls.org\/es\/gracies-pels-gestos-per-lela-en-el-dia-mundial-daquesta-malaltia\/","title":{"rendered":"\u00a1Gracias por los Gestos por la ELA en el D\u00eda Mundial de esta enfermedad!"},"content":{"rendered":"\n<p>El pasado 21 de Junio las redes se llenaron de fotograf\u00edas de particulares y personalidades p\u00fablicas haciendo el Gesto por la ELA, adem\u00e1s muchas localidades catalanas iluminaron de verde un edificio para apoyar su lucha. Desde la Fundaci\u00f3n Catalana de ELA Miquel Valls queremos darles las gracias por este Gestos por la ELA!<\/p>\n\n\n\n<p>Os dejamos con un \u00e1lbum de algunas de las fotograf\u00edas que nos hicisteis llegar:<\/p>\n\n\n\n<div class=\"wp-block-buttons is-content-justification-center is-layout-flex wp-container-core-buttons-is-layout-16018d1d wp-block-buttons-is-layout-flex\">\n<div class=\"wp-block-button\"><a class=\"wp-block-button__link has-background wp-element-button\" href=\"https:\/\/photos.app.goo.gl\/a6QsJN3k89Gzrupv5\" style=\"background-color:#bad735\">Ver \u00e1lbum<\/a><\/div>\n<\/div>\n\n\n\n<p><br>Desde la Fundaci\u00f3n Catalana de ELA Miquel Valls os animamos a que no s\u00f3lo en el d\u00eda mundial la ELA sea visible, sino que debe serlo cada d\u00eda para as\u00ed poder ayudar con los imposibles que se encuentran los que la padecen!<\/p>\n\n\n<div class=\"wp-block-image\">\n<figure class=\"aligncenter size-full is-resized\"><img decoding=\"async\" src=\"https:\/\/fundaciomiquelvalls.org\/wp-content\/uploads\/2023\/03\/Gracies_DiaMundial21_quadrat.jpg\" alt=\"\" class=\"wp-image-4595\" width=\"-353\" height=\"-378\" srcset=\"https:\/\/fundaciomiquelvalls.org\/wp-content\/uploads\/2023\/03\/Gracies_DiaMundial21_quadrat.jpg 547w, https:\/\/fundaciomiquelvalls.org\/wp-content\/uploads\/2023\/03\/Gracies_DiaMundial21_quadrat-280x300.jpg 280w\" sizes=\"(max-width: 547px) 100vw, 547px\" \/><\/figure>\n<\/div>","protected":false},"excerpt":{"rendered":"<p>El pasado 21 de Junio las redes se llenaron de fotograf\u00edas de particulares y personalidades p\u00fablicas haciendo el Gesto por la ELA, adem\u00e1s muchas localidades catalanas iluminaron de verde un edificio para apoyar su lucha. Desde la Fundaci\u00f3n Catalana de ELA Miquel Valls queremos darles las gracias por este Gestos por la ELA! Os dejamos con un \u00e1lbum de algunas de las fotograf\u00edas que nos hicisteis llegar: Desde la Fundaci\u00f3n Catalana de ELA Miquel Valls os animamos a que no s\u00f3lo en el d\u00eda mundial la ELA sea visible, sino que debe serlo cada d\u00eda para as\u00ed poder ayudar con los imposibles que se encuentran los que la padecen!<\/p>\n","protected":false},"author":1,"featured_media":4591,"comment_status":"open","ping_status":"open","sticky":false,"template":"","format":"standard","meta":{"footnotes":""},"categories":[90],"tags":[250,249,91,248,122,102],"class_list":["post-4588","post","type-post","status-publish","format-standard","has-post-thumbnail","hentry","category-actualitat-es","tag-21-de-juny","tag-dia-mundial-ela","tag-ela-es","tag-fes-un-gest-per-lela","tag-fundacio-catalana-dela-miquel-valls-es","tag-solidaritat-es"],"yoast_head":"<!-- This site is optimized with the Yoast SEO plugin v26.9 - https:\/\/yoast.com\/product\/yoast-seo-wordpress\/ -->\n<title>\u00a1Gracias por los Gestos por la ELA en el D\u00eda Mundial de esta enfermedad! - Fundaci\u00f3 Catalana d&#039;ELA Miquel Valls<\/title>\n<meta name=\"robots\" content=\"index, follow, max-snippet:-1, max-image-preview:large, max-video-preview:-1\" \/>\n<link rel=\"canonical\" href=\"https:\/\/fundaciomiquelvalls.org\/es\/gracies-pels-gestos-per-lela-en-el-dia-mundial-daquesta-malaltia\/\" \/>\n<meta property=\"og:locale\" content=\"es_ES\" \/>\n<meta property=\"og:type\" content=\"article\" \/>\n<meta property=\"og:title\" content=\"\u00a1Gracias por los Gestos por la ELA en el D\u00eda Mundial de esta enfermedad! - Fundaci\u00f3 Catalana d&#039;ELA Miquel Valls\" \/>\n<meta property=\"og:description\" content=\"El pasado 21 de Junio las redes se llenaron de fotograf\u00edas de particulares y personalidades p\u00fablicas haciendo el Gesto por la ELA, adem\u00e1s muchas localidades catalanas iluminaron de verde un edificio para apoyar su lucha. Desde la Fundaci\u00f3n Catalana de ELA Miquel Valls queremos darles las gracias por este Gestos por la ELA! Os dejamos con un \u00e1lbum de algunas de las fotograf\u00edas que nos hicisteis llegar: Desde la Fundaci\u00f3n Catalana de ELA Miquel Valls os animamos a que no s\u00f3lo en el d\u00eda mundial la ELA sea visible, sino que debe serlo cada d\u00eda para as\u00ed poder ayudar con los imposibles que se encuentran los que la padecen!\" \/>\n<meta property=\"og:url\" content=\"https:\/\/fundaciomiquelvalls.org\/es\/gracies-pels-gestos-per-lela-en-el-dia-mundial-daquesta-malaltia\/\" \/>\n<meta property=\"og:site_name\" content=\"Fundaci\u00f3 Catalana d&#039;ELA Miquel Valls\" \/>\n<meta property=\"article:published_time\" content=\"2021-06-23T13:39:00+00:00\" \/>\n<meta property=\"article:modified_time\" content=\"2023-03-09T13:51:17+00:00\" \/>\n<meta property=\"og:image\" content=\"https:\/\/fundaciomiquelvalls.org\/wp-content\/uploads\/2023\/03\/Gracies_FesunGest2021.jpg\" \/>\n\t<meta property=\"og:image:width\" content=\"1280\" \/>\n\t<meta property=\"og:image:height\" content=\"720\" \/>\n\t<meta property=\"og:image:type\" content=\"image\/jpeg\" \/>\n<meta name=\"author\" content=\"Fundaci\u00f3 Catalana d&#039;ELA Miquel Valls\" \/>\n<meta name=\"twitter:card\" content=\"summary_large_image\" \/>\n<meta name=\"twitter:label1\" content=\"Escrito por\" \/>\n\t<meta name=\"twitter:data1\" content=\"Fundaci\u00f3 Catalana d&#039;ELA Miquel Valls\" \/>\n\t<meta name=\"twitter:label2\" content=\"Tiempo de lectura\" \/>\n\t<meta name=\"twitter:data2\" content=\"1 minuto\" \/>\n<script type=\"application\/ld+json\" class=\"yoast-schema-graph\">{\"@context\":\"https:\/\/schema.org\",\"@graph\":[{\"@type\":\"Article\",\"@id\":\"https:\/\/fundaciomiquelvalls.org\/es\/gracies-pels-gestos-per-lela-en-el-dia-mundial-daquesta-malaltia\/#article\",\"isPartOf\":{\"@id\":\"https:\/\/fundaciomiquelvalls.org\/es\/gracies-pels-gestos-per-lela-en-el-dia-mundial-daquesta-malaltia\/\"},\"author\":{\"name\":\"Fundaci\u00f3 Catalana d'ELA Miquel Valls\",\"@id\":\"https:\/\/fundaciomiquelvalls.org\/#\/schema\/person\/49e4b390c29b931f8b4213fbd9276ea3\"},\"headline\":\"\u00a1Gracias por los Gestos por la ELA en el D\u00eda Mundial de esta enfermedad!\",\"datePublished\":\"2021-06-23T13:39:00+00:00\",\"dateModified\":\"2023-03-09T13:51:17+00:00\",\"mainEntityOfPage\":{\"@id\":\"https:\/\/fundaciomiquelvalls.org\/es\/gracies-pels-gestos-per-lela-en-el-dia-mundial-daquesta-malaltia\/\"},\"wordCount\":134,\"commentCount\":0,\"image\":{\"@id\":\"https:\/\/fundaciomiquelvalls.org\/es\/gracies-pels-gestos-per-lela-en-el-dia-mundial-daquesta-malaltia\/#primaryimage\"},\"thumbnailUrl\":\"https:\/\/fundaciomiquelvalls.org\/wp-content\/uploads\/2023\/03\/Gracies_FesunGest2021.jpg\",\"keywords\":[\"21 de juny\",\"Dia Mundial ELA\",\"ELA\",\"Fes un Gest per l&#039;ELA\",\"Fundaci\u00f3 Catalana d&#039;ELA Miquel Valls\",\"solidaritat\"],\"articleSection\":[\"Actualitat\"],\"inLanguage\":\"es\"},{\"@type\":\"WebPage\",\"@id\":\"https:\/\/fundaciomiquelvalls.org\/es\/gracies-pels-gestos-per-lela-en-el-dia-mundial-daquesta-malaltia\/\",\"url\":\"https:\/\/fundaciomiquelvalls.org\/es\/gracies-pels-gestos-per-lela-en-el-dia-mundial-daquesta-malaltia\/\",\"name\":\"\u00a1Gracias por los Gestos por la ELA en el D\u00eda Mundial de esta enfermedad! - Fundaci\u00f3 Catalana d&#039;ELA Miquel Valls\",\"isPartOf\":{\"@id\":\"https:\/\/fundaciomiquelvalls.org\/#website\"},\"primaryImageOfPage\":{\"@id\":\"https:\/\/fundaciomiquelvalls.org\/es\/gracies-pels-gestos-per-lela-en-el-dia-mundial-daquesta-malaltia\/#primaryimage\"},\"image\":{\"@id\":\"https:\/\/fundaciomiquelvalls.org\/es\/gracies-pels-gestos-per-lela-en-el-dia-mundial-daquesta-malaltia\/#primaryimage\"},\"thumbnailUrl\":\"https:\/\/fundaciomiquelvalls.org\/wp-content\/uploads\/2023\/03\/Gracies_FesunGest2021.jpg\",\"datePublished\":\"2021-06-23T13:39:00+00:00\",\"dateModified\":\"2023-03-09T13:51:17+00:00\",\"author\":{\"@id\":\"https:\/\/fundaciomiquelvalls.org\/#\/schema\/person\/49e4b390c29b931f8b4213fbd9276ea3\"},\"breadcrumb\":{\"@id\":\"https:\/\/fundaciomiquelvalls.org\/es\/gracies-pels-gestos-per-lela-en-el-dia-mundial-daquesta-malaltia\/#breadcrumb\"},\"inLanguage\":\"es\",\"potentialAction\":[{\"@type\":\"ReadAction\",\"target\":[\"https:\/\/fundaciomiquelvalls.org\/es\/gracies-pels-gestos-per-lela-en-el-dia-mundial-daquesta-malaltia\/\"]}]},{\"@type\":\"ImageObject\",\"inLanguage\":\"es\",\"@id\":\"https:\/\/fundaciomiquelvalls.org\/es\/gracies-pels-gestos-per-lela-en-el-dia-mundial-daquesta-malaltia\/#primaryimage\",\"url\":\"https:\/\/fundaciomiquelvalls.org\/wp-content\/uploads\/2023\/03\/Gracies_FesunGest2021.jpg\",\"contentUrl\":\"https:\/\/fundaciomiquelvalls.org\/wp-content\/uploads\/2023\/03\/Gracies_FesunGest2021.jpg\",\"width\":1280,\"height\":720},{\"@type\":\"BreadcrumbList\",\"@id\":\"https:\/\/fundaciomiquelvalls.org\/es\/gracies-pels-gestos-per-lela-en-el-dia-mundial-daquesta-malaltia\/#breadcrumb\",\"itemListElement\":[{\"@type\":\"ListItem\",\"position\":1,\"name\":\"Portada\",\"item\":\"https:\/\/fundaciomiquelvalls.org\/es\/\"},{\"@type\":\"ListItem\",\"position\":2,\"name\":\"\u00a1Gracias por los Gestos por la ELA en el D\u00eda Mundial de esta enfermedad!\"}]},{\"@type\":\"WebSite\",\"@id\":\"https:\/\/fundaciomiquelvalls.org\/#website\",\"url\":\"https:\/\/fundaciomiquelvalls.org\/\",\"name\":\"Fundaci\u00f3 Catalana d&#039;ELA Miquel Valls\",\"description\":\"Treballem per millorar la qualitat de vida de les persones afectades d&#039;ELA i Malaltia de Motoneurona\",\"potentialAction\":[{\"@type\":\"SearchAction\",\"target\":{\"@type\":\"EntryPoint\",\"urlTemplate\":\"https:\/\/fundaciomiquelvalls.org\/?s={search_term_string}\"},\"query-input\":{\"@type\":\"PropertyValueSpecification\",\"valueRequired\":true,\"valueName\":\"search_term_string\"}}],\"inLanguage\":\"es\"},{\"@type\":\"Person\",\"@id\":\"https:\/\/fundaciomiquelvalls.org\/#\/schema\/person\/49e4b390c29b931f8b4213fbd9276ea3\",\"name\":\"Fundaci\u00f3 Catalana d'ELA Miquel Valls\",\"sameAs\":[\"https:\/\/fundaciomiquelvalls.org\"],\"url\":\"https:\/\/fundaciomiquelvalls.org\/es\/author\/alojapro_dev\/\"}]}<\/script>\n<!-- \/ Yoast SEO plugin. -->","yoast_head_json":{"title":"\u00a1Gracias por los Gestos por la ELA en el D\u00eda Mundial de esta enfermedad! - Fundaci\u00f3 Catalana d&#039;ELA Miquel Valls","robots":{"index":"index","follow":"follow","max-snippet":"max-snippet:-1","max-image-preview":"max-image-preview:large","max-video-preview":"max-video-preview:-1"},"canonical":"https:\/\/fundaciomiquelvalls.org\/es\/gracies-pels-gestos-per-lela-en-el-dia-mundial-daquesta-malaltia\/","og_locale":"es_ES","og_type":"article","og_title":"\u00a1Gracias por los Gestos por la ELA en el D\u00eda Mundial de esta enfermedad! - Fundaci\u00f3 Catalana d&#039;ELA Miquel Valls","og_description":"El pasado 21 de Junio las redes se llenaron de fotograf\u00edas de particulares y personalidades p\u00fablicas haciendo el Gesto por la ELA, adem\u00e1s muchas localidades catalanas iluminaron de verde un edificio para apoyar su lucha. Desde la Fundaci\u00f3n Catalana de ELA Miquel Valls queremos darles las gracias por este Gestos por la ELA! Os dejamos con un \u00e1lbum de algunas de las fotograf\u00edas que nos hicisteis llegar: Desde la Fundaci\u00f3n Catalana de ELA Miquel Valls os animamos a que no s\u00f3lo en el d\u00eda mundial la ELA sea visible, sino que debe serlo cada d\u00eda para as\u00ed poder ayudar con los imposibles que se encuentran los que la padecen!","og_url":"https:\/\/fundaciomiquelvalls.org\/es\/gracies-pels-gestos-per-lela-en-el-dia-mundial-daquesta-malaltia\/","og_site_name":"Fundaci\u00f3 Catalana d&#039;ELA Miquel Valls","article_published_time":"2021-06-23T13:39:00+00:00","article_modified_time":"2023-03-09T13:51:17+00:00","og_image":[{"width":1280,"height":720,"url":"https:\/\/fundaciomiquelvalls.org\/wp-content\/uploads\/2023\/03\/Gracies_FesunGest2021.jpg","type":"image\/jpeg"}],"author":"Fundaci\u00f3 Catalana d'ELA Miquel Valls","twitter_card":"summary_large_image","twitter_misc":{"Escrito por":"Fundaci\u00f3 Catalana d'ELA Miquel Valls","Tiempo de lectura":"1 minuto"},"schema":{"@context":"https:\/\/schema.org","@graph":[{"@type":"Article","@id":"https:\/\/fundaciomiquelvalls.org\/es\/gracies-pels-gestos-per-lela-en-el-dia-mundial-daquesta-malaltia\/#article","isPartOf":{"@id":"https:\/\/fundaciomiquelvalls.org\/es\/gracies-pels-gestos-per-lela-en-el-dia-mundial-daquesta-malaltia\/"},"author":{"name":"Fundaci\u00f3 Catalana d'ELA Miquel Valls","@id":"https:\/\/fundaciomiquelvalls.org\/#\/schema\/person\/49e4b390c29b931f8b4213fbd9276ea3"},"headline":"\u00a1Gracias por los Gestos por la ELA en el D\u00eda Mundial de esta enfermedad!","datePublished":"2021-06-23T13:39:00+00:00","dateModified":"2023-03-09T13:51:17+00:00","mainEntityOfPage":{"@id":"https:\/\/fundaciomiquelvalls.org\/es\/gracies-pels-gestos-per-lela-en-el-dia-mundial-daquesta-malaltia\/"},"wordCount":134,"commentCount":0,"image":{"@id":"https:\/\/fundaciomiquelvalls.org\/es\/gracies-pels-gestos-per-lela-en-el-dia-mundial-daquesta-malaltia\/#primaryimage"},"thumbnailUrl":"https:\/\/fundaciomiquelvalls.org\/wp-content\/uploads\/2023\/03\/Gracies_FesunGest2021.jpg","keywords":["21 de juny","Dia Mundial ELA","ELA","Fes un Gest per l&#039;ELA","Fundaci\u00f3 Catalana d&#039;ELA Miquel Valls","solidaritat"],"articleSection":["Actualitat"],"inLanguage":"es"},{"@type":"WebPage","@id":"https:\/\/fundaciomiquelvalls.org\/es\/gracies-pels-gestos-per-lela-en-el-dia-mundial-daquesta-malaltia\/","url":"https:\/\/fundaciomiquelvalls.org\/es\/gracies-pels-gestos-per-lela-en-el-dia-mundial-daquesta-malaltia\/","name":"\u00a1Gracias por los Gestos por la ELA en el D\u00eda Mundial de esta enfermedad! - Fundaci\u00f3 Catalana d&#039;ELA Miquel Valls","isPartOf":{"@id":"https:\/\/fundaciomiquelvalls.org\/#website"},"primaryImageOfPage":{"@id":"https:\/\/fundaciomiquelvalls.org\/es\/gracies-pels-gestos-per-lela-en-el-dia-mundial-daquesta-malaltia\/#primaryimage"},"image":{"@id":"https:\/\/fundaciomiquelvalls.org\/es\/gracies-pels-gestos-per-lela-en-el-dia-mundial-daquesta-malaltia\/#primaryimage"},"thumbnailUrl":"https:\/\/fundaciomiquelvalls.org\/wp-content\/uploads\/2023\/03\/Gracies_FesunGest2021.jpg","datePublished":"2021-06-23T13:39:00+00:00","dateModified":"2023-03-09T13:51:17+00:00","author":{"@id":"https:\/\/fundaciomiquelvalls.org\/#\/schema\/person\/49e4b390c29b931f8b4213fbd9276ea3"},"breadcrumb":{"@id":"https:\/\/fundaciomiquelvalls.org\/es\/gracies-pels-gestos-per-lela-en-el-dia-mundial-daquesta-malaltia\/#breadcrumb"},"inLanguage":"es","potentialAction":[{"@type":"ReadAction","target":["https:\/\/fundaciomiquelvalls.org\/es\/gracies-pels-gestos-per-lela-en-el-dia-mundial-daquesta-malaltia\/"]}]},{"@type":"ImageObject","inLanguage":"es","@id":"https:\/\/fundaciomiquelvalls.org\/es\/gracies-pels-gestos-per-lela-en-el-dia-mundial-daquesta-malaltia\/#primaryimage","url":"https:\/\/fundaciomiquelvalls.org\/wp-content\/uploads\/2023\/03\/Gracies_FesunGest2021.jpg","contentUrl":"https:\/\/fundaciomiquelvalls.org\/wp-content\/uploads\/2023\/03\/Gracies_FesunGest2021.jpg","width":1280,"height":720},{"@type":"BreadcrumbList","@id":"https:\/\/fundaciomiquelvalls.org\/es\/gracies-pels-gestos-per-lela-en-el-dia-mundial-daquesta-malaltia\/#breadcrumb","itemListElement":[{"@type":"ListItem","position":1,"name":"Portada","item":"https:\/\/fundaciomiquelvalls.org\/es\/"},{"@type":"ListItem","position":2,"name":"\u00a1Gracias por los Gestos por la ELA en el D\u00eda Mundial de esta enfermedad!"}]},{"@type":"WebSite","@id":"https:\/\/fundaciomiquelvalls.org\/#website","url":"https:\/\/fundaciomiquelvalls.org\/","name":"Fundaci\u00f3 Catalana d&#039;ELA Miquel Valls","description":"Treballem per millorar la qualitat de vida de les persones afectades d&#039;ELA i Malaltia de Motoneurona","potentialAction":[{"@type":"SearchAction","target":{"@type":"EntryPoint","urlTemplate":"https:\/\/fundaciomiquelvalls.org\/?s={search_term_string}"},"query-input":{"@type":"PropertyValueSpecification","valueRequired":true,"valueName":"search_term_string"}}],"inLanguage":"es"},{"@type":"Person","@id":"https:\/\/fundaciomiquelvalls.org\/#\/schema\/person\/49e4b390c29b931f8b4213fbd9276ea3","name":"Fundaci\u00f3 Catalana d'ELA Miquel Valls","sameAs":["https:\/\/fundaciomiquelvalls.org"],"url":"https:\/\/fundaciomiquelvalls.org\/es\/author\/alojapro_dev\/"}]}},"_links":{"self":[{"href":"https:\/\/fundaciomiquelvalls.org\/es\/wp-json\/wp\/v2\/posts\/4588","targetHints":{"allow":["GET"]}}],"collection":[{"href":"https:\/\/fundaciomiquelvalls.org\/es\/wp-json\/wp\/v2\/posts"}],"about":[{"href":"https:\/\/fundaciomiquelvalls.org\/es\/wp-json\/wp\/v2\/types\/post"}],"author":[{"embeddable":true,"href":"https:\/\/fundaciomiquelvalls.org\/es\/wp-json\/wp\/v2\/users\/1"}],"replies":[{"embeddable":true,"href":"https:\/\/fundaciomiquelvalls.org\/es\/wp-json\/wp\/v2\/comments?post=4588"}],"version-history":[{"count":3,"href":"https:\/\/fundaciomiquelvalls.org\/es\/wp-json\/wp\/v2\/posts\/4588\/revisions"}],"predecessor-version":[{"id":4600,"href":"https:\/\/fundaciomiquelvalls.org\/es\/wp-json\/wp\/v2\/posts\/4588\/revisions\/4600"}],"wp:featuredmedia":[{"embeddable":true,"href":"https:\/\/fundaciomiquelvalls.org\/es\/wp-json\/wp\/v2\/media\/4591"}],"wp:attachment":[{"href":"https:\/\/fundaciomiquelvalls.org\/es\/wp-json\/wp\/v2\/media?parent=4588"}],"wp:term":[{"taxonomy":"category","embeddable":true,"href":"https:\/\/fundaciomiquelvalls.org\/es\/wp-json\/wp\/v2\/categories?post=4588"},{"taxonomy":"post_tag","embeddable":true,"href":"https:\/\/fundaciomiquelvalls.org\/es\/wp-json\/wp\/v2\/tags?post=4588"}],"curies":[{"name":"wp","href":"https:\/\/api.w.org\/{rel}","templated":true}]}}