{"id":3968,"date":"2022-09-30T09:40:34","date_gmt":"2022-09-30T09:40:34","guid":{"rendered":"https:\/\/fundaciomiquelvalls.org\/el-transport-adaptat-per-a-persones-afectades-dela-i-les-seves-families\/"},"modified":"2025-07-15T09:49:16","modified_gmt":"2025-07-15T07:49:16","slug":"el-transport-adaptat-per-a-persones-afectades-dela-i-les-seves-families","status":"publish","type":"post","link":"https:\/\/fundaciomiquelvalls.org\/es\/el-transport-adaptat-per-a-persones-afectades-dela-i-les-seves-families\/","title":{"rendered":"El transport adaptat per a persones afectades d\u2019ELA i les seves fam\u00edlies"},"content":{"rendered":"\n<p>A quins transports adaptats tenen dret les persones afectades d\u2019ELA i les seves fam\u00edlies? En aquest article d\u2019inter\u00e8s us expliquem tot seguit moltes de les opcions que hi ha si es necessita algun tipus de transport adaptat per despla\u00e7ar-se:<\/p>\n\n\n\n<p>Un dels principals transports adaptats al qual tenen dret les fam\u00edlies afectades d\u2019ELA, \u00e9s el<strong> transport sanitari<\/strong>. Es tracta d\u2019un servei per aquelles persones que no es poden despla\u00e7ar per elles mateixes. Es realitza amb vehicles especialment condicionats i amb personal amb la formaci\u00f3 adequada. Aquest transport t\u00e9 dues modalitats, individual o col\u00b7lectiu i s\u00f3n sol\u00b7licitats i programats amb antelaci\u00f3 per realitzar trasllats entre el domicili de l&#8217;usuari i un centre sanitari, o a la inversa, o entre dos centres sanitaris, per a la realitzaci\u00f3 de proves diagn\u00f2stic, terap\u00e8utiques o tractaments especialitzats.<\/p>\n\n\n\n<p>A nivell privat, cada municipi disposa de la seva empresa de taxis, en la qual, sempre es pot sol\u00b7licitar la possibilitat de reservar un <strong>taxi adaptat<\/strong>.<\/p>\n\n\n\n<p>Tamb\u00e9 existeixen empreses de <strong>lloguer de vehicles adaptats<\/strong>. A la Fundaci\u00f3 disposem d\u2019alguns contactes, per\u00f2 caldria fer una recerca a la part del territori on es vol contractar el servei, en el cas que no disposem d\u2019informaci\u00f3 en la zona. Us deixem a continuaci\u00f3 algunes opcions:<\/p>\n\n\n\n<ul class=\"wp-block-list\"><li><a href=\"http:\/\/www.lambea.es\/alquiler\/flota\/3\/vehiculos-adaptados\/\">www.lambea.es\/alquiler\/flota\/3\/vehiculos-adaptados\/<\/a>&nbsp;<\/li><li>Util-Castell<\/li><li><a href=\"http:\/\/www.hertz.es\">www.hertz.es<\/a>&nbsp;<\/li><\/ul>\n\n\n\n<p>Es recomana fer la reserva del vehicle amb la m\u00e0xima antelaci\u00f3 possible ja que aquests s\u00f3n escassos i en \u00e8poques de l\u2019any de major demanda (vacances d\u2019estiu o festes de Nadal) solen esgotar-se amb rapidesa.<\/p>\n\n\n\n<p>A la Fundaci\u00f3 Catalana d\u2019ELA Miquel Valls tamb\u00e9 comptem amb el servei de furgoneta adaptada, en tenim dues gr\u00e0cies al donatiu de fam\u00edlies afectades. Per a donar-li un bon \u00fas, est\u00e0 a disposici\u00f3 de les fam\u00edlies ateses per l\u2019entitat que tinguin Ia necessitat de fer algun despla\u00e7ament i no tinguin cap recurs propi per poder-lo fer. La furgoneta es deixar\u00e0 en pr\u00e9stec i segons Ia disponibilitat es podr\u00e0 gaudir d&#8217;ella un o varis dies.<\/p>\n\n\n\n<p>A continuaci\u00f3 us deixem amb varies opcions de transport segons casu\u00edstiques:<\/p>\n\n\n<div class=\"wp-block-image\">\n<figure class=\"aligncenter size-full is-resized\"><img loading=\"lazy\" decoding=\"async\" src=\"https:\/\/fundaciomiquelvalls.org\/wp-content\/uploads\/2022\/09\/targeta-discapacitat.png\" alt=\"\" class=\"wp-image-3953\" width=\"383\" height=\"243\" srcset=\"https:\/\/fundaciomiquelvalls.org\/wp-content\/uploads\/2022\/09\/targeta-discapacitat.png 772w, https:\/\/fundaciomiquelvalls.org\/wp-content\/uploads\/2022\/09\/targeta-discapacitat-300x190.png 300w, https:\/\/fundaciomiquelvalls.org\/wp-content\/uploads\/2022\/09\/targeta-discapacitat-768x487.png 768w\"  sizes=\"(max-width: 383px) 100vw, 383px\" \/><\/figure>\n<\/div>\n\n\n<ul class=\"wp-block-list\"><li>Amb grau de discapacitat igual o superior al 33%<\/li><\/ul>\n\n\n\n<p>A la ciutat de Barcelona: hi ha la <strong>targeta rosa<\/strong> que, a part d\u2019altres avantatges, \u00e9s v\u00e0lida per viatjar gratu\u00eftament o amb una tarifa redu\u00efda en alguns serveis de transport p\u00fablic que operen a la zona tarif\u00e0ria 1. Per a obtenir aquesta targeta, cal estar empadronat a la ciutat, tenir un grau de discapacitat del 33% o superior, o tenir m\u00e9s de 60 anys.<\/p>\n\n\n\n<p>Per a m\u00e9s informaci\u00f3 sobre la tarjeta rosa, podeu consultar el seg\u00fcent enlla\u00e7: <a href=\"https:\/\/ajuntament.barcelona.cat\/targetarosa\/ca\">https:\/\/ajuntament.barcelona.cat\/targetarosa\/ca<\/a>&nbsp;<\/p>\n\n\n\n<p>Per a viatjar amb Renfe: existeix la <strong>targeta daurada<\/strong>. Aquesta targeta ofereix descomptes d\u2019un m\u00e0xim del 40% en bitllets de llarga dist\u00e0ncia, alta velocitat i rodalies. La poden sol\u00b7licitar persones majors de 60 anys, persones que tinguin una incapacitat permanent reconeguda, o persones que tinguin un grau de discapacitat del 33% o superior. Tamb\u00e9 ofereix als acompanyants el mateix descompte si el grau de la discapacitat \u00e9s del 65% o superior. El cost d\u2019aquesta targeta \u00e9s de 6\u20ac. Es pot adquirir a les taquilles de les estacions i en ag\u00e8ncies de viatges presencials.<\/p>\n\n\n<div class=\"wp-block-image\">\n<figure class=\"aligncenter size-full is-resized\"><img loading=\"lazy\" decoding=\"async\" src=\"https:\/\/fundaciomiquelvalls.org\/wp-content\/uploads\/2022\/09\/transport-adaptat3.jpg\" alt=\"\" class=\"wp-image-3957\" width=\"298\" height=\"165\" srcset=\"https:\/\/fundaciomiquelvalls.org\/wp-content\/uploads\/2022\/09\/transport-adaptat3.jpg 596w, https:\/\/fundaciomiquelvalls.org\/wp-content\/uploads\/2022\/09\/transport-adaptat3-300x166.jpg 300w\"  sizes=\"(max-width: 298px) 100vw, 298px\" \/><\/figure>\n<\/div>\n\n\n<p>Per a m\u00e9s informaci\u00f3 sobre la targeta daurada, podeu consultar el seg\u00fcent enlla\u00e7: <a href=\"https:\/\/blog.renfe.com\/tarjeta-dorada-consiguela-y-usala-tambien-en-cercanias\/\">https:\/\/blog.renfe.com\/tarjeta-dorada-consiguela-y-usala-tambien-en-cercanias\/<\/a>&nbsp;<\/p>\n\n\n\n<p>Tamb\u00e9 hi ha la <strong>targeta de pensionista i persones amb discapacitat dels FGC<\/strong>, es tracta d\u2019una targeta per viatjar gratu\u00eftament o amb descompte el FGC, metro, bus i tram, si es compleixen uns criteris econ\u00f2mics. La pot sol\u00b7licitar tota persona empadronada a qualsevol dels municipis de l\u2019\u00c0rea Metropolitana de Barcelona, major de 65 anys o amb una discapacitat del 33% o superior. La targeta t\u00e9 un cost de 5\u20ac.<\/p>\n\n\n\n<p>Per a m\u00e9s informaci\u00f3 sobre la T-Pensionista, pots consultar al seg\u00fcent enlla\u00e7: <a href=\"https:\/\/www.fgc.cat\/es\/carne-de-pensionista\/\">https:\/\/www.fgc.cat\/es\/carne-de-pensionista\/<\/a>&nbsp;<\/p>\n\n\n\n<p>Tenir en compte que com a persona amb discapacitat tamb\u00e9 podem gaudir de l\u2019<strong>exempci\u00f3 de l\u2019impost de circulaci\u00f3, <\/strong>que \u00a0es tramita a nivell municipal. En aquest cas es millor que es consulti al propi municipi quins passos s\u2019han de seguir per a poder fer la sol\u00b7licitud. Aix\u00ed com tamb\u00e9 hi ha l\u2019<strong>exempci\u00f3 de l\u2019impost de matriculaci\u00f3 del vehicle<\/strong>, en que s\u2019ha de consultar a l\u2019Ag\u00e8ncia Tribut\u00e0ria a trav\u00e9s del web <a href=\"http:\/\/www.aeat.es\">www.aeat.es<\/a> o a del tel\u00e8fon 901 33 55 33.<\/p>\n\n\n\n<p><\/p>\n\n\n\n<ul class=\"wp-block-list\"><li>Discapacitat amb Barem de Mobilitat<\/li><\/ul>\n\n\n\n<p>Per saber es t\u00e9 el barem de mobilitat positiu, cal que reviseu la vostra targeta de discapacitat o carta de resoluci\u00f3 del grau de discapacitat. En el cas que no el tingueu reconegut i presenteu alguna dificultat en la mobilitat, caldria valorar la possibilitat de demanar una revisi\u00f3 del grau de discapacitat tot informant de les noves afectacions.<\/p>\n\n\n\n<p>A Barcelona, amb aquest barem hi ha la possibilitat de sol\u00b7licitar la <strong>targeta blanca<\/strong>, la qual serveix per a poder fer viatges amb el servei p\u00fablic de transport especial, \u00e9s a dir, amb microbusos, taxis adaptats i taxis no adaptats, per la ciutat i l\u2019\u00c0rea Metropolitana de Barcelona. La tramitaci\u00f3 de la targeta \u00e9s gratu\u00efta i el preu del transport varia segons el servei que es demani. La targeta blanca la pot demanar qualsevol persona empadronada a Barcelona amb una discapacitat greu de mobilitat, \u00e9s a dir, amb el reconeixement del barem de mobilitat.&nbsp;<\/p>\n\n\n\n<p>Aquesta targeta es pot tramitar de forma telem\u00e0tica a trav\u00e9s de l\u2019enlla\u00e7: <a href=\"https:\/\/seuelectronica.ajuntament.barcelona.cat\/oficinavirtual\/ca\/tramit\/20190001346\">https:\/\/seuelectronica.ajuntament.barcelona.cat\/oficinavirtual\/ca\/tramit\/20190001346<\/a>\u00a0<\/p>\n\n\n<div class=\"wp-block-image\">\n<figure class=\"aligncenter size-large is-resized\"><img loading=\"lazy\" decoding=\"async\" src=\"https:\/\/fundaciomiquelvalls.org\/wp-content\/uploads\/2022\/09\/transport-adaptat2-1-1024x835.jpg\" alt=\"\" class=\"wp-image-3961\" width=\"256\" height=\"209\" srcset=\"https:\/\/fundaciomiquelvalls.org\/wp-content\/uploads\/2022\/09\/transport-adaptat2-1-1024x835.jpg 1024w, https:\/\/fundaciomiquelvalls.org\/wp-content\/uploads\/2022\/09\/transport-adaptat2-1-300x245.jpg 300w, https:\/\/fundaciomiquelvalls.org\/wp-content\/uploads\/2022\/09\/transport-adaptat2-1-768x626.jpg 768w, https:\/\/fundaciomiquelvalls.org\/wp-content\/uploads\/2022\/09\/transport-adaptat2-1-1536x1253.jpg 1536w, https:\/\/fundaciomiquelvalls.org\/wp-content\/uploads\/2022\/09\/transport-adaptat2-1-958x781.jpg 958w, https:\/\/fundaciomiquelvalls.org\/wp-content\/uploads\/2022\/09\/transport-adaptat2-1.jpg 1920w\"  sizes=\"(max-width: 256px) 100vw, 256px\" \/><\/figure>\n<\/div>\n\n\n<p>Tamb\u00e9 us volem informar sobre la <strong>targeta d\u2019aparcament per a persones amb mobilitat redu\u00efda<\/strong>, que s\u2019expedeix a nivell municipal. Aquesta targeta es pot demanar com a titular conductor, o com a no conductor. La primera, s\u2019ent\u00e9n que la persona amb discapacitat \u00e9s la que condueix i s\u2019identifica la targeta amb un vehicle (constar\u00e0 la matr\u00edcula del cotxe). La segona, serveix per a qualsevol vehicle, sempre que hi viatgi la persona titular de la targeta d\u2019aparcament. En ambd\u00f3s casos, es permetr\u00e0:<\/p>\n\n\n\n<ul class=\"wp-block-list\"><li>Estacionar a les reserves p\u00fabliques per a persones amb discapacitat.&nbsp;<\/li><li>Estacionar sense limitaci\u00f3 hor\u00e0ria a les \u00e0rees verdes i blaves i zones de c\u00e0rrega i desc\u00e0rrega.<\/li><li>Estacionar i circular per les \u00e0rees de vianants&nbsp;<\/li><li>Estacionar el temps necessari a qualsevol lloc si no s&#8217;impedeix la circulaci\u00f3 de vehicles o vianants.&nbsp;<\/li><\/ul>\n\n\n\n<p>Per alguns casos concrets i de gran urg\u00e8ncia, existeix la<strong> targeta d\u2019aparcament provisional (TAP)<\/strong>, la qual es pot sol\u00b7licitar abans de tenir el grau de discapacitat.<\/p>\n\n\n\n<p>Per a qualsevol dels dos tr\u00e0mits anteriors, cal que us dirigiu a l\u2019Oficina d\u2019Atenci\u00f3 al Ciutad\u00e0 (OAC) del vostre ajuntament, o en alguns casos tamb\u00e9 podreu fer el tr\u00e0mit a trav\u00e9s de la seu electr\u00f2nica del municipi, i aportar la sol\u00b7licitud corresponent, junt amb un informe m\u00e8dic i, sovint, una foto de carnet. Per a m\u00e9s informaci\u00f3, podeu consultar al seg\u00fcent enlla\u00e7, des del qual podreu accedir tamb\u00e9 als models de sol\u00b7licitud de la targeta individual i la targeta provisional: <a href=\"https:\/\/dretssocials.gencat.cat\/ca\/ambits_tematics\/accessibilitat\/mobilitat\/targetes-aparcament\/\">https:\/\/dretssocials.gencat.cat\/ca\/ambits_tematics\/accessibilitat\/mobilitat\/targetes-aparcament\/<\/a>&nbsp;<\/p>\n\n\n\n<p>A m\u00e9s, i en relaci\u00f3 a les targetes d\u2019aparcament, hi ha la possibilitat de demanar una <strong>reserva d\u2019estacionament de vehicles de persones amb discapacitat<\/strong>. Aquesta pla\u00e7a o gual, la pot sol\u00b7licitar qualsevol persona amb un grau de discapacitat del 33% o superior amb la targeta d\u2019aparcament en la modalitat de conductor, o b\u00e9, tenir un m\u00ednim de 65% de grau de discapacitat amb la targeta d\u2019aparcament en la modalitat de no conductor. Aquesta pla\u00e7a es gestiona a nivell municipal i caldr\u00e0 que et dirigeixis al teu ajuntament per tal que t\u2019informin dels passos a seguir per a fer la sol\u00b7licitud.<\/p>\n\n\n<div class=\"wp-block-image\">\n<figure class=\"aligncenter size-large is-resized\"><img loading=\"lazy\" decoding=\"async\" src=\"https:\/\/fundaciomiquelvalls.org\/wp-content\/uploads\/2022\/09\/Furgoneta_adaptada_06-681x1024.jpg\" alt=\"\" class=\"wp-image-3963\" width=\"341\" height=\"512\" srcset=\"https:\/\/fundaciomiquelvalls.org\/wp-content\/uploads\/2022\/09\/Furgoneta_adaptada_06-681x1024.jpg 681w, https:\/\/fundaciomiquelvalls.org\/wp-content\/uploads\/2022\/09\/Furgoneta_adaptada_06-200x300.jpg 200w, https:\/\/fundaciomiquelvalls.org\/wp-content\/uploads\/2022\/09\/Furgoneta_adaptada_06-768x1154.jpg 768w, https:\/\/fundaciomiquelvalls.org\/wp-content\/uploads\/2022\/09\/Furgoneta_adaptada_06-1022x1536.jpg 1022w, https:\/\/fundaciomiquelvalls.org\/wp-content\/uploads\/2022\/09\/Furgoneta_adaptada_06-1363x2048.jpg 1363w, https:\/\/fundaciomiquelvalls.org\/wp-content\/uploads\/2022\/09\/Furgoneta_adaptada_06-958x1440.jpg 958w, https:\/\/fundaciomiquelvalls.org\/wp-content\/uploads\/2022\/09\/Furgoneta_adaptada_06-scaled.jpg 1703w\"  sizes=\"(max-width: 341px) 100vw, 341px\" \/><\/figure>\n<\/div>\n\n\n<p>Si en comptes de transport adaptat p\u00fablic parlem de transport adaptat privat, us informem que hi ha la opci\u00f3 de la <strong>reducci\u00f3 de l\u2019IVA en la compra d\u2019un vehicle. <\/strong>I podeu trobar m\u00e9s informaci\u00f3 a la web de l\u2019Ag\u00e8ncia Tribut\u00e0ria a trav\u00e9s del web <a href=\"http:\/\/www.aeat.es\">www.aeat.es<\/a> o a del tel\u00e8fon 901 33 55 33&nbsp;<\/p>\n\n\n\n<p>Per a aquelles fam\u00edlies que optin per adaptar el propi vehicle que ja tenien, podeu consultar les <strong>prestaci\u00f3 d&#8217;atenci\u00f3 social a les persones amb discapacitat (PUA)<\/strong>, que obren el termini de presentaci\u00f3 de sol\u00b7licituds una vegada a l\u2019any i que serveix per a poder subvencionar aquelles compres que s\u2019han fet en el transcurs de l\u2019any o b\u00e9 els pressupostos d\u2019aquells productes que tenim previst comprar. Per a poder demanar aquests ajuts, \u00e9s necessari disposar de la valoraci\u00f3 de la discapacitat amb una puntuaci\u00f3&nbsp; igual o superior al 33% i que compleixin els requisits que s\u2019especifiquen a la convocat\u00f2ria. Cal dir que, un dels requisits \u00e9s que el grau de la discapacitat estigui valorat abans dels 65 anys.<\/p>\n\n\n\n<p>Per a poder accedir a la tramitaci\u00f3 dels PUA, ho podeu fer a trav\u00e9s del seg\u00fcent enlla\u00e7: <a href=\"https:\/\/web.gencat.cat\/ca\/tramits\/tramits-temes\/Prestacio-datencio-social-a-les-persones-amb-discapacitat-PUA\">https:\/\/web.gencat.cat\/ca\/tramits\/tramits-temes\/Prestacio-datencio-social-a-les-persones-amb-discapacitat-PUA<\/a>\u00a0<\/p>\n\n\n\n<p><\/p>\n\n\n\n<ul class=\"wp-block-list\"><li>Discapacitat amb necessitat d\u2019acompanyant<\/li><\/ul>\n\n\n\n<p>Per saber si tens la valoraci\u00f3 positiva de necessitat d\u2019acompanyant, cal que es revisi la carta de resoluci\u00f3 del grau de la discapacitat, ja que s\u2019envia en una p\u00e0gina diferent de la que s\u2019informa del percentatge i els barems de mobilitat i de 3ra persona.<\/p>\n\n\n\n<p>A Barcelona, es pot sol\u00b7licitar el <strong>passi d\u2019acompanyant<\/strong>. \u00c9s un document que acredita que es pot utilitzar els serveis de transport p\u00fablic col\u00b7lectiu de l\u2019\u00c0rea Metropolitana de Barcelona (AMB) amb un acompanyant, sense que aquest \u00faltim hagi de pagar el viatge. El titular del passi d\u2019acompanyant ha de validar el t\u00edtol de transport que correspongui i ha de dur el passi d\u2019acompanyant que permet que la persona que l\u2019acompanyi viatgi de franc.&nbsp;<\/p>\n\n\n\n<p>Per a m\u00e9s informaci\u00f3 i tramitaci\u00f3 del passi d\u2019acompanyant, podeu consultar al seg\u00fcent enlla\u00e7: <a href=\"https:\/\/www.amb.cat\/ca\/web\/amb\/seu-electronica\/tramits\/detall\/-\/tramit\/sol-licitud-d-atorgament-del-passi-metropolita-d-acompanyant-per-als-serveis\/11716536\/11696\">https:\/\/www.amb.cat\/ca\/web\/amb\/seu-electronica\/tramits\/detall\/-\/tramit\/sol-licitud-d-atorgament-del-passi-metropolita-d-acompanyant-per-als-serveis\/11716536\/11696<\/a>&nbsp;<\/p>\n\n\n\n<p>Finalment Ferrocarrils de la Generalitat de Catalunya t\u00e9 la &nbsp;<strong>T-Acompanyant <\/strong>i d\u00f3na als acompanyants els mateixos avantatges que la persona amb el grau de discapacitat. En aquest cas, cal que la persona amb discapacitat justifiqui la necessitat d\u2019anar acompanyada d\u2019una altra persona.<\/p>\n\n\n\n<p>Per a m\u00e9s informaci\u00f3 sobre la T-Acompanyant, podeu consultar al seg\u00fcent enlla\u00e7: <a href=\"https:\/\/www.fgc.cat\/wp-content\/uploads\/2021\/09\/condicions_d_us_i_solicitud_de_la_t-acompanyament.pdf\">https:\/\/www.fgc.cat\/wp-content\/uploads\/2021\/09\/condicions_d_us_i_solicitud_de_la_t-acompanyament.pdf<\/a>&nbsp;<\/p>\n\n\n\n<p>Aquestes son algunes de les facilitats que creiem m\u00e9s destacades, si voleu m\u00e9s informaci\u00f3 no dubteu en contactar amb el Departament de Treball social de la Fundaci\u00f3 Catalana d\u2019ELA Miquel Valls, en que les seves professionals us respondran totes les q\u00fcestions que tingueu relacionades amb aquest tema de manera m\u00e9s particular.<\/p>\n\n\n\n<p class=\"has-text-align-right\"><em>Departament de Treball Social de la Fundaci\u00f3 Catalana d\u2019ELA Miquel Valls<\/em><\/p>\n","protected":false},"excerpt":{"rendered":"<p>A quins transports adaptats tenen dret les persones afectades d\u2019ELA i les seves fam\u00edlies? En aquest article d\u2019inter\u00e8s us expliquem tot seguit moltes de les opcions que hi ha si es necessita algun tipus de transport adaptat per despla\u00e7ar-se: Un dels principals transports adaptats al qual tenen dret les fam\u00edlies afectades d\u2019ELA, \u00e9s el transport sanitari. Es tracta d\u2019un servei per aquelles persones que no es poden despla\u00e7ar per elles mateixes. Es realitza amb vehicles especialment condicionats i amb personal amb la formaci\u00f3 adequada. Aquest transport t\u00e9 dues modalitats, individual o col\u00b7lectiu i s\u00f3n sol\u00b7licitats i programats amb antelaci\u00f3 per realitzar trasllats entre el domicili de l&#8217;usuari i un centre sanitari, o a la inversa, o entre dos centres sanitaris, per a la realitzaci\u00f3 de proves diagn\u00f2stic, terap\u00e8utiques o tractaments especialitzats. A nivell privat, cada municipi disposa de la seva empresa de taxis, en la qual, sempre es pot sol\u00b7licitar la possibilitat de reservar un taxi adaptat. Tamb\u00e9 existeixen empreses de lloguer de vehicles adaptats. A la Fundaci\u00f3 disposem d\u2019alguns contactes, per\u00f2 caldria fer una recerca a la part del territori on es vol contractar el servei, en el cas que no disposem d\u2019informaci\u00f3 en la zona. Us deixem a continuaci\u00f3 algunes opcions: www.lambea.es\/alquiler\/flota\/3\/vehiculos-adaptados\/&nbsp; Util-Castell www.hertz.es&nbsp; Es recomana fer la reserva del vehicle amb la m\u00e0xima antelaci\u00f3 possible ja que aquests s\u00f3n escassos i en \u00e8poques de l\u2019any de major demanda (vacances d\u2019estiu o festes de Nadal) solen esgotar-se amb rapidesa. A la Fundaci\u00f3 Catalana d\u2019ELA Miquel Valls tamb\u00e9 comptem amb el servei de furgoneta adaptada, en tenim dues gr\u00e0cies al donatiu de fam\u00edlies afectades. Per a donar-li un bon \u00fas, est\u00e0 a disposici\u00f3 de les fam\u00edlies ateses per l\u2019entitat que tinguin Ia necessitat de fer algun despla\u00e7ament i no tinguin cap recurs propi per poder-lo fer. La furgoneta es deixar\u00e0 en pr\u00e9stec i segons Ia disponibilitat es podr\u00e0 gaudir d&#8217;ella un o varis dies. A continuaci\u00f3 us deixem amb varies opcions de transport segons casu\u00edstiques: Amb grau de discapacitat igual o superior al 33% A la ciutat de Barcelona: hi ha la targeta rosa que, a part d\u2019altres avantatges, \u00e9s v\u00e0lida per viatjar gratu\u00eftament o amb una tarifa redu\u00efda en alguns serveis de transport p\u00fablic que operen a la zona tarif\u00e0ria 1. Per a obtenir aquesta targeta, cal estar empadronat a la ciutat, tenir un grau de discapacitat del 33% o superior, o tenir m\u00e9s de 60 anys. Per a m\u00e9s informaci\u00f3 sobre la tarjeta rosa, podeu consultar el seg\u00fcent enlla\u00e7: https:\/\/ajuntament.barcelona.cat\/targetarosa\/ca&nbsp; Per a viatjar amb Renfe: existeix la targeta daurada. Aquesta targeta ofereix descomptes d\u2019un m\u00e0xim del 40% en bitllets de llarga dist\u00e0ncia, alta velocitat i rodalies. La poden sol\u00b7licitar persones majors de 60 anys, persones que tinguin una incapacitat permanent reconeguda, o persones que tinguin un grau de discapacitat del 33% o superior. Tamb\u00e9 ofereix als acompanyants el mateix descompte si el grau de la discapacitat \u00e9s del 65% o superior. El cost d\u2019aquesta targeta \u00e9s de 6\u20ac. Es pot adquirir a les taquilles de les estacions i en ag\u00e8ncies de viatges presencials. Per a m\u00e9s informaci\u00f3 sobre la targeta daurada, podeu consultar el seg\u00fcent enlla\u00e7: https:\/\/blog.renfe.com\/tarjeta-dorada-consiguela-y-usala-tambien-en-cercanias\/&nbsp; [&hellip;]<\/p>\n","protected":false},"author":1,"featured_media":3958,"comment_status":"closed","ping_status":"closed","sticky":false,"template":"","format":"standard","meta":{"footnotes":""},"categories":[],"tags":[],"class_list":["post-3968","post","type-post","status-publish","format-standard","has-post-thumbnail","hentry"],"yoast_head":"<!-- This site is optimized with the Yoast SEO plugin v26.9 - https:\/\/yoast.com\/product\/yoast-seo-wordpress\/ -->\n<title>El transport adaptat per a persones afectades d\u2019ELA i les seves fam\u00edlies - Fundaci\u00f3 Catalana d&#039;ELA Miquel Valls<\/title>\n<meta name=\"robots\" content=\"index, follow, max-snippet:-1, max-image-preview:large, max-video-preview:-1\" \/>\n<link rel=\"canonical\" href=\"https:\/\/fundaciomiquelvalls.org\/es\/el-transport-adaptat-per-a-persones-afectades-dela-i-les-seves-families\/\" \/>\n<meta property=\"og:locale\" content=\"es_ES\" \/>\n<meta property=\"og:type\" content=\"article\" \/>\n<meta property=\"og:title\" content=\"El transport adaptat per a persones afectades d\u2019ELA i les seves fam\u00edlies - Fundaci\u00f3 Catalana d&#039;ELA Miquel Valls\" \/>\n<meta property=\"og:description\" content=\"A quins transports adaptats tenen dret les persones afectades d\u2019ELA i les seves fam\u00edlies? En aquest article d\u2019inter\u00e8s us expliquem tot seguit moltes de les opcions que hi ha si es necessita algun tipus de transport adaptat per despla\u00e7ar-se: Un dels principals transports adaptats al qual tenen dret les fam\u00edlies afectades d\u2019ELA, \u00e9s el transport sanitari. Es tracta d\u2019un servei per aquelles persones que no es poden despla\u00e7ar per elles mateixes. Es realitza amb vehicles especialment condicionats i amb personal amb la formaci\u00f3 adequada. Aquest transport t\u00e9 dues modalitats, individual o col\u00b7lectiu i s\u00f3n sol\u00b7licitats i programats amb antelaci\u00f3 per realitzar trasllats entre el domicili de l&#8217;usuari i un centre sanitari, o a la inversa, o entre dos centres sanitaris, per a la realitzaci\u00f3 de proves diagn\u00f2stic, terap\u00e8utiques o tractaments especialitzats. A nivell privat, cada municipi disposa de la seva empresa de taxis, en la qual, sempre es pot sol\u00b7licitar la possibilitat de reservar un taxi adaptat. Tamb\u00e9 existeixen empreses de lloguer de vehicles adaptats. A la Fundaci\u00f3 disposem d\u2019alguns contactes, per\u00f2 caldria fer una recerca a la part del territori on es vol contractar el servei, en el cas que no disposem d\u2019informaci\u00f3 en la zona. Us deixem a continuaci\u00f3 algunes opcions: www.lambea.es\/alquiler\/flota\/3\/vehiculos-adaptados\/&nbsp; Util-Castell www.hertz.es&nbsp; Es recomana fer la reserva del vehicle amb la m\u00e0xima antelaci\u00f3 possible ja que aquests s\u00f3n escassos i en \u00e8poques de l\u2019any de major demanda (vacances d\u2019estiu o festes de Nadal) solen esgotar-se amb rapidesa. A la Fundaci\u00f3 Catalana d\u2019ELA Miquel Valls tamb\u00e9 comptem amb el servei de furgoneta adaptada, en tenim dues gr\u00e0cies al donatiu de fam\u00edlies afectades. Per a donar-li un bon \u00fas, est\u00e0 a disposici\u00f3 de les fam\u00edlies ateses per l\u2019entitat que tinguin Ia necessitat de fer algun despla\u00e7ament i no tinguin cap recurs propi per poder-lo fer. La furgoneta es deixar\u00e0 en pr\u00e9stec i segons Ia disponibilitat es podr\u00e0 gaudir d&#8217;ella un o varis dies. A continuaci\u00f3 us deixem amb varies opcions de transport segons casu\u00edstiques: Amb grau de discapacitat igual o superior al 33% A la ciutat de Barcelona: hi ha la targeta rosa que, a part d\u2019altres avantatges, \u00e9s v\u00e0lida per viatjar gratu\u00eftament o amb una tarifa redu\u00efda en alguns serveis de transport p\u00fablic que operen a la zona tarif\u00e0ria 1. Per a obtenir aquesta targeta, cal estar empadronat a la ciutat, tenir un grau de discapacitat del 33% o superior, o tenir m\u00e9s de 60 anys. Per a m\u00e9s informaci\u00f3 sobre la tarjeta rosa, podeu consultar el seg\u00fcent enlla\u00e7: https:\/\/ajuntament.barcelona.cat\/targetarosa\/ca&nbsp; Per a viatjar amb Renfe: existeix la targeta daurada. Aquesta targeta ofereix descomptes d\u2019un m\u00e0xim del 40% en bitllets de llarga dist\u00e0ncia, alta velocitat i rodalies. La poden sol\u00b7licitar persones majors de 60 anys, persones que tinguin una incapacitat permanent reconeguda, o persones que tinguin un grau de discapacitat del 33% o superior. Tamb\u00e9 ofereix als acompanyants el mateix descompte si el grau de la discapacitat \u00e9s del 65% o superior. El cost d\u2019aquesta targeta \u00e9s de 6\u20ac. Es pot adquirir a les taquilles de les estacions i en ag\u00e8ncies de viatges presencials. Per a m\u00e9s informaci\u00f3 sobre la targeta daurada, podeu consultar el seg\u00fcent enlla\u00e7: https:\/\/blog.renfe.com\/tarjeta-dorada-consiguela-y-usala-tambien-en-cercanias\/&nbsp; [&hellip;]\" \/>\n<meta property=\"og:url\" content=\"https:\/\/fundaciomiquelvalls.org\/es\/el-transport-adaptat-per-a-persones-afectades-dela-i-les-seves-families\/\" \/>\n<meta property=\"og:site_name\" content=\"Fundaci\u00f3 Catalana d&#039;ELA Miquel Valls\" \/>\n<meta property=\"article:published_time\" content=\"2022-09-30T09:40:34+00:00\" \/>\n<meta property=\"article:modified_time\" content=\"2025-07-15T07:49:16+00:00\" \/>\n<meta property=\"og:image\" content=\"https:\/\/fundaciomiquelvalls.org\/wp-content\/uploads\/2022\/09\/transport-adaptat3.jpg\" \/>\n\t<meta property=\"og:image:width\" content=\"596\" \/>\n\t<meta property=\"og:image:height\" content=\"330\" \/>\n\t<meta property=\"og:image:type\" content=\"image\/jpeg\" \/>\n<meta name=\"author\" content=\"Fundaci\u00f3 Catalana d&#039;ELA Miquel Valls\" \/>\n<meta name=\"twitter:card\" content=\"summary_large_image\" \/>\n<meta name=\"twitter:label1\" content=\"Escrito por\" \/>\n\t<meta name=\"twitter:data1\" content=\"Fundaci\u00f3 Catalana d&#039;ELA Miquel Valls\" \/>\n\t<meta name=\"twitter:label2\" content=\"Tiempo de lectura\" \/>\n\t<meta name=\"twitter:data2\" content=\"10 minutos\" \/>\n<script type=\"application\/ld+json\" class=\"yoast-schema-graph\">{\"@context\":\"https:\/\/schema.org\",\"@graph\":[{\"@type\":\"Article\",\"@id\":\"https:\/\/fundaciomiquelvalls.org\/es\/el-transport-adaptat-per-a-persones-afectades-dela-i-les-seves-families\/#article\",\"isPartOf\":{\"@id\":\"https:\/\/fundaciomiquelvalls.org\/es\/el-transport-adaptat-per-a-persones-afectades-dela-i-les-seves-families\/\"},\"author\":{\"name\":\"Fundaci\u00f3 Catalana d'ELA Miquel Valls\",\"@id\":\"https:\/\/fundaciomiquelvalls.org\/#\/schema\/person\/49e4b390c29b931f8b4213fbd9276ea3\"},\"headline\":\"El transport adaptat per a persones afectades d\u2019ELA i les seves fam\u00edlies\",\"datePublished\":\"2022-09-30T09:40:34+00:00\",\"dateModified\":\"2025-07-15T07:49:16+00:00\",\"mainEntityOfPage\":{\"@id\":\"https:\/\/fundaciomiquelvalls.org\/es\/el-transport-adaptat-per-a-persones-afectades-dela-i-les-seves-families\/\"},\"wordCount\":1870,\"image\":{\"@id\":\"https:\/\/fundaciomiquelvalls.org\/es\/el-transport-adaptat-per-a-persones-afectades-dela-i-les-seves-families\/#primaryimage\"},\"thumbnailUrl\":\"https:\/\/fundaciomiquelvalls.org\/wp-content\/uploads\/2022\/09\/transport-adaptat3.jpg\",\"inLanguage\":\"es\"},{\"@type\":\"WebPage\",\"@id\":\"https:\/\/fundaciomiquelvalls.org\/es\/el-transport-adaptat-per-a-persones-afectades-dela-i-les-seves-families\/\",\"url\":\"https:\/\/fundaciomiquelvalls.org\/es\/el-transport-adaptat-per-a-persones-afectades-dela-i-les-seves-families\/\",\"name\":\"El transport adaptat per a persones afectades d\u2019ELA i les seves fam\u00edlies - Fundaci\u00f3 Catalana d&#039;ELA Miquel Valls\",\"isPartOf\":{\"@id\":\"https:\/\/fundaciomiquelvalls.org\/#website\"},\"primaryImageOfPage\":{\"@id\":\"https:\/\/fundaciomiquelvalls.org\/es\/el-transport-adaptat-per-a-persones-afectades-dela-i-les-seves-families\/#primaryimage\"},\"image\":{\"@id\":\"https:\/\/fundaciomiquelvalls.org\/es\/el-transport-adaptat-per-a-persones-afectades-dela-i-les-seves-families\/#primaryimage\"},\"thumbnailUrl\":\"https:\/\/fundaciomiquelvalls.org\/wp-content\/uploads\/2022\/09\/transport-adaptat3.jpg\",\"datePublished\":\"2022-09-30T09:40:34+00:00\",\"dateModified\":\"2025-07-15T07:49:16+00:00\",\"author\":{\"@id\":\"https:\/\/fundaciomiquelvalls.org\/#\/schema\/person\/49e4b390c29b931f8b4213fbd9276ea3\"},\"breadcrumb\":{\"@id\":\"https:\/\/fundaciomiquelvalls.org\/es\/el-transport-adaptat-per-a-persones-afectades-dela-i-les-seves-families\/#breadcrumb\"},\"inLanguage\":\"es\",\"potentialAction\":[{\"@type\":\"ReadAction\",\"target\":[\"https:\/\/fundaciomiquelvalls.org\/es\/el-transport-adaptat-per-a-persones-afectades-dela-i-les-seves-families\/\"]}]},{\"@type\":\"ImageObject\",\"inLanguage\":\"es\",\"@id\":\"https:\/\/fundaciomiquelvalls.org\/es\/el-transport-adaptat-per-a-persones-afectades-dela-i-les-seves-families\/#primaryimage\",\"url\":\"https:\/\/fundaciomiquelvalls.org\/wp-content\/uploads\/2022\/09\/transport-adaptat3.jpg\",\"contentUrl\":\"https:\/\/fundaciomiquelvalls.org\/wp-content\/uploads\/2022\/09\/transport-adaptat3.jpg\",\"width\":596,\"height\":330},{\"@type\":\"BreadcrumbList\",\"@id\":\"https:\/\/fundaciomiquelvalls.org\/es\/el-transport-adaptat-per-a-persones-afectades-dela-i-les-seves-families\/#breadcrumb\",\"itemListElement\":[{\"@type\":\"ListItem\",\"position\":1,\"name\":\"Portada\",\"item\":\"https:\/\/fundaciomiquelvalls.org\/es\/\"},{\"@type\":\"ListItem\",\"position\":2,\"name\":\"El transport adaptat per a persones afectades d\u2019ELA i les seves fam\u00edlies\"}]},{\"@type\":\"WebSite\",\"@id\":\"https:\/\/fundaciomiquelvalls.org\/#website\",\"url\":\"https:\/\/fundaciomiquelvalls.org\/\",\"name\":\"Fundaci\u00f3 Catalana d&#039;ELA Miquel Valls\",\"description\":\"Treballem per millorar la qualitat de vida de les persones afectades d&#039;ELA i Malaltia de Motoneurona\",\"potentialAction\":[{\"@type\":\"SearchAction\",\"target\":{\"@type\":\"EntryPoint\",\"urlTemplate\":\"https:\/\/fundaciomiquelvalls.org\/?s={search_term_string}\"},\"query-input\":{\"@type\":\"PropertyValueSpecification\",\"valueRequired\":true,\"valueName\":\"search_term_string\"}}],\"inLanguage\":\"es\"},{\"@type\":\"Person\",\"@id\":\"https:\/\/fundaciomiquelvalls.org\/#\/schema\/person\/49e4b390c29b931f8b4213fbd9276ea3\",\"name\":\"Fundaci\u00f3 Catalana d'ELA Miquel Valls\",\"sameAs\":[\"https:\/\/fundaciomiquelvalls.org\"],\"url\":\"https:\/\/fundaciomiquelvalls.org\/es\/author\/alojapro_dev\/\"}]}<\/script>\n<!-- \/ Yoast SEO plugin. -->","yoast_head_json":{"title":"El transport adaptat per a persones afectades d\u2019ELA i les seves fam\u00edlies - Fundaci\u00f3 Catalana d&#039;ELA Miquel Valls","robots":{"index":"index","follow":"follow","max-snippet":"max-snippet:-1","max-image-preview":"max-image-preview:large","max-video-preview":"max-video-preview:-1"},"canonical":"https:\/\/fundaciomiquelvalls.org\/es\/el-transport-adaptat-per-a-persones-afectades-dela-i-les-seves-families\/","og_locale":"es_ES","og_type":"article","og_title":"El transport adaptat per a persones afectades d\u2019ELA i les seves fam\u00edlies - Fundaci\u00f3 Catalana d&#039;ELA Miquel Valls","og_description":"A quins transports adaptats tenen dret les persones afectades d\u2019ELA i les seves fam\u00edlies? En aquest article d\u2019inter\u00e8s us expliquem tot seguit moltes de les opcions que hi ha si es necessita algun tipus de transport adaptat per despla\u00e7ar-se: Un dels principals transports adaptats al qual tenen dret les fam\u00edlies afectades d\u2019ELA, \u00e9s el transport sanitari. Es tracta d\u2019un servei per aquelles persones que no es poden despla\u00e7ar per elles mateixes. Es realitza amb vehicles especialment condicionats i amb personal amb la formaci\u00f3 adequada. Aquest transport t\u00e9 dues modalitats, individual o col\u00b7lectiu i s\u00f3n sol\u00b7licitats i programats amb antelaci\u00f3 per realitzar trasllats entre el domicili de l&#8217;usuari i un centre sanitari, o a la inversa, o entre dos centres sanitaris, per a la realitzaci\u00f3 de proves diagn\u00f2stic, terap\u00e8utiques o tractaments especialitzats. A nivell privat, cada municipi disposa de la seva empresa de taxis, en la qual, sempre es pot sol\u00b7licitar la possibilitat de reservar un taxi adaptat. Tamb\u00e9 existeixen empreses de lloguer de vehicles adaptats. A la Fundaci\u00f3 disposem d\u2019alguns contactes, per\u00f2 caldria fer una recerca a la part del territori on es vol contractar el servei, en el cas que no disposem d\u2019informaci\u00f3 en la zona. Us deixem a continuaci\u00f3 algunes opcions: www.lambea.es\/alquiler\/flota\/3\/vehiculos-adaptados\/&nbsp; Util-Castell www.hertz.es&nbsp; Es recomana fer la reserva del vehicle amb la m\u00e0xima antelaci\u00f3 possible ja que aquests s\u00f3n escassos i en \u00e8poques de l\u2019any de major demanda (vacances d\u2019estiu o festes de Nadal) solen esgotar-se amb rapidesa. A la Fundaci\u00f3 Catalana d\u2019ELA Miquel Valls tamb\u00e9 comptem amb el servei de furgoneta adaptada, en tenim dues gr\u00e0cies al donatiu de fam\u00edlies afectades. Per a donar-li un bon \u00fas, est\u00e0 a disposici\u00f3 de les fam\u00edlies ateses per l\u2019entitat que tinguin Ia necessitat de fer algun despla\u00e7ament i no tinguin cap recurs propi per poder-lo fer. La furgoneta es deixar\u00e0 en pr\u00e9stec i segons Ia disponibilitat es podr\u00e0 gaudir d&#8217;ella un o varis dies. A continuaci\u00f3 us deixem amb varies opcions de transport segons casu\u00edstiques: Amb grau de discapacitat igual o superior al 33% A la ciutat de Barcelona: hi ha la targeta rosa que, a part d\u2019altres avantatges, \u00e9s v\u00e0lida per viatjar gratu\u00eftament o amb una tarifa redu\u00efda en alguns serveis de transport p\u00fablic que operen a la zona tarif\u00e0ria 1. Per a obtenir aquesta targeta, cal estar empadronat a la ciutat, tenir un grau de discapacitat del 33% o superior, o tenir m\u00e9s de 60 anys. Per a m\u00e9s informaci\u00f3 sobre la tarjeta rosa, podeu consultar el seg\u00fcent enlla\u00e7: https:\/\/ajuntament.barcelona.cat\/targetarosa\/ca&nbsp; Per a viatjar amb Renfe: existeix la targeta daurada. Aquesta targeta ofereix descomptes d\u2019un m\u00e0xim del 40% en bitllets de llarga dist\u00e0ncia, alta velocitat i rodalies. La poden sol\u00b7licitar persones majors de 60 anys, persones que tinguin una incapacitat permanent reconeguda, o persones que tinguin un grau de discapacitat del 33% o superior. Tamb\u00e9 ofereix als acompanyants el mateix descompte si el grau de la discapacitat \u00e9s del 65% o superior. El cost d\u2019aquesta targeta \u00e9s de 6\u20ac. Es pot adquirir a les taquilles de les estacions i en ag\u00e8ncies de viatges presencials. Per a m\u00e9s informaci\u00f3 sobre la targeta daurada, podeu consultar el seg\u00fcent enlla\u00e7: https:\/\/blog.renfe.com\/tarjeta-dorada-consiguela-y-usala-tambien-en-cercanias\/&nbsp; [&hellip;]","og_url":"https:\/\/fundaciomiquelvalls.org\/es\/el-transport-adaptat-per-a-persones-afectades-dela-i-les-seves-families\/","og_site_name":"Fundaci\u00f3 Catalana d&#039;ELA Miquel Valls","article_published_time":"2022-09-30T09:40:34+00:00","article_modified_time":"2025-07-15T07:49:16+00:00","og_image":[{"width":596,"height":330,"url":"https:\/\/fundaciomiquelvalls.org\/wp-content\/uploads\/2022\/09\/transport-adaptat3.jpg","type":"image\/jpeg"}],"author":"Fundaci\u00f3 Catalana d'ELA Miquel Valls","twitter_card":"summary_large_image","twitter_misc":{"Escrito por":"Fundaci\u00f3 Catalana d'ELA Miquel Valls","Tiempo de lectura":"10 minutos"},"schema":{"@context":"https:\/\/schema.org","@graph":[{"@type":"Article","@id":"https:\/\/fundaciomiquelvalls.org\/es\/el-transport-adaptat-per-a-persones-afectades-dela-i-les-seves-families\/#article","isPartOf":{"@id":"https:\/\/fundaciomiquelvalls.org\/es\/el-transport-adaptat-per-a-persones-afectades-dela-i-les-seves-families\/"},"author":{"name":"Fundaci\u00f3 Catalana d'ELA Miquel Valls","@id":"https:\/\/fundaciomiquelvalls.org\/#\/schema\/person\/49e4b390c29b931f8b4213fbd9276ea3"},"headline":"El transport adaptat per a persones afectades d\u2019ELA i les seves fam\u00edlies","datePublished":"2022-09-30T09:40:34+00:00","dateModified":"2025-07-15T07:49:16+00:00","mainEntityOfPage":{"@id":"https:\/\/fundaciomiquelvalls.org\/es\/el-transport-adaptat-per-a-persones-afectades-dela-i-les-seves-families\/"},"wordCount":1870,"image":{"@id":"https:\/\/fundaciomiquelvalls.org\/es\/el-transport-adaptat-per-a-persones-afectades-dela-i-les-seves-families\/#primaryimage"},"thumbnailUrl":"https:\/\/fundaciomiquelvalls.org\/wp-content\/uploads\/2022\/09\/transport-adaptat3.jpg","inLanguage":"es"},{"@type":"WebPage","@id":"https:\/\/fundaciomiquelvalls.org\/es\/el-transport-adaptat-per-a-persones-afectades-dela-i-les-seves-families\/","url":"https:\/\/fundaciomiquelvalls.org\/es\/el-transport-adaptat-per-a-persones-afectades-dela-i-les-seves-families\/","name":"El transport adaptat per a persones afectades d\u2019ELA i les seves fam\u00edlies - Fundaci\u00f3 Catalana d&#039;ELA Miquel Valls","isPartOf":{"@id":"https:\/\/fundaciomiquelvalls.org\/#website"},"primaryImageOfPage":{"@id":"https:\/\/fundaciomiquelvalls.org\/es\/el-transport-adaptat-per-a-persones-afectades-dela-i-les-seves-families\/#primaryimage"},"image":{"@id":"https:\/\/fundaciomiquelvalls.org\/es\/el-transport-adaptat-per-a-persones-afectades-dela-i-les-seves-families\/#primaryimage"},"thumbnailUrl":"https:\/\/fundaciomiquelvalls.org\/wp-content\/uploads\/2022\/09\/transport-adaptat3.jpg","datePublished":"2022-09-30T09:40:34+00:00","dateModified":"2025-07-15T07:49:16+00:00","author":{"@id":"https:\/\/fundaciomiquelvalls.org\/#\/schema\/person\/49e4b390c29b931f8b4213fbd9276ea3"},"breadcrumb":{"@id":"https:\/\/fundaciomiquelvalls.org\/es\/el-transport-adaptat-per-a-persones-afectades-dela-i-les-seves-families\/#breadcrumb"},"inLanguage":"es","potentialAction":[{"@type":"ReadAction","target":["https:\/\/fundaciomiquelvalls.org\/es\/el-transport-adaptat-per-a-persones-afectades-dela-i-les-seves-families\/"]}]},{"@type":"ImageObject","inLanguage":"es","@id":"https:\/\/fundaciomiquelvalls.org\/es\/el-transport-adaptat-per-a-persones-afectades-dela-i-les-seves-families\/#primaryimage","url":"https:\/\/fundaciomiquelvalls.org\/wp-content\/uploads\/2022\/09\/transport-adaptat3.jpg","contentUrl":"https:\/\/fundaciomiquelvalls.org\/wp-content\/uploads\/2022\/09\/transport-adaptat3.jpg","width":596,"height":330},{"@type":"BreadcrumbList","@id":"https:\/\/fundaciomiquelvalls.org\/es\/el-transport-adaptat-per-a-persones-afectades-dela-i-les-seves-families\/#breadcrumb","itemListElement":[{"@type":"ListItem","position":1,"name":"Portada","item":"https:\/\/fundaciomiquelvalls.org\/es\/"},{"@type":"ListItem","position":2,"name":"El transport adaptat per a persones afectades d\u2019ELA i les seves fam\u00edlies"}]},{"@type":"WebSite","@id":"https:\/\/fundaciomiquelvalls.org\/#website","url":"https:\/\/fundaciomiquelvalls.org\/","name":"Fundaci\u00f3 Catalana d&#039;ELA Miquel Valls","description":"Treballem per millorar la qualitat de vida de les persones afectades d&#039;ELA i Malaltia de Motoneurona","potentialAction":[{"@type":"SearchAction","target":{"@type":"EntryPoint","urlTemplate":"https:\/\/fundaciomiquelvalls.org\/?s={search_term_string}"},"query-input":{"@type":"PropertyValueSpecification","valueRequired":true,"valueName":"search_term_string"}}],"inLanguage":"es"},{"@type":"Person","@id":"https:\/\/fundaciomiquelvalls.org\/#\/schema\/person\/49e4b390c29b931f8b4213fbd9276ea3","name":"Fundaci\u00f3 Catalana d'ELA Miquel Valls","sameAs":["https:\/\/fundaciomiquelvalls.org"],"url":"https:\/\/fundaciomiquelvalls.org\/es\/author\/alojapro_dev\/"}]}},"_links":{"self":[{"href":"https:\/\/fundaciomiquelvalls.org\/es\/wp-json\/wp\/v2\/posts\/3968","targetHints":{"allow":["GET"]}}],"collection":[{"href":"https:\/\/fundaciomiquelvalls.org\/es\/wp-json\/wp\/v2\/posts"}],"about":[{"href":"https:\/\/fundaciomiquelvalls.org\/es\/wp-json\/wp\/v2\/types\/post"}],"author":[{"embeddable":true,"href":"https:\/\/fundaciomiquelvalls.org\/es\/wp-json\/wp\/v2\/users\/1"}],"replies":[{"embeddable":true,"href":"https:\/\/fundaciomiquelvalls.org\/es\/wp-json\/wp\/v2\/comments?post=3968"}],"version-history":[{"count":1,"href":"https:\/\/fundaciomiquelvalls.org\/es\/wp-json\/wp\/v2\/posts\/3968\/revisions"}],"predecessor-version":[{"id":3970,"href":"https:\/\/fundaciomiquelvalls.org\/es\/wp-json\/wp\/v2\/posts\/3968\/revisions\/3970"}],"wp:featuredmedia":[{"embeddable":true,"href":"https:\/\/fundaciomiquelvalls.org\/es\/wp-json\/wp\/v2\/media\/3958"}],"wp:attachment":[{"href":"https:\/\/fundaciomiquelvalls.org\/es\/wp-json\/wp\/v2\/media?parent=3968"}],"wp:term":[{"taxonomy":"category","embeddable":true,"href":"https:\/\/fundaciomiquelvalls.org\/es\/wp-json\/wp\/v2\/categories?post=3968"},{"taxonomy":"post_tag","embeddable":true,"href":"https:\/\/fundaciomiquelvalls.org\/es\/wp-json\/wp\/v2\/tags?post=3968"}],"curies":[{"name":"wp","href":"https:\/\/api.w.org\/{rel}","templated":true}]}}