{"id":3554,"date":"2022-08-12T09:55:10","date_gmt":"2022-08-12T09:55:10","guid":{"rendered":"https:\/\/fundaciomiquelvalls.org\/2022\/08\/12\/la-cursa-de-la-merce-2022-sera-solidaria-amb-les-persones-afectades-dela\/"},"modified":"2024-01-22T12:34:07","modified_gmt":"2024-01-22T12:34:07","slug":"la-cursa-de-la-merce-2022-sera-solidaria-amb-les-persones-afectades-dela","status":"publish","type":"post","link":"https:\/\/fundaciomiquelvalls.org\/es\/la-cursa-de-la-merce-2022-sera-solidaria-amb-les-persones-afectades-dela\/","title":{"rendered":"La Carrera de la Merc\u00e8 2022 ser\u00e1 solidaria con las personas afectadas de ELA"},"content":{"rendered":"\n<p>El 18 de septiembre se celebrar\u00e0 la Carrera de la Merc\u00e8, en el marco de las Fiestas de la Merc\u00e8, y las calles de Barcelona volver\u00e1n a llenarse de corredores y corredoras preparadas para celebrar, mediante el deporte, la fiesta mayor de la ciudad condal.<\/p>\n\n\n\n<p>Como todos los a\u00f1os, esta carrera es solidaria por una causa concreta y este a\u00f1o ser\u00e1 para ayudar a las personas afectadas de ELA y sus familias, ya que la carrera destinar\u00e1 el importe \u00edntegro de cada inscripci\u00f3n a la Fundaci\u00f3n Catalana de ELA Miquel Valls. <a href=\"https:\/\/www.barcelona.cat\/cursamerce\/ca\/inici.php\">Las inscripciones para participar<\/a> ya est\u00e1n abiertas.<\/p>\n\n\n\n<p>Con el recorrido habitual de 10 kil\u00f3metros, la carrera empezar\u00e1 a las 8.30 horas en la Avinguda de la Reina Mar\u00eda Cristina y explorar\u00e1 el centro de la ciudad adentr\u00e1ndose por lugares tan emblem\u00e1ticos como la Avinguda Paral\u00b7lel, el Paseo de Sant Joan o la Pla\u00e7a Universitat.<\/p>\n\n\n\n<p>Esta vez, sin embargo, la popular Carrera de la Merc\u00e8 estar\u00e1 acompa\u00f1ada de la Carrera Inclusiva 2K MERC\u00c8 22, una versi\u00f3n adaptada de 2 kil\u00f3metros con el objetivo de que todas aquellas personas con discapacidad o movilidad reducida puedan disfrutar tambi\u00e9n de la Merc\u00e8 m\u00e1s deportiva.<\/p>\n\n\n\n<p>Desde la Fundaci\u00f3n Catalana de ELA Miquel Valls destinaremos el importe recaudado a los proyectos de mejora la calidad de vida de las personas afectadas de ELA y sus familias que llevamos a cabo en toda Catalu\u00f1a.<\/p>\n\n\n\n<p>Las <a href=\"https:\/\/www.barcelona.cat\/cursamerce\/ca\/inici.php\">inscripciones<\/a> ya se han abierto, hasta el agotamiento de las 8.000 plazas que contempla la edici\u00f3n de este a\u00f1o, y tienen un precio simb\u00f3lico y al mismo tiempo solidario de 5 euros.<\/p>\n\n\n\n<p>Muchas gracias a todos los corredores y corredoras que participar\u00e1n en la Cursa de la Merc\u00e8 haciendo un Gesto por la ELA, y a toda la organizaci\u00f3n por querer ayudar y apoyar a las familias afectadas de ELA a trav\u00e9s de nuestra entidad.<\/p>\n\n\n<div class=\"wp-block-image\">\n<figure class=\"aligncenter size-full is-resized\"><a href=\"https:\/\/www.barcelona.cat\/cursamerce\/ca\/inici.php\"><img loading=\"lazy\" decoding=\"async\" src=\"https:\/\/fundaciomiquelvalls.org\/wp-content\/uploads\/2022\/08\/banner-cursa-merce-22.jpg\" alt=\"\" class=\"wp-image-3542\" width=\"558\" height=\"219\" srcset=\"https:\/\/fundaciomiquelvalls.org\/wp-content\/uploads\/2022\/08\/banner-cursa-merce-22.jpg 492w, https:\/\/fundaciomiquelvalls.org\/wp-content\/uploads\/2022\/08\/banner-cursa-merce-22-300x118.jpg 300w, https:\/\/fundaciomiquelvalls.org\/wp-content\/uploads\/2022\/08\/banner-cursa-merce-22-242x95.jpg 242w\"  sizes=\"(max-width: 558px) 100vw, 558px\" \/><\/a><\/figure>\n<\/div>","protected":false},"excerpt":{"rendered":"<p>El 18 de septiembre se celebrar\u00e0 la Carrera de la Merc\u00e8, en el marco de las Fiestas de la Merc\u00e8, y las calles de Barcelona volver\u00e1n a llenarse de corredores y corredoras preparadas para celebrar, mediante el deporte, la fiesta mayor de la ciudad condal. Como todos los a\u00f1os, esta carrera es solidaria por una causa concreta y este a\u00f1o ser\u00e1 para ayudar a las personas afectadas de ELA y sus familias, ya que la carrera destinar\u00e1 el importe \u00edntegro de cada inscripci\u00f3n a la Fundaci\u00f3n Catalana de ELA Miquel Valls. Las inscripciones para participar ya est\u00e1n abiertas. Con el recorrido habitual de 10 kil\u00f3metros, la carrera empezar\u00e1 a las 8.30 horas en la Avinguda de la Reina Mar\u00eda Cristina y explorar\u00e1 el centro de la ciudad adentr\u00e1ndose por lugares tan emblem\u00e1ticos como la Avinguda Paral\u00b7lel, el Paseo de Sant Joan o la Pla\u00e7a Universitat. Esta vez, sin embargo, la popular Carrera de la Merc\u00e8 estar\u00e1 acompa\u00f1ada de la Carrera Inclusiva 2K MERC\u00c8 22, una versi\u00f3n adaptada de 2 kil\u00f3metros con el objetivo de que todas aquellas personas con discapacidad o movilidad reducida puedan disfrutar tambi\u00e9n de la Merc\u00e8 m\u00e1s deportiva. Desde la Fundaci\u00f3n Catalana de ELA Miquel Valls destinaremos el importe recaudado a los proyectos de mejora la calidad de vida de las personas afectadas de ELA y sus familias que llevamos a cabo en toda Catalu\u00f1a. Las inscripciones ya se han abierto, hasta el agotamiento de las 8.000 plazas que contempla la edici\u00f3n de este a\u00f1o, y tienen un precio simb\u00f3lico y al mismo tiempo solidario de 5 euros. Muchas gracias a todos los corredores y corredoras que participar\u00e1n en la Cursa de la Merc\u00e8 haciendo un Gesto por la ELA, y a toda la organizaci\u00f3n por querer ayudar y apoyar a las familias afectadas de ELA a trav\u00e9s de nuestra entidad.<\/p>\n","protected":false},"author":1,"featured_media":3546,"comment_status":"closed","ping_status":"closed","sticky":false,"template":"","format":"standard","meta":{"footnotes":""},"categories":[90,75,78],"tags":[109,110,111,91],"class_list":["post-3554","post","type-post","status-publish","format-standard","has-post-thumbnail","hentry","category-actualitat-es","category-actualitat","category-iniciatives-solidaries","tag-barcelona-es","tag-cursa-merce-es","tag-cursa-solidaria-es","tag-ela-es"],"yoast_head":"<!-- This site is optimized with the Yoast SEO plugin v26.9 - https:\/\/yoast.com\/product\/yoast-seo-wordpress\/ -->\n<title>La Carrera de la Merc\u00e8 2022 ser\u00e1 solidaria con las personas afectadas de ELA - Fundaci\u00f3 Catalana d&#039;ELA Miquel Valls<\/title>\n<meta name=\"description\" content=\"El 18 de septiembre ser\u00e1 la Carrera de la Merc\u00e8 y como en a\u00f1os anteriores ser\u00e1 solidaria, esta vez para ayudar a las personas afectadas de ELA.\" \/>\n<meta name=\"robots\" content=\"index, follow, max-snippet:-1, max-image-preview:large, max-video-preview:-1\" \/>\n<link rel=\"canonical\" href=\"https:\/\/fundaciomiquelvalls.org\/es\/la-cursa-de-la-merce-2022-sera-solidaria-amb-les-persones-afectades-dela\/\" \/>\n<meta property=\"og:locale\" content=\"es_ES\" \/>\n<meta property=\"og:type\" content=\"article\" \/>\n<meta property=\"og:title\" content=\"La Carrera de la Merc\u00e8 2022 ser\u00e1 solidaria con las personas afectadas de ELA - Fundaci\u00f3 Catalana d&#039;ELA Miquel Valls\" \/>\n<meta property=\"og:description\" content=\"El 18 de septiembre ser\u00e1 la Carrera de la Merc\u00e8 y como en a\u00f1os anteriores ser\u00e1 solidaria, esta vez para ayudar a las personas afectadas de ELA.\" \/>\n<meta property=\"og:url\" content=\"https:\/\/fundaciomiquelvalls.org\/es\/la-cursa-de-la-merce-2022-sera-solidaria-amb-les-persones-afectades-dela\/\" \/>\n<meta property=\"og:site_name\" content=\"Fundaci\u00f3 Catalana d&#039;ELA Miquel Valls\" \/>\n<meta property=\"article:published_time\" content=\"2022-08-12T09:55:10+00:00\" \/>\n<meta property=\"article:modified_time\" content=\"2024-01-22T12:34:07+00:00\" \/>\n<meta property=\"og:image\" content=\"https:\/\/fundaciomiquelvalls.org\/wp-content\/uploads\/2022\/08\/cartell-cursa-merce-22-1.png\" \/>\n\t<meta property=\"og:image:width\" content=\"680\" \/>\n\t<meta property=\"og:image:height\" content=\"383\" \/>\n\t<meta property=\"og:image:type\" content=\"image\/png\" \/>\n<meta name=\"author\" content=\"Fundaci\u00f3 Catalana d&#039;ELA Miquel Valls\" \/>\n<meta name=\"twitter:card\" content=\"summary_large_image\" \/>\n<meta name=\"twitter:label1\" content=\"Escrito por\" \/>\n\t<meta name=\"twitter:data1\" content=\"Fundaci\u00f3 Catalana d&#039;ELA Miquel Valls\" \/>\n\t<meta name=\"twitter:label2\" content=\"Tiempo de lectura\" \/>\n\t<meta name=\"twitter:data2\" content=\"2 minutos\" \/>\n<script type=\"application\/ld+json\" class=\"yoast-schema-graph\">{\"@context\":\"https:\/\/schema.org\",\"@graph\":[{\"@type\":\"Article\",\"@id\":\"https:\/\/fundaciomiquelvalls.org\/es\/la-cursa-de-la-merce-2022-sera-solidaria-amb-les-persones-afectades-dela\/#article\",\"isPartOf\":{\"@id\":\"https:\/\/fundaciomiquelvalls.org\/es\/la-cursa-de-la-merce-2022-sera-solidaria-amb-les-persones-afectades-dela\/\"},\"author\":{\"name\":\"Fundaci\u00f3 Catalana d'ELA Miquel Valls\",\"@id\":\"https:\/\/fundaciomiquelvalls.org\/#\/schema\/person\/49e4b390c29b931f8b4213fbd9276ea3\"},\"headline\":\"La Carrera de la Merc\u00e8 2022 ser\u00e1 solidaria con las personas afectadas de ELA\",\"datePublished\":\"2022-08-12T09:55:10+00:00\",\"dateModified\":\"2024-01-22T12:34:07+00:00\",\"mainEntityOfPage\":{\"@id\":\"https:\/\/fundaciomiquelvalls.org\/es\/la-cursa-de-la-merce-2022-sera-solidaria-amb-les-persones-afectades-dela\/\"},\"wordCount\":335,\"image\":{\"@id\":\"https:\/\/fundaciomiquelvalls.org\/es\/la-cursa-de-la-merce-2022-sera-solidaria-amb-les-persones-afectades-dela\/#primaryimage\"},\"thumbnailUrl\":\"https:\/\/fundaciomiquelvalls.org\/wp-content\/uploads\/2022\/08\/cartell-cursa-merce-22-1.png\",\"keywords\":[\"Barcelona\",\"Cursa Merc\u00e8\",\"Cursa solidaria\",\"ELA\"],\"articleSection\":[\"Actualitat\",\"Actualitat\",\"Iniciatives solid\u00e0ries\"],\"inLanguage\":\"es\"},{\"@type\":\"WebPage\",\"@id\":\"https:\/\/fundaciomiquelvalls.org\/es\/la-cursa-de-la-merce-2022-sera-solidaria-amb-les-persones-afectades-dela\/\",\"url\":\"https:\/\/fundaciomiquelvalls.org\/es\/la-cursa-de-la-merce-2022-sera-solidaria-amb-les-persones-afectades-dela\/\",\"name\":\"La Carrera de la Merc\u00e8 2022 ser\u00e1 solidaria con las personas afectadas de ELA - Fundaci\u00f3 Catalana d&#039;ELA Miquel Valls\",\"isPartOf\":{\"@id\":\"https:\/\/fundaciomiquelvalls.org\/#website\"},\"primaryImageOfPage\":{\"@id\":\"https:\/\/fundaciomiquelvalls.org\/es\/la-cursa-de-la-merce-2022-sera-solidaria-amb-les-persones-afectades-dela\/#primaryimage\"},\"image\":{\"@id\":\"https:\/\/fundaciomiquelvalls.org\/es\/la-cursa-de-la-merce-2022-sera-solidaria-amb-les-persones-afectades-dela\/#primaryimage\"},\"thumbnailUrl\":\"https:\/\/fundaciomiquelvalls.org\/wp-content\/uploads\/2022\/08\/cartell-cursa-merce-22-1.png\",\"datePublished\":\"2022-08-12T09:55:10+00:00\",\"dateModified\":\"2024-01-22T12:34:07+00:00\",\"author\":{\"@id\":\"https:\/\/fundaciomiquelvalls.org\/#\/schema\/person\/49e4b390c29b931f8b4213fbd9276ea3\"},\"description\":\"El 18 de septiembre ser\u00e1 la Carrera de la Merc\u00e8 y como en a\u00f1os anteriores ser\u00e1 solidaria, esta vez para ayudar a las personas afectadas de ELA.\",\"breadcrumb\":{\"@id\":\"https:\/\/fundaciomiquelvalls.org\/es\/la-cursa-de-la-merce-2022-sera-solidaria-amb-les-persones-afectades-dela\/#breadcrumb\"},\"inLanguage\":\"es\",\"potentialAction\":[{\"@type\":\"ReadAction\",\"target\":[\"https:\/\/fundaciomiquelvalls.org\/es\/la-cursa-de-la-merce-2022-sera-solidaria-amb-les-persones-afectades-dela\/\"]}]},{\"@type\":\"ImageObject\",\"inLanguage\":\"es\",\"@id\":\"https:\/\/fundaciomiquelvalls.org\/es\/la-cursa-de-la-merce-2022-sera-solidaria-amb-les-persones-afectades-dela\/#primaryimage\",\"url\":\"https:\/\/fundaciomiquelvalls.org\/wp-content\/uploads\/2022\/08\/cartell-cursa-merce-22-1.png\",\"contentUrl\":\"https:\/\/fundaciomiquelvalls.org\/wp-content\/uploads\/2022\/08\/cartell-cursa-merce-22-1.png\",\"width\":680,\"height\":383},{\"@type\":\"BreadcrumbList\",\"@id\":\"https:\/\/fundaciomiquelvalls.org\/es\/la-cursa-de-la-merce-2022-sera-solidaria-amb-les-persones-afectades-dela\/#breadcrumb\",\"itemListElement\":[{\"@type\":\"ListItem\",\"position\":1,\"name\":\"Portada\",\"item\":\"https:\/\/fundaciomiquelvalls.org\/es\/\"},{\"@type\":\"ListItem\",\"position\":2,\"name\":\"La Carrera de la Merc\u00e8 2022 ser\u00e1 solidaria con las personas afectadas de ELA\"}]},{\"@type\":\"WebSite\",\"@id\":\"https:\/\/fundaciomiquelvalls.org\/#website\",\"url\":\"https:\/\/fundaciomiquelvalls.org\/\",\"name\":\"Fundaci\u00f3 Catalana d&#039;ELA Miquel Valls\",\"description\":\"Treballem per millorar la qualitat de vida de les persones afectades d&#039;ELA i Malaltia de Motoneurona\",\"potentialAction\":[{\"@type\":\"SearchAction\",\"target\":{\"@type\":\"EntryPoint\",\"urlTemplate\":\"https:\/\/fundaciomiquelvalls.org\/?s={search_term_string}\"},\"query-input\":{\"@type\":\"PropertyValueSpecification\",\"valueRequired\":true,\"valueName\":\"search_term_string\"}}],\"inLanguage\":\"es\"},{\"@type\":\"Person\",\"@id\":\"https:\/\/fundaciomiquelvalls.org\/#\/schema\/person\/49e4b390c29b931f8b4213fbd9276ea3\",\"name\":\"Fundaci\u00f3 Catalana d'ELA Miquel Valls\",\"sameAs\":[\"https:\/\/fundaciomiquelvalls.org\"],\"url\":\"https:\/\/fundaciomiquelvalls.org\/es\/author\/alojapro_dev\/\"}]}<\/script>\n<!-- \/ Yoast SEO plugin. -->","yoast_head_json":{"title":"La Carrera de la Merc\u00e8 2022 ser\u00e1 solidaria con las personas afectadas de ELA - Fundaci\u00f3 Catalana d&#039;ELA Miquel Valls","description":"El 18 de septiembre ser\u00e1 la Carrera de la Merc\u00e8 y como en a\u00f1os anteriores ser\u00e1 solidaria, esta vez para ayudar a las personas afectadas de ELA.","robots":{"index":"index","follow":"follow","max-snippet":"max-snippet:-1","max-image-preview":"max-image-preview:large","max-video-preview":"max-video-preview:-1"},"canonical":"https:\/\/fundaciomiquelvalls.org\/es\/la-cursa-de-la-merce-2022-sera-solidaria-amb-les-persones-afectades-dela\/","og_locale":"es_ES","og_type":"article","og_title":"La Carrera de la Merc\u00e8 2022 ser\u00e1 solidaria con las personas afectadas de ELA - Fundaci\u00f3 Catalana d&#039;ELA Miquel Valls","og_description":"El 18 de septiembre ser\u00e1 la Carrera de la Merc\u00e8 y como en a\u00f1os anteriores ser\u00e1 solidaria, esta vez para ayudar a las personas afectadas de ELA.","og_url":"https:\/\/fundaciomiquelvalls.org\/es\/la-cursa-de-la-merce-2022-sera-solidaria-amb-les-persones-afectades-dela\/","og_site_name":"Fundaci\u00f3 Catalana d&#039;ELA Miquel Valls","article_published_time":"2022-08-12T09:55:10+00:00","article_modified_time":"2024-01-22T12:34:07+00:00","og_image":[{"width":680,"height":383,"url":"https:\/\/fundaciomiquelvalls.org\/wp-content\/uploads\/2022\/08\/cartell-cursa-merce-22-1.png","type":"image\/png"}],"author":"Fundaci\u00f3 Catalana d'ELA Miquel Valls","twitter_card":"summary_large_image","twitter_misc":{"Escrito por":"Fundaci\u00f3 Catalana d'ELA Miquel Valls","Tiempo de lectura":"2 minutos"},"schema":{"@context":"https:\/\/schema.org","@graph":[{"@type":"Article","@id":"https:\/\/fundaciomiquelvalls.org\/es\/la-cursa-de-la-merce-2022-sera-solidaria-amb-les-persones-afectades-dela\/#article","isPartOf":{"@id":"https:\/\/fundaciomiquelvalls.org\/es\/la-cursa-de-la-merce-2022-sera-solidaria-amb-les-persones-afectades-dela\/"},"author":{"name":"Fundaci\u00f3 Catalana d'ELA Miquel Valls","@id":"https:\/\/fundaciomiquelvalls.org\/#\/schema\/person\/49e4b390c29b931f8b4213fbd9276ea3"},"headline":"La Carrera de la Merc\u00e8 2022 ser\u00e1 solidaria con las personas afectadas de ELA","datePublished":"2022-08-12T09:55:10+00:00","dateModified":"2024-01-22T12:34:07+00:00","mainEntityOfPage":{"@id":"https:\/\/fundaciomiquelvalls.org\/es\/la-cursa-de-la-merce-2022-sera-solidaria-amb-les-persones-afectades-dela\/"},"wordCount":335,"image":{"@id":"https:\/\/fundaciomiquelvalls.org\/es\/la-cursa-de-la-merce-2022-sera-solidaria-amb-les-persones-afectades-dela\/#primaryimage"},"thumbnailUrl":"https:\/\/fundaciomiquelvalls.org\/wp-content\/uploads\/2022\/08\/cartell-cursa-merce-22-1.png","keywords":["Barcelona","Cursa Merc\u00e8","Cursa solidaria","ELA"],"articleSection":["Actualitat","Actualitat","Iniciatives solid\u00e0ries"],"inLanguage":"es"},{"@type":"WebPage","@id":"https:\/\/fundaciomiquelvalls.org\/es\/la-cursa-de-la-merce-2022-sera-solidaria-amb-les-persones-afectades-dela\/","url":"https:\/\/fundaciomiquelvalls.org\/es\/la-cursa-de-la-merce-2022-sera-solidaria-amb-les-persones-afectades-dela\/","name":"La Carrera de la Merc\u00e8 2022 ser\u00e1 solidaria con las personas afectadas de ELA - Fundaci\u00f3 Catalana d&#039;ELA Miquel Valls","isPartOf":{"@id":"https:\/\/fundaciomiquelvalls.org\/#website"},"primaryImageOfPage":{"@id":"https:\/\/fundaciomiquelvalls.org\/es\/la-cursa-de-la-merce-2022-sera-solidaria-amb-les-persones-afectades-dela\/#primaryimage"},"image":{"@id":"https:\/\/fundaciomiquelvalls.org\/es\/la-cursa-de-la-merce-2022-sera-solidaria-amb-les-persones-afectades-dela\/#primaryimage"},"thumbnailUrl":"https:\/\/fundaciomiquelvalls.org\/wp-content\/uploads\/2022\/08\/cartell-cursa-merce-22-1.png","datePublished":"2022-08-12T09:55:10+00:00","dateModified":"2024-01-22T12:34:07+00:00","author":{"@id":"https:\/\/fundaciomiquelvalls.org\/#\/schema\/person\/49e4b390c29b931f8b4213fbd9276ea3"},"description":"El 18 de septiembre ser\u00e1 la Carrera de la Merc\u00e8 y como en a\u00f1os anteriores ser\u00e1 solidaria, esta vez para ayudar a las personas afectadas de ELA.","breadcrumb":{"@id":"https:\/\/fundaciomiquelvalls.org\/es\/la-cursa-de-la-merce-2022-sera-solidaria-amb-les-persones-afectades-dela\/#breadcrumb"},"inLanguage":"es","potentialAction":[{"@type":"ReadAction","target":["https:\/\/fundaciomiquelvalls.org\/es\/la-cursa-de-la-merce-2022-sera-solidaria-amb-les-persones-afectades-dela\/"]}]},{"@type":"ImageObject","inLanguage":"es","@id":"https:\/\/fundaciomiquelvalls.org\/es\/la-cursa-de-la-merce-2022-sera-solidaria-amb-les-persones-afectades-dela\/#primaryimage","url":"https:\/\/fundaciomiquelvalls.org\/wp-content\/uploads\/2022\/08\/cartell-cursa-merce-22-1.png","contentUrl":"https:\/\/fundaciomiquelvalls.org\/wp-content\/uploads\/2022\/08\/cartell-cursa-merce-22-1.png","width":680,"height":383},{"@type":"BreadcrumbList","@id":"https:\/\/fundaciomiquelvalls.org\/es\/la-cursa-de-la-merce-2022-sera-solidaria-amb-les-persones-afectades-dela\/#breadcrumb","itemListElement":[{"@type":"ListItem","position":1,"name":"Portada","item":"https:\/\/fundaciomiquelvalls.org\/es\/"},{"@type":"ListItem","position":2,"name":"La Carrera de la Merc\u00e8 2022 ser\u00e1 solidaria con las personas afectadas de ELA"}]},{"@type":"WebSite","@id":"https:\/\/fundaciomiquelvalls.org\/#website","url":"https:\/\/fundaciomiquelvalls.org\/","name":"Fundaci\u00f3 Catalana d&#039;ELA Miquel Valls","description":"Treballem per millorar la qualitat de vida de les persones afectades d&#039;ELA i Malaltia de Motoneurona","potentialAction":[{"@type":"SearchAction","target":{"@type":"EntryPoint","urlTemplate":"https:\/\/fundaciomiquelvalls.org\/?s={search_term_string}"},"query-input":{"@type":"PropertyValueSpecification","valueRequired":true,"valueName":"search_term_string"}}],"inLanguage":"es"},{"@type":"Person","@id":"https:\/\/fundaciomiquelvalls.org\/#\/schema\/person\/49e4b390c29b931f8b4213fbd9276ea3","name":"Fundaci\u00f3 Catalana d'ELA Miquel Valls","sameAs":["https:\/\/fundaciomiquelvalls.org"],"url":"https:\/\/fundaciomiquelvalls.org\/es\/author\/alojapro_dev\/"}]}},"_links":{"self":[{"href":"https:\/\/fundaciomiquelvalls.org\/es\/wp-json\/wp\/v2\/posts\/3554","targetHints":{"allow":["GET"]}}],"collection":[{"href":"https:\/\/fundaciomiquelvalls.org\/es\/wp-json\/wp\/v2\/posts"}],"about":[{"href":"https:\/\/fundaciomiquelvalls.org\/es\/wp-json\/wp\/v2\/types\/post"}],"author":[{"embeddable":true,"href":"https:\/\/fundaciomiquelvalls.org\/es\/wp-json\/wp\/v2\/users\/1"}],"replies":[{"embeddable":true,"href":"https:\/\/fundaciomiquelvalls.org\/es\/wp-json\/wp\/v2\/comments?post=3554"}],"version-history":[{"count":2,"href":"https:\/\/fundaciomiquelvalls.org\/es\/wp-json\/wp\/v2\/posts\/3554\/revisions"}],"predecessor-version":[{"id":3557,"href":"https:\/\/fundaciomiquelvalls.org\/es\/wp-json\/wp\/v2\/posts\/3554\/revisions\/3557"}],"wp:featuredmedia":[{"embeddable":true,"href":"https:\/\/fundaciomiquelvalls.org\/es\/wp-json\/wp\/v2\/media\/3546"}],"wp:attachment":[{"href":"https:\/\/fundaciomiquelvalls.org\/es\/wp-json\/wp\/v2\/media?parent=3554"}],"wp:term":[{"taxonomy":"category","embeddable":true,"href":"https:\/\/fundaciomiquelvalls.org\/es\/wp-json\/wp\/v2\/categories?post=3554"},{"taxonomy":"post_tag","embeddable":true,"href":"https:\/\/fundaciomiquelvalls.org\/es\/wp-json\/wp\/v2\/tags?post=3554"}],"curies":[{"name":"wp","href":"https:\/\/api.w.org\/{rel}","templated":true}]}}