{"id":3034,"date":"2022-02-09T13:56:38","date_gmt":"2022-02-09T13:56:38","guid":{"rendered":"https:\/\/fundaciomiquelvalls.org\/2022\/02\/09\/donar-veu-a-ela\/"},"modified":"2022-03-15T13:13:49","modified_gmt":"2022-03-15T13:13:49","slug":"donar-veu-a-ela","status":"publish","type":"post","link":"https:\/\/fundaciomiquelvalls.org\/es\/donar-veu-a-ela\/","title":{"rendered":"Dar voz a las personas afectadas de ELA, un reto para la Fundaci\u00f3n"},"content":{"rendered":"\n<p>Cada vez la ciudadan\u00eda en general, y los pacientes en particular, queremos tener m\u00e1s informaci\u00f3n para poder decidir sobre lo que nos afecta y ocupa. Que se nos expliquen bien las cosas, sobre todo cuando nos dan un diagn\u00f3stico, nos proponen un tratamiento, participamos en un ensayo cl\u00ednico, etc. Queremos decidir nuestras acciones entendiendo todas las opciones posibles. Tambi\u00e9n queremos decidir c\u00f3mo tiene que ser la atenci\u00f3n que recibimos, as\u00ed como formar parte de las decisiones que se presentan y nos incumben, los tratamientos que queremos recibir, los medicamentos que son aprobados por las agencias del medicamento, o la organizaci\u00f3n del proceso asistencial del cual somos usuarios.<\/p>\n\n\n\n<p>Organismos p\u00fablicos y entidades privadas han creado mecanismos para que todo esto sea posible y desde la Fundaci\u00f3n Catalana de ELA Miquel Valls llevamos muchos a\u00f1os trabajando para que la voz de las personas afectadas de ELA sean escuchadas en todos ellos:<\/p>\n\n\n\n<p>A nivel micro, realizamos encuestas propias de opini\u00f3n para conocer de primera mano las preferencias del colectivo y dirigir nuestros esfuerzos y recursos hacia donde la mayor\u00eda de personas afectadas y sus familias requieren. Tambi\u00e9n fomentamos, a trav\u00e9s de diferentes entidades y servicios p\u00fablicos y privados, la creaci\u00f3n de encuestas de resultados y procesos, a la vez que les trasmitimos las narrativas y problem\u00e1ticas que nos han hecho llegar a las personas afectadas. Escuchamos y hacemos escuchar su voz all\u00e1 donde pueda ser \u00fatil y necesario.<\/p>\n\n\n\n<p>A nivel meso, como Fundaci\u00f3n tenemos una relaci\u00f3n constante con los diferentes organismos p\u00fablicos y privados que est\u00e1n involucrados en la asistencia, ayudas y prestaciones que reciben las personas afectadas de ELA para agilizar tramitaciones, reclamar ayudas, solucionar incidencias, etc. Por otro lado, trabajamos con los diferentes hospitales de referencia para poder aportar nuestra opini\u00f3n en todos los procesos asistenciales y de investigaci\u00f3n, ejerciendo el papel de auditores. Tambi\u00e9n tenemos contacto directo con las academias cient\u00edficas, como la Sociedad Catalana de Neurologia y la sociedad Catalano-Balear de Cuidados Paliativos, as\u00ed como con diferentes Universidades, porqu\u00e9 estas dirigen sus esfuerzos a mejorar los conocimientos en el mundo de la ELA, y otras enfermedades de motoneurona, avanzando as\u00ed a trav\u00e9s de ellos en la mejora de la calidad asistencial y de la investigaci\u00f3n.<\/p>\n\n\n\n<p>Finalmente, a nivel macro, participamos con la Administraci\u00f3n P\u00fablica y otros organismos, como la Comunidad de la ELA de Espa\u00f1a, para conseguir que las pol\u00edticas p\u00fablicas, tanto auton\u00f3micas como estatales, recojan las necesidades reales de nuestro colectivo. En la actualidad para hacerlo, aparte de mantener reuniones con representantes de todas las administraciones para transmitir las necesidades y pedirles soluciones efectivas, o incluso acudir a la Comisi\u00f3n de Salut del Parlament cuando ha sido necesario para realizar una petici\u00f3n concreta, una de las principales acciones que como entidad estamos llevando a cabo es la participaci\u00f3n en el Consejo Consultivo del Paciente de Catalunya. Este consejo es un \u00f3rgano asesor representativo de las entidades de pacientes ante la Administraci\u00f3n de la Generalitat creado el a\u00f1o 2012, a trav\u00e9s del cual se da voz a las personas con necesidades de salud mediante las entidades de pacientes. Ser miembro de este consejo nos permite participar en la Comisi\u00f3n de Valoraci\u00f3n T\u00e9cnica de enfermedades minoritarias para la designaci\u00f3n de Unidades de Experiencia Cl\u00ednica, pudiendo ser parte de la decisi\u00f3n de qu\u00e9 hospitales cumpl\u00edan los requisitos para ser unidad de referencia. El Consejo de Pacientes es un \u00f3rgano que nos permite trabajar con la Generalitat de Catalunya y representantes de entidades de pacientes de otras patolog\u00edas, para velar por las necesidades comunes entre todos los colectivos de pacientes cr\u00f3nicos. Siguiendo esta l\u00ednea de actuaci\u00f3n macro, tambi\u00e9n trabajamos a nivel internacional. En Europa con diferentes acciones de participaci\u00f3n a trav\u00e9s de la Asociaci\u00f3n Europea de ELA (EupALS), como por ejemplo la representaci\u00f3n de una persona afectada de ELA ante la Agencia Europea del Medicamento (EMA). Y a nivel mundial, participamos con la Alianza Internacional de ELA, en que la mayor\u00eda de entidades que nos dedicamos a luchar contra la ELA en todo el mundo compartimos nuestras experiencias y trabajamos en acciones comunes.<\/p>\n\n\n\n<p>Tenemos claro que para una persona no habituada a esta tem\u00e1tica es complicado conocer el sistema de salud catal\u00e1n, espa\u00f1ol, europeo y mundial, y entender cu\u00e1les son los mecanismos necesarios para su funcionamiento. Por este motivo, desde la Fundaci\u00f3n Catalana de ELA Miquel Valls trabajamos en todos los niveles, para hacer conocer la realidad de la ELA y otras enfermedades de motoneurona, defendiendo siempre las necesidades de las personas y familias afectadas para mejorar su calidad de vida y encontrar una cura lo antes posible.<\/p>\n\n\n\n<p>Y para finalizar, os recordamos que, si alguna persona est\u00e1 interesada en ayudarnos con esta gran tarea de representaci\u00f3n, os animamos a contactar con nosotros para trabajar juntos y seguir dando voz a todas las personas afectadas por la enfermedad.<\/p>\n","protected":false},"excerpt":{"rendered":"<p>Cada vez la ciudadan\u00eda en general, y los pacientes en particular, queremos tener m\u00e1s informaci\u00f3n para poder decidir sobre lo que nos afecta y ocupa. Que se nos expliquen bien las cosas, sobre todo cuando nos dan un diagn\u00f3stico, nos proponen un tratamiento, participamos en un ensayo cl\u00ednico, etc. Queremos decidir nuestras acciones entendiendo todas las opciones posibles. Tambi\u00e9n queremos decidir c\u00f3mo tiene que ser la atenci\u00f3n que recibimos, as\u00ed como formar parte de las decisiones que se presentan y nos incumben, los tratamientos que queremos recibir, los medicamentos que son aprobados por las agencias del medicamento, o la organizaci\u00f3n del proceso asistencial del cual somos usuarios. Organismos p\u00fablicos y entidades privadas han creado mecanismos para que todo esto sea posible y desde la Fundaci\u00f3n Catalana de ELA Miquel Valls llevamos muchos a\u00f1os trabajando para que la voz de las personas afectadas de ELA sean escuchadas en todos ellos: A nivel micro, realizamos encuestas propias de opini\u00f3n para conocer de primera mano las preferencias del colectivo y dirigir nuestros esfuerzos y recursos hacia donde la mayor\u00eda de personas afectadas y sus familias requieren. Tambi\u00e9n fomentamos, a trav\u00e9s de diferentes entidades y servicios p\u00fablicos y privados, la creaci\u00f3n de encuestas de resultados y procesos, a la vez que les trasmitimos las narrativas y problem\u00e1ticas que nos han hecho llegar a las personas afectadas. Escuchamos y hacemos escuchar su voz all\u00e1 donde pueda ser \u00fatil y necesario. A nivel meso, como Fundaci\u00f3n tenemos una relaci\u00f3n constante con los diferentes organismos p\u00fablicos y privados que est\u00e1n involucrados en la asistencia, ayudas y prestaciones que reciben las personas afectadas de ELA para agilizar tramitaciones, reclamar ayudas, solucionar incidencias, etc. Por otro lado, trabajamos con los diferentes hospitales de referencia para poder aportar nuestra opini\u00f3n en todos los procesos asistenciales y de investigaci\u00f3n, ejerciendo el papel de auditores. Tambi\u00e9n tenemos contacto directo con las academias cient\u00edficas, como la Sociedad Catalana de Neurologia y la sociedad Catalano-Balear de Cuidados Paliativos, as\u00ed como con diferentes Universidades, porqu\u00e9 estas dirigen sus esfuerzos a mejorar los conocimientos en el mundo de la ELA, y otras enfermedades de motoneurona, avanzando as\u00ed a trav\u00e9s de ellos en la mejora de la calidad asistencial y de la investigaci\u00f3n. Finalmente, a nivel macro, participamos con la Administraci\u00f3n P\u00fablica y otros organismos, como la Comunidad de la ELA de Espa\u00f1a, para conseguir que las pol\u00edticas p\u00fablicas, tanto auton\u00f3micas como estatales, recojan las necesidades reales de nuestro colectivo. En la actualidad para hacerlo, aparte de mantener reuniones con representantes de todas las administraciones para transmitir las necesidades y pedirles soluciones efectivas, o incluso acudir a la Comisi\u00f3n de Salut del Parlament cuando ha sido necesario para realizar una petici\u00f3n concreta, una de las principales acciones que como entidad estamos llevando a cabo es la participaci\u00f3n en el Consejo Consultivo del Paciente de Catalunya. Este consejo es un \u00f3rgano asesor representativo de las entidades de pacientes ante la Administraci\u00f3n de la Generalitat creado el a\u00f1o 2012, a trav\u00e9s del cual se da voz a las personas con necesidades de salud mediante las entidades de pacientes. Ser miembro de este consejo nos permite participar en la Comisi\u00f3n [&hellip;]<\/p>\n","protected":false},"author":1,"featured_media":2866,"comment_status":"closed","ping_status":"closed","sticky":false,"template":"","format":"standard","meta":{"footnotes":""},"categories":[90],"tags":[],"class_list":["post-3034","post","type-post","status-publish","format-standard","has-post-thumbnail","hentry","category-actualitat-es"],"yoast_head":"<!-- This site is optimized with the Yoast SEO plugin v26.9 - https:\/\/yoast.com\/product\/yoast-seo-wordpress\/ -->\n<title>Dar voz a las personas afectadas de ELA, un reto para la Fundaci\u00f3n - Fundaci\u00f3 Catalana d&#039;ELA Miquel Valls<\/title>\n<meta name=\"description\" content=\"La ciutadania en general, i els pacients en particular, volem tenir m\u00e9s informaci\u00f3 per poder decidir sobre el que ens afecta i ocupa, i des de la Fundaci\u00f3 treballem perqu\u00e8 la veu de les persones afectades d\u2019ELA sigui escoltada.\" \/>\n<meta name=\"robots\" content=\"index, follow, max-snippet:-1, max-image-preview:large, max-video-preview:-1\" \/>\n<link rel=\"canonical\" href=\"https:\/\/fundaciomiquelvalls.org\/es\/donar-veu-a-ela\/\" \/>\n<meta property=\"og:locale\" content=\"es_ES\" \/>\n<meta property=\"og:type\" content=\"article\" \/>\n<meta property=\"og:title\" content=\"Dar voz a las personas afectadas de ELA, un reto para la Fundaci\u00f3n - Fundaci\u00f3 Catalana d&#039;ELA Miquel Valls\" \/>\n<meta property=\"og:description\" content=\"La ciutadania en general, i els pacients en particular, volem tenir m\u00e9s informaci\u00f3 per poder decidir sobre el que ens afecta i ocupa, i des de la Fundaci\u00f3 treballem perqu\u00e8 la veu de les persones afectades d\u2019ELA sigui escoltada.\" \/>\n<meta property=\"og:url\" content=\"https:\/\/fundaciomiquelvalls.org\/es\/donar-veu-a-ela\/\" \/>\n<meta property=\"og:site_name\" content=\"Fundaci\u00f3 Catalana d&#039;ELA Miquel Valls\" \/>\n<meta property=\"article:published_time\" content=\"2022-02-09T13:56:38+00:00\" \/>\n<meta property=\"article:modified_time\" content=\"2022-03-15T13:13:49+00:00\" \/>\n<meta property=\"og:image\" content=\"https:\/\/fundaciomiquelvalls.org\/wp-content\/uploads\/2022\/02\/Cares_ELA.jpg\" \/>\n\t<meta property=\"og:image:width\" content=\"1280\" \/>\n\t<meta property=\"og:image:height\" content=\"720\" \/>\n\t<meta property=\"og:image:type\" content=\"image\/jpeg\" \/>\n<meta name=\"author\" content=\"Fundaci\u00f3 Catalana d&#039;ELA Miquel Valls\" \/>\n<meta name=\"twitter:card\" content=\"summary_large_image\" \/>\n<meta name=\"twitter:label1\" content=\"Escrito por\" \/>\n\t<meta name=\"twitter:data1\" content=\"Fundaci\u00f3 Catalana d&#039;ELA Miquel Valls\" \/>\n\t<meta name=\"twitter:label2\" content=\"Tiempo de lectura\" \/>\n\t<meta name=\"twitter:data2\" content=\"4 minutos\" \/>\n<script type=\"application\/ld+json\" class=\"yoast-schema-graph\">{\"@context\":\"https:\/\/schema.org\",\"@graph\":[{\"@type\":\"Article\",\"@id\":\"https:\/\/fundaciomiquelvalls.org\/es\/donar-veu-a-ela\/#article\",\"isPartOf\":{\"@id\":\"https:\/\/fundaciomiquelvalls.org\/es\/donar-veu-a-ela\/\"},\"author\":{\"name\":\"Fundaci\u00f3 Catalana d'ELA Miquel Valls\",\"@id\":\"https:\/\/fundaciomiquelvalls.org\/#\/schema\/person\/49e4b390c29b931f8b4213fbd9276ea3\"},\"headline\":\"Dar voz a las personas afectadas de ELA, un reto para la Fundaci\u00f3n\",\"datePublished\":\"2022-02-09T13:56:38+00:00\",\"dateModified\":\"2022-03-15T13:13:49+00:00\",\"mainEntityOfPage\":{\"@id\":\"https:\/\/fundaciomiquelvalls.org\/es\/donar-veu-a-ela\/\"},\"wordCount\":873,\"image\":{\"@id\":\"https:\/\/fundaciomiquelvalls.org\/es\/donar-veu-a-ela\/#primaryimage\"},\"thumbnailUrl\":\"https:\/\/fundaciomiquelvalls.org\/wp-content\/uploads\/2022\/02\/Cares_ELA.jpg\",\"articleSection\":[\"Actualitat\"],\"inLanguage\":\"es\"},{\"@type\":\"WebPage\",\"@id\":\"https:\/\/fundaciomiquelvalls.org\/es\/donar-veu-a-ela\/\",\"url\":\"https:\/\/fundaciomiquelvalls.org\/es\/donar-veu-a-ela\/\",\"name\":\"Dar voz a las personas afectadas de ELA, un reto para la Fundaci\u00f3n - Fundaci\u00f3 Catalana d&#039;ELA Miquel Valls\",\"isPartOf\":{\"@id\":\"https:\/\/fundaciomiquelvalls.org\/#website\"},\"primaryImageOfPage\":{\"@id\":\"https:\/\/fundaciomiquelvalls.org\/es\/donar-veu-a-ela\/#primaryimage\"},\"image\":{\"@id\":\"https:\/\/fundaciomiquelvalls.org\/es\/donar-veu-a-ela\/#primaryimage\"},\"thumbnailUrl\":\"https:\/\/fundaciomiquelvalls.org\/wp-content\/uploads\/2022\/02\/Cares_ELA.jpg\",\"datePublished\":\"2022-02-09T13:56:38+00:00\",\"dateModified\":\"2022-03-15T13:13:49+00:00\",\"author\":{\"@id\":\"https:\/\/fundaciomiquelvalls.org\/#\/schema\/person\/49e4b390c29b931f8b4213fbd9276ea3\"},\"description\":\"La ciutadania en general, i els pacients en particular, volem tenir m\u00e9s informaci\u00f3 per poder decidir sobre el que ens afecta i ocupa, i des de la Fundaci\u00f3 treballem perqu\u00e8 la veu de les persones afectades d\u2019ELA sigui escoltada.\",\"breadcrumb\":{\"@id\":\"https:\/\/fundaciomiquelvalls.org\/es\/donar-veu-a-ela\/#breadcrumb\"},\"inLanguage\":\"es\",\"potentialAction\":[{\"@type\":\"ReadAction\",\"target\":[\"https:\/\/fundaciomiquelvalls.org\/es\/donar-veu-a-ela\/\"]}]},{\"@type\":\"ImageObject\",\"inLanguage\":\"es\",\"@id\":\"https:\/\/fundaciomiquelvalls.org\/es\/donar-veu-a-ela\/#primaryimage\",\"url\":\"https:\/\/fundaciomiquelvalls.org\/wp-content\/uploads\/2022\/02\/Cares_ELA.jpg\",\"contentUrl\":\"https:\/\/fundaciomiquelvalls.org\/wp-content\/uploads\/2022\/02\/Cares_ELA.jpg\",\"width\":1280,\"height\":720},{\"@type\":\"BreadcrumbList\",\"@id\":\"https:\/\/fundaciomiquelvalls.org\/es\/donar-veu-a-ela\/#breadcrumb\",\"itemListElement\":[{\"@type\":\"ListItem\",\"position\":1,\"name\":\"Portada\",\"item\":\"https:\/\/fundaciomiquelvalls.org\/es\/\"},{\"@type\":\"ListItem\",\"position\":2,\"name\":\"Dar voz a las personas afectadas de ELA, un reto para la Fundaci\u00f3n\"}]},{\"@type\":\"WebSite\",\"@id\":\"https:\/\/fundaciomiquelvalls.org\/#website\",\"url\":\"https:\/\/fundaciomiquelvalls.org\/\",\"name\":\"Fundaci\u00f3 Catalana d&#039;ELA Miquel Valls\",\"description\":\"Treballem per millorar la qualitat de vida de les persones afectades d&#039;ELA i Malaltia de Motoneurona\",\"potentialAction\":[{\"@type\":\"SearchAction\",\"target\":{\"@type\":\"EntryPoint\",\"urlTemplate\":\"https:\/\/fundaciomiquelvalls.org\/?s={search_term_string}\"},\"query-input\":{\"@type\":\"PropertyValueSpecification\",\"valueRequired\":true,\"valueName\":\"search_term_string\"}}],\"inLanguage\":\"es\"},{\"@type\":\"Person\",\"@id\":\"https:\/\/fundaciomiquelvalls.org\/#\/schema\/person\/49e4b390c29b931f8b4213fbd9276ea3\",\"name\":\"Fundaci\u00f3 Catalana d'ELA Miquel Valls\",\"sameAs\":[\"https:\/\/fundaciomiquelvalls.org\"],\"url\":\"https:\/\/fundaciomiquelvalls.org\/es\/author\/alojapro_dev\/\"}]}<\/script>\n<!-- \/ Yoast SEO plugin. -->","yoast_head_json":{"title":"Dar voz a las personas afectadas de ELA, un reto para la Fundaci\u00f3n - Fundaci\u00f3 Catalana d&#039;ELA Miquel Valls","description":"La ciutadania en general, i els pacients en particular, volem tenir m\u00e9s informaci\u00f3 per poder decidir sobre el que ens afecta i ocupa, i des de la Fundaci\u00f3 treballem perqu\u00e8 la veu de les persones afectades d\u2019ELA sigui escoltada.","robots":{"index":"index","follow":"follow","max-snippet":"max-snippet:-1","max-image-preview":"max-image-preview:large","max-video-preview":"max-video-preview:-1"},"canonical":"https:\/\/fundaciomiquelvalls.org\/es\/donar-veu-a-ela\/","og_locale":"es_ES","og_type":"article","og_title":"Dar voz a las personas afectadas de ELA, un reto para la Fundaci\u00f3n - Fundaci\u00f3 Catalana d&#039;ELA Miquel Valls","og_description":"La ciutadania en general, i els pacients en particular, volem tenir m\u00e9s informaci\u00f3 per poder decidir sobre el que ens afecta i ocupa, i des de la Fundaci\u00f3 treballem perqu\u00e8 la veu de les persones afectades d\u2019ELA sigui escoltada.","og_url":"https:\/\/fundaciomiquelvalls.org\/es\/donar-veu-a-ela\/","og_site_name":"Fundaci\u00f3 Catalana d&#039;ELA Miquel Valls","article_published_time":"2022-02-09T13:56:38+00:00","article_modified_time":"2022-03-15T13:13:49+00:00","og_image":[{"width":1280,"height":720,"url":"https:\/\/fundaciomiquelvalls.org\/wp-content\/uploads\/2022\/02\/Cares_ELA.jpg","type":"image\/jpeg"}],"author":"Fundaci\u00f3 Catalana d'ELA Miquel Valls","twitter_card":"summary_large_image","twitter_misc":{"Escrito por":"Fundaci\u00f3 Catalana d'ELA Miquel Valls","Tiempo de lectura":"4 minutos"},"schema":{"@context":"https:\/\/schema.org","@graph":[{"@type":"Article","@id":"https:\/\/fundaciomiquelvalls.org\/es\/donar-veu-a-ela\/#article","isPartOf":{"@id":"https:\/\/fundaciomiquelvalls.org\/es\/donar-veu-a-ela\/"},"author":{"name":"Fundaci\u00f3 Catalana d'ELA Miquel Valls","@id":"https:\/\/fundaciomiquelvalls.org\/#\/schema\/person\/49e4b390c29b931f8b4213fbd9276ea3"},"headline":"Dar voz a las personas afectadas de ELA, un reto para la Fundaci\u00f3n","datePublished":"2022-02-09T13:56:38+00:00","dateModified":"2022-03-15T13:13:49+00:00","mainEntityOfPage":{"@id":"https:\/\/fundaciomiquelvalls.org\/es\/donar-veu-a-ela\/"},"wordCount":873,"image":{"@id":"https:\/\/fundaciomiquelvalls.org\/es\/donar-veu-a-ela\/#primaryimage"},"thumbnailUrl":"https:\/\/fundaciomiquelvalls.org\/wp-content\/uploads\/2022\/02\/Cares_ELA.jpg","articleSection":["Actualitat"],"inLanguage":"es"},{"@type":"WebPage","@id":"https:\/\/fundaciomiquelvalls.org\/es\/donar-veu-a-ela\/","url":"https:\/\/fundaciomiquelvalls.org\/es\/donar-veu-a-ela\/","name":"Dar voz a las personas afectadas de ELA, un reto para la Fundaci\u00f3n - Fundaci\u00f3 Catalana d&#039;ELA Miquel Valls","isPartOf":{"@id":"https:\/\/fundaciomiquelvalls.org\/#website"},"primaryImageOfPage":{"@id":"https:\/\/fundaciomiquelvalls.org\/es\/donar-veu-a-ela\/#primaryimage"},"image":{"@id":"https:\/\/fundaciomiquelvalls.org\/es\/donar-veu-a-ela\/#primaryimage"},"thumbnailUrl":"https:\/\/fundaciomiquelvalls.org\/wp-content\/uploads\/2022\/02\/Cares_ELA.jpg","datePublished":"2022-02-09T13:56:38+00:00","dateModified":"2022-03-15T13:13:49+00:00","author":{"@id":"https:\/\/fundaciomiquelvalls.org\/#\/schema\/person\/49e4b390c29b931f8b4213fbd9276ea3"},"description":"La ciutadania en general, i els pacients en particular, volem tenir m\u00e9s informaci\u00f3 per poder decidir sobre el que ens afecta i ocupa, i des de la Fundaci\u00f3 treballem perqu\u00e8 la veu de les persones afectades d\u2019ELA sigui escoltada.","breadcrumb":{"@id":"https:\/\/fundaciomiquelvalls.org\/es\/donar-veu-a-ela\/#breadcrumb"},"inLanguage":"es","potentialAction":[{"@type":"ReadAction","target":["https:\/\/fundaciomiquelvalls.org\/es\/donar-veu-a-ela\/"]}]},{"@type":"ImageObject","inLanguage":"es","@id":"https:\/\/fundaciomiquelvalls.org\/es\/donar-veu-a-ela\/#primaryimage","url":"https:\/\/fundaciomiquelvalls.org\/wp-content\/uploads\/2022\/02\/Cares_ELA.jpg","contentUrl":"https:\/\/fundaciomiquelvalls.org\/wp-content\/uploads\/2022\/02\/Cares_ELA.jpg","width":1280,"height":720},{"@type":"BreadcrumbList","@id":"https:\/\/fundaciomiquelvalls.org\/es\/donar-veu-a-ela\/#breadcrumb","itemListElement":[{"@type":"ListItem","position":1,"name":"Portada","item":"https:\/\/fundaciomiquelvalls.org\/es\/"},{"@type":"ListItem","position":2,"name":"Dar voz a las personas afectadas de ELA, un reto para la Fundaci\u00f3n"}]},{"@type":"WebSite","@id":"https:\/\/fundaciomiquelvalls.org\/#website","url":"https:\/\/fundaciomiquelvalls.org\/","name":"Fundaci\u00f3 Catalana d&#039;ELA Miquel Valls","description":"Treballem per millorar la qualitat de vida de les persones afectades d&#039;ELA i Malaltia de Motoneurona","potentialAction":[{"@type":"SearchAction","target":{"@type":"EntryPoint","urlTemplate":"https:\/\/fundaciomiquelvalls.org\/?s={search_term_string}"},"query-input":{"@type":"PropertyValueSpecification","valueRequired":true,"valueName":"search_term_string"}}],"inLanguage":"es"},{"@type":"Person","@id":"https:\/\/fundaciomiquelvalls.org\/#\/schema\/person\/49e4b390c29b931f8b4213fbd9276ea3","name":"Fundaci\u00f3 Catalana d'ELA Miquel Valls","sameAs":["https:\/\/fundaciomiquelvalls.org"],"url":"https:\/\/fundaciomiquelvalls.org\/es\/author\/alojapro_dev\/"}]}},"_links":{"self":[{"href":"https:\/\/fundaciomiquelvalls.org\/es\/wp-json\/wp\/v2\/posts\/3034","targetHints":{"allow":["GET"]}}],"collection":[{"href":"https:\/\/fundaciomiquelvalls.org\/es\/wp-json\/wp\/v2\/posts"}],"about":[{"href":"https:\/\/fundaciomiquelvalls.org\/es\/wp-json\/wp\/v2\/types\/post"}],"author":[{"embeddable":true,"href":"https:\/\/fundaciomiquelvalls.org\/es\/wp-json\/wp\/v2\/users\/1"}],"replies":[{"embeddable":true,"href":"https:\/\/fundaciomiquelvalls.org\/es\/wp-json\/wp\/v2\/comments?post=3034"}],"version-history":[{"count":1,"href":"https:\/\/fundaciomiquelvalls.org\/es\/wp-json\/wp\/v2\/posts\/3034\/revisions"}],"predecessor-version":[{"id":3036,"href":"https:\/\/fundaciomiquelvalls.org\/es\/wp-json\/wp\/v2\/posts\/3034\/revisions\/3036"}],"wp:featuredmedia":[{"embeddable":true,"href":"https:\/\/fundaciomiquelvalls.org\/es\/wp-json\/wp\/v2\/media\/2866"}],"wp:attachment":[{"href":"https:\/\/fundaciomiquelvalls.org\/es\/wp-json\/wp\/v2\/media?parent=3034"}],"wp:term":[{"taxonomy":"category","embeddable":true,"href":"https:\/\/fundaciomiquelvalls.org\/es\/wp-json\/wp\/v2\/categories?post=3034"},{"taxonomy":"post_tag","embeddable":true,"href":"https:\/\/fundaciomiquelvalls.org\/es\/wp-json\/wp\/v2\/tags?post=3034"}],"curies":[{"name":"wp","href":"https:\/\/api.w.org\/{rel}","templated":true}]}}