{"id":10187,"date":"2026-04-30T13:20:29","date_gmt":"2026-04-30T11:20:29","guid":{"rendered":"https:\/\/fundaciomiquelvalls.org\/ley-ela-un-avance-que-requiere-seguir-trabajando\/"},"modified":"2026-04-30T13:20:30","modified_gmt":"2026-04-30T11:20:30","slug":"ley-ela-un-avance-que-requiere-seguir-trabajando","status":"publish","type":"post","link":"https:\/\/fundaciomiquelvalls.org\/es\/ley-ela-un-avance-que-requiere-seguir-trabajando\/","title":{"rendered":"Ley ELA: un avance que requiere seguir trabajando"},"content":{"rendered":"<div class=\"wp-block-image\">\n<figure class=\"aligncenter size-large is-resized\"><img loading=\"lazy\" decoding=\"async\" width=\"1024\" height=\"576\" src=\"https:\/\/fundaciomiquelvalls.org\/wp-content\/uploads\/2026\/04\/WhatsApp-Image-2026-04-30-at-12.37.03-1-1024x576.jpeg\" alt=\"\" class=\"wp-image-10181\" style=\"width:612px;height:auto\" srcset=\"https:\/\/fundaciomiquelvalls.org\/wp-content\/uploads\/2026\/04\/WhatsApp-Image-2026-04-30-at-12.37.03-1-1024x576.jpeg 1024w, https:\/\/fundaciomiquelvalls.org\/wp-content\/uploads\/2026\/04\/WhatsApp-Image-2026-04-30-at-12.37.03-1-300x169.jpeg 300w, https:\/\/fundaciomiquelvalls.org\/wp-content\/uploads\/2026\/04\/WhatsApp-Image-2026-04-30-at-12.37.03-1-768x432.jpeg 768w, https:\/\/fundaciomiquelvalls.org\/wp-content\/uploads\/2026\/04\/WhatsApp-Image-2026-04-30-at-12.37.03-1-1536x864.jpeg 1536w, https:\/\/fundaciomiquelvalls.org\/wp-content\/uploads\/2026\/04\/WhatsApp-Image-2026-04-30-at-12.37.03-1-958x539.jpeg 958w, https:\/\/fundaciomiquelvalls.org\/wp-content\/uploads\/2026\/04\/WhatsApp-Image-2026-04-30-at-12.37.03-1.jpeg 1600w\"  sizes=\"(max-width: 1024px) 100vw, 1024px\" \/><\/figure>\n<\/div>\n<p><\/p>\n\n<p>Ayer, el Parlament aprob\u00f3 por unanimidad el despliegue de la Ley ELA en Catalunya, un avance importante y largamente reivindicado para garantizar una mejor atenci\u00f3n y apoyo a las personas afectadas de ELA ya sus familias.<\/p>\n\n<p><br\/>Desde la Fundaci\u00f3n Catalana de ELA Miquel Valls, valoramos este paso, como un paso necesario para la implementaci\u00f3n de la Ley pero sin embargo, queremos expresar nuestra preocupaci\u00f3n porque el despliegue actual de la Ley no resuelve un problema clave que afecta directamente a la vida cotidiana de muchas personas afectadas de ELA: la aplicaci\u00f3n de las reducciones de las ayudas an\u00e1logas, como el complemento de gran invalidez, i el copago.<\/p>\n\n<p><br\/>En la pr\u00e1ctica, esta situaci\u00f3n provoca que muchas personas afectadas de ELA, a pesar de necesitar las prestaciones econ\u00f3micas vinculadas al grado III+, se vean obligadas a renunciar a ella, ya que la p\u00e9rdida de otros ingresos esenciales hace inviable cubrir las necesidades b\u00e1sicas de la vida diaria y los gastos adicionales derivados de la enfermedad.<\/p>\n\n<p><br\/>Por este motivo, insistimos en que ning\u00fan despliegue de la Ley ELA puede considerarse plenamente efectivo si no garantiza la supervisi\u00f3n y atenci\u00f3n continuada especializada para prevenir el riesgo de muerte evitable, una ayuda de car\u00e1cter sanitario que no se puede asimilar a las ayudas por la dependencia.<\/p>\n\n<p><br\/>Reiteramos nuestra voluntad de seguir colaborando con las administraciones p\u00fablicas y los grupos parlamentarios para corregir estas disfunciones y avanzar hacia una Ley ELA realmente efectiva.<\/p>\n","protected":false},"excerpt":{"rendered":"<p>Ayer, el Parlament aprob\u00f3 por unanimidad el despliegue de la Ley ELA en Catalunya, un avance importante y largamente reivindicado para garantizar una mejor atenci\u00f3n y apoyo a las personas afectadas de ELA ya sus familias. Desde la Fundaci\u00f3n Catalana de ELA Miquel Valls, valoramos este paso, como un paso necesario para la implementaci\u00f3n de la Ley pero sin embargo, queremos expresar nuestra preocupaci\u00f3n porque el despliegue actual de la Ley no resuelve un problema clave que afecta directamente a la vida cotidiana de muchas personas afectadas de ELA: la aplicaci\u00f3n de las reducciones de las ayudas an\u00e1logas, como el complemento de gran invalidez, i el copago. En la pr\u00e1ctica, esta situaci\u00f3n provoca que muchas personas afectadas de ELA, a pesar de necesitar las prestaciones econ\u00f3micas vinculadas al grado III+, se vean obligadas a renunciar a ella, ya que la p\u00e9rdida de otros ingresos esenciales hace inviable cubrir las necesidades b\u00e1sicas de la vida diaria y los gastos adicionales derivados de la enfermedad. Por este motivo, insistimos en que ning\u00fan despliegue de la Ley ELA puede considerarse plenamente efectivo si no garantiza la supervisi\u00f3n y atenci\u00f3n continuada especializada para prevenir el riesgo de muerte evitable, una ayuda de car\u00e1cter sanitario que no se puede asimilar a las ayudas por la dependencia. Reiteramos nuestra voluntad de seguir colaborando con las administraciones p\u00fablicas y los grupos parlamentarios para corregir estas disfunciones y avanzar hacia una Ley ELA realmente efectiva.<\/p>\n","protected":false},"author":1,"featured_media":0,"comment_status":"closed","ping_status":"closed","sticky":false,"template":"","format":"standard","meta":{"footnotes":""},"categories":[79],"tags":[],"class_list":["post-10187","post","type-post","status-publish","format-standard","hentry","category-sin-categorizar"],"yoast_head":"<!-- This site is optimized with the Yoast SEO plugin v26.9 - https:\/\/yoast.com\/product\/yoast-seo-wordpress\/ -->\n<title>Ley ELA: un avance que requiere seguir trabajando - Fundaci\u00f3 Catalana d&#039;ELA Miquel Valls<\/title>\n<meta name=\"robots\" content=\"index, follow, max-snippet:-1, max-image-preview:large, max-video-preview:-1\" \/>\n<link rel=\"canonical\" href=\"https:\/\/fundaciomiquelvalls.org\/es\/ley-ela-un-avance-que-requiere-seguir-trabajando\/\" \/>\n<meta property=\"og:locale\" content=\"es_ES\" \/>\n<meta property=\"og:type\" content=\"article\" \/>\n<meta property=\"og:title\" content=\"Ley ELA: un avance que requiere seguir trabajando - Fundaci\u00f3 Catalana d&#039;ELA Miquel Valls\" \/>\n<meta property=\"og:description\" content=\"Ayer, el Parlament aprob\u00f3 por unanimidad el despliegue de la Ley ELA en Catalunya, un avance importante y largamente reivindicado para garantizar una mejor atenci\u00f3n y apoyo a las personas afectadas de ELA ya sus familias. Desde la Fundaci\u00f3n Catalana de ELA Miquel Valls, valoramos este paso, como un paso necesario para la implementaci\u00f3n de la Ley pero sin embargo, queremos expresar nuestra preocupaci\u00f3n porque el despliegue actual de la Ley no resuelve un problema clave que afecta directamente a la vida cotidiana de muchas personas afectadas de ELA: la aplicaci\u00f3n de las reducciones de las ayudas an\u00e1logas, como el complemento de gran invalidez, i el copago. En la pr\u00e1ctica, esta situaci\u00f3n provoca que muchas personas afectadas de ELA, a pesar de necesitar las prestaciones econ\u00f3micas vinculadas al grado III+, se vean obligadas a renunciar a ella, ya que la p\u00e9rdida de otros ingresos esenciales hace inviable cubrir las necesidades b\u00e1sicas de la vida diaria y los gastos adicionales derivados de la enfermedad. Por este motivo, insistimos en que ning\u00fan despliegue de la Ley ELA puede considerarse plenamente efectivo si no garantiza la supervisi\u00f3n y atenci\u00f3n continuada especializada para prevenir el riesgo de muerte evitable, una ayuda de car\u00e1cter sanitario que no se puede asimilar a las ayudas por la dependencia. Reiteramos nuestra voluntad de seguir colaborando con las administraciones p\u00fablicas y los grupos parlamentarios para corregir estas disfunciones y avanzar hacia una Ley ELA realmente efectiva.\" \/>\n<meta property=\"og:url\" content=\"https:\/\/fundaciomiquelvalls.org\/es\/ley-ela-un-avance-que-requiere-seguir-trabajando\/\" \/>\n<meta property=\"og:site_name\" content=\"Fundaci\u00f3 Catalana d&#039;ELA Miquel Valls\" \/>\n<meta property=\"article:published_time\" content=\"2026-04-30T11:20:29+00:00\" \/>\n<meta property=\"article:modified_time\" content=\"2026-04-30T11:20:30+00:00\" \/>\n<meta property=\"og:image\" content=\"https:\/\/fundaciomiquelvalls.org\/wp-content\/uploads\/2026\/04\/WhatsApp-Image-2026-04-30-at-12.37.03-1.jpeg\" \/>\n\t<meta property=\"og:image:width\" content=\"1600\" \/>\n\t<meta property=\"og:image:height\" content=\"900\" \/>\n\t<meta property=\"og:image:type\" content=\"image\/jpeg\" \/>\n<meta name=\"author\" content=\"Fundaci\u00f3 Catalana d&#039;ELA Miquel Valls\" \/>\n<meta name=\"twitter:card\" content=\"summary_large_image\" \/>\n<meta name=\"twitter:label1\" content=\"Escrito por\" \/>\n\t<meta name=\"twitter:data1\" content=\"Fundaci\u00f3 Catalana d&#039;ELA Miquel Valls\" \/>\n\t<meta name=\"twitter:label2\" content=\"Tiempo de lectura\" \/>\n\t<meta name=\"twitter:data2\" content=\"1 minuto\" \/>\n<script type=\"application\/ld+json\" class=\"yoast-schema-graph\">{\"@context\":\"https:\/\/schema.org\",\"@graph\":[{\"@type\":\"Article\",\"@id\":\"https:\/\/fundaciomiquelvalls.org\/es\/ley-ela-un-avance-que-requiere-seguir-trabajando\/#article\",\"isPartOf\":{\"@id\":\"https:\/\/fundaciomiquelvalls.org\/es\/ley-ela-un-avance-que-requiere-seguir-trabajando\/\"},\"author\":{\"name\":\"Fundaci\u00f3 Catalana d'ELA Miquel Valls\",\"@id\":\"https:\/\/fundaciomiquelvalls.org\/#\/schema\/person\/49e4b390c29b931f8b4213fbd9276ea3\"},\"headline\":\"Ley ELA: un avance que requiere seguir trabajando\",\"datePublished\":\"2026-04-30T11:20:29+00:00\",\"dateModified\":\"2026-04-30T11:20:30+00:00\",\"mainEntityOfPage\":{\"@id\":\"https:\/\/fundaciomiquelvalls.org\/es\/ley-ela-un-avance-que-requiere-seguir-trabajando\/\"},\"wordCount\":261,\"image\":{\"@id\":\"https:\/\/fundaciomiquelvalls.org\/es\/ley-ela-un-avance-que-requiere-seguir-trabajando\/#primaryimage\"},\"thumbnailUrl\":\"https:\/\/fundaciomiquelvalls.org\/wp-content\/uploads\/2026\/04\/WhatsApp-Image-2026-04-30-at-12.37.03-1-1024x576.jpeg\",\"articleSection\":[\"Sin categorizar\"],\"inLanguage\":\"es\"},{\"@type\":\"WebPage\",\"@id\":\"https:\/\/fundaciomiquelvalls.org\/es\/ley-ela-un-avance-que-requiere-seguir-trabajando\/\",\"url\":\"https:\/\/fundaciomiquelvalls.org\/es\/ley-ela-un-avance-que-requiere-seguir-trabajando\/\",\"name\":\"Ley ELA: un avance que requiere seguir trabajando - Fundaci\u00f3 Catalana d&#039;ELA Miquel Valls\",\"isPartOf\":{\"@id\":\"https:\/\/fundaciomiquelvalls.org\/#website\"},\"primaryImageOfPage\":{\"@id\":\"https:\/\/fundaciomiquelvalls.org\/es\/ley-ela-un-avance-que-requiere-seguir-trabajando\/#primaryimage\"},\"image\":{\"@id\":\"https:\/\/fundaciomiquelvalls.org\/es\/ley-ela-un-avance-que-requiere-seguir-trabajando\/#primaryimage\"},\"thumbnailUrl\":\"https:\/\/fundaciomiquelvalls.org\/wp-content\/uploads\/2026\/04\/WhatsApp-Image-2026-04-30-at-12.37.03-1-1024x576.jpeg\",\"datePublished\":\"2026-04-30T11:20:29+00:00\",\"dateModified\":\"2026-04-30T11:20:30+00:00\",\"author\":{\"@id\":\"https:\/\/fundaciomiquelvalls.org\/#\/schema\/person\/49e4b390c29b931f8b4213fbd9276ea3\"},\"breadcrumb\":{\"@id\":\"https:\/\/fundaciomiquelvalls.org\/es\/ley-ela-un-avance-que-requiere-seguir-trabajando\/#breadcrumb\"},\"inLanguage\":\"es\",\"potentialAction\":[{\"@type\":\"ReadAction\",\"target\":[\"https:\/\/fundaciomiquelvalls.org\/es\/ley-ela-un-avance-que-requiere-seguir-trabajando\/\"]}]},{\"@type\":\"ImageObject\",\"inLanguage\":\"es\",\"@id\":\"https:\/\/fundaciomiquelvalls.org\/es\/ley-ela-un-avance-que-requiere-seguir-trabajando\/#primaryimage\",\"url\":\"https:\/\/fundaciomiquelvalls.org\/wp-content\/uploads\/2026\/04\/WhatsApp-Image-2026-04-30-at-12.37.03-1-1024x576.jpeg\",\"contentUrl\":\"https:\/\/fundaciomiquelvalls.org\/wp-content\/uploads\/2026\/04\/WhatsApp-Image-2026-04-30-at-12.37.03-1-1024x576.jpeg\"},{\"@type\":\"BreadcrumbList\",\"@id\":\"https:\/\/fundaciomiquelvalls.org\/es\/ley-ela-un-avance-que-requiere-seguir-trabajando\/#breadcrumb\",\"itemListElement\":[{\"@type\":\"ListItem\",\"position\":1,\"name\":\"Portada\",\"item\":\"https:\/\/fundaciomiquelvalls.org\/es\/\"},{\"@type\":\"ListItem\",\"position\":2,\"name\":\"Ley ELA: un avance que requiere seguir trabajando\"}]},{\"@type\":\"WebSite\",\"@id\":\"https:\/\/fundaciomiquelvalls.org\/#website\",\"url\":\"https:\/\/fundaciomiquelvalls.org\/\",\"name\":\"Fundaci\u00f3 Catalana d&#039;ELA Miquel Valls\",\"description\":\"Treballem per millorar la qualitat de vida de les persones afectades d&#039;ELA i Malaltia de Motoneurona\",\"potentialAction\":[{\"@type\":\"SearchAction\",\"target\":{\"@type\":\"EntryPoint\",\"urlTemplate\":\"https:\/\/fundaciomiquelvalls.org\/?s={search_term_string}\"},\"query-input\":{\"@type\":\"PropertyValueSpecification\",\"valueRequired\":true,\"valueName\":\"search_term_string\"}}],\"inLanguage\":\"es\"},{\"@type\":\"Person\",\"@id\":\"https:\/\/fundaciomiquelvalls.org\/#\/schema\/person\/49e4b390c29b931f8b4213fbd9276ea3\",\"name\":\"Fundaci\u00f3 Catalana d'ELA Miquel Valls\",\"sameAs\":[\"https:\/\/fundaciomiquelvalls.org\"],\"url\":\"https:\/\/fundaciomiquelvalls.org\/es\/author\/alojapro_dev\/\"}]}<\/script>\n<!-- \/ Yoast SEO plugin. -->","yoast_head_json":{"title":"Ley ELA: un avance que requiere seguir trabajando - Fundaci\u00f3 Catalana d&#039;ELA Miquel Valls","robots":{"index":"index","follow":"follow","max-snippet":"max-snippet:-1","max-image-preview":"max-image-preview:large","max-video-preview":"max-video-preview:-1"},"canonical":"https:\/\/fundaciomiquelvalls.org\/es\/ley-ela-un-avance-que-requiere-seguir-trabajando\/","og_locale":"es_ES","og_type":"article","og_title":"Ley ELA: un avance que requiere seguir trabajando - Fundaci\u00f3 Catalana d&#039;ELA Miquel Valls","og_description":"Ayer, el Parlament aprob\u00f3 por unanimidad el despliegue de la Ley ELA en Catalunya, un avance importante y largamente reivindicado para garantizar una mejor atenci\u00f3n y apoyo a las personas afectadas de ELA ya sus familias. Desde la Fundaci\u00f3n Catalana de ELA Miquel Valls, valoramos este paso, como un paso necesario para la implementaci\u00f3n de la Ley pero sin embargo, queremos expresar nuestra preocupaci\u00f3n porque el despliegue actual de la Ley no resuelve un problema clave que afecta directamente a la vida cotidiana de muchas personas afectadas de ELA: la aplicaci\u00f3n de las reducciones de las ayudas an\u00e1logas, como el complemento de gran invalidez, i el copago. En la pr\u00e1ctica, esta situaci\u00f3n provoca que muchas personas afectadas de ELA, a pesar de necesitar las prestaciones econ\u00f3micas vinculadas al grado III+, se vean obligadas a renunciar a ella, ya que la p\u00e9rdida de otros ingresos esenciales hace inviable cubrir las necesidades b\u00e1sicas de la vida diaria y los gastos adicionales derivados de la enfermedad. Por este motivo, insistimos en que ning\u00fan despliegue de la Ley ELA puede considerarse plenamente efectivo si no garantiza la supervisi\u00f3n y atenci\u00f3n continuada especializada para prevenir el riesgo de muerte evitable, una ayuda de car\u00e1cter sanitario que no se puede asimilar a las ayudas por la dependencia. Reiteramos nuestra voluntad de seguir colaborando con las administraciones p\u00fablicas y los grupos parlamentarios para corregir estas disfunciones y avanzar hacia una Ley ELA realmente efectiva.","og_url":"https:\/\/fundaciomiquelvalls.org\/es\/ley-ela-un-avance-que-requiere-seguir-trabajando\/","og_site_name":"Fundaci\u00f3 Catalana d&#039;ELA Miquel Valls","article_published_time":"2026-04-30T11:20:29+00:00","article_modified_time":"2026-04-30T11:20:30+00:00","og_image":[{"width":1600,"height":900,"url":"https:\/\/fundaciomiquelvalls.org\/wp-content\/uploads\/2026\/04\/WhatsApp-Image-2026-04-30-at-12.37.03-1.jpeg","type":"image\/jpeg"}],"author":"Fundaci\u00f3 Catalana d'ELA Miquel Valls","twitter_card":"summary_large_image","twitter_misc":{"Escrito por":"Fundaci\u00f3 Catalana d'ELA Miquel Valls","Tiempo de lectura":"1 minuto"},"schema":{"@context":"https:\/\/schema.org","@graph":[{"@type":"Article","@id":"https:\/\/fundaciomiquelvalls.org\/es\/ley-ela-un-avance-que-requiere-seguir-trabajando\/#article","isPartOf":{"@id":"https:\/\/fundaciomiquelvalls.org\/es\/ley-ela-un-avance-que-requiere-seguir-trabajando\/"},"author":{"name":"Fundaci\u00f3 Catalana d'ELA Miquel Valls","@id":"https:\/\/fundaciomiquelvalls.org\/#\/schema\/person\/49e4b390c29b931f8b4213fbd9276ea3"},"headline":"Ley ELA: un avance que requiere seguir trabajando","datePublished":"2026-04-30T11:20:29+00:00","dateModified":"2026-04-30T11:20:30+00:00","mainEntityOfPage":{"@id":"https:\/\/fundaciomiquelvalls.org\/es\/ley-ela-un-avance-que-requiere-seguir-trabajando\/"},"wordCount":261,"image":{"@id":"https:\/\/fundaciomiquelvalls.org\/es\/ley-ela-un-avance-que-requiere-seguir-trabajando\/#primaryimage"},"thumbnailUrl":"https:\/\/fundaciomiquelvalls.org\/wp-content\/uploads\/2026\/04\/WhatsApp-Image-2026-04-30-at-12.37.03-1-1024x576.jpeg","articleSection":["Sin categorizar"],"inLanguage":"es"},{"@type":"WebPage","@id":"https:\/\/fundaciomiquelvalls.org\/es\/ley-ela-un-avance-que-requiere-seguir-trabajando\/","url":"https:\/\/fundaciomiquelvalls.org\/es\/ley-ela-un-avance-que-requiere-seguir-trabajando\/","name":"Ley ELA: un avance que requiere seguir trabajando - Fundaci\u00f3 Catalana d&#039;ELA Miquel Valls","isPartOf":{"@id":"https:\/\/fundaciomiquelvalls.org\/#website"},"primaryImageOfPage":{"@id":"https:\/\/fundaciomiquelvalls.org\/es\/ley-ela-un-avance-que-requiere-seguir-trabajando\/#primaryimage"},"image":{"@id":"https:\/\/fundaciomiquelvalls.org\/es\/ley-ela-un-avance-que-requiere-seguir-trabajando\/#primaryimage"},"thumbnailUrl":"https:\/\/fundaciomiquelvalls.org\/wp-content\/uploads\/2026\/04\/WhatsApp-Image-2026-04-30-at-12.37.03-1-1024x576.jpeg","datePublished":"2026-04-30T11:20:29+00:00","dateModified":"2026-04-30T11:20:30+00:00","author":{"@id":"https:\/\/fundaciomiquelvalls.org\/#\/schema\/person\/49e4b390c29b931f8b4213fbd9276ea3"},"breadcrumb":{"@id":"https:\/\/fundaciomiquelvalls.org\/es\/ley-ela-un-avance-que-requiere-seguir-trabajando\/#breadcrumb"},"inLanguage":"es","potentialAction":[{"@type":"ReadAction","target":["https:\/\/fundaciomiquelvalls.org\/es\/ley-ela-un-avance-que-requiere-seguir-trabajando\/"]}]},{"@type":"ImageObject","inLanguage":"es","@id":"https:\/\/fundaciomiquelvalls.org\/es\/ley-ela-un-avance-que-requiere-seguir-trabajando\/#primaryimage","url":"https:\/\/fundaciomiquelvalls.org\/wp-content\/uploads\/2026\/04\/WhatsApp-Image-2026-04-30-at-12.37.03-1-1024x576.jpeg","contentUrl":"https:\/\/fundaciomiquelvalls.org\/wp-content\/uploads\/2026\/04\/WhatsApp-Image-2026-04-30-at-12.37.03-1-1024x576.jpeg"},{"@type":"BreadcrumbList","@id":"https:\/\/fundaciomiquelvalls.org\/es\/ley-ela-un-avance-que-requiere-seguir-trabajando\/#breadcrumb","itemListElement":[{"@type":"ListItem","position":1,"name":"Portada","item":"https:\/\/fundaciomiquelvalls.org\/es\/"},{"@type":"ListItem","position":2,"name":"Ley ELA: un avance que requiere seguir trabajando"}]},{"@type":"WebSite","@id":"https:\/\/fundaciomiquelvalls.org\/#website","url":"https:\/\/fundaciomiquelvalls.org\/","name":"Fundaci\u00f3 Catalana d&#039;ELA Miquel Valls","description":"Treballem per millorar la qualitat de vida de les persones afectades d&#039;ELA i Malaltia de Motoneurona","potentialAction":[{"@type":"SearchAction","target":{"@type":"EntryPoint","urlTemplate":"https:\/\/fundaciomiquelvalls.org\/?s={search_term_string}"},"query-input":{"@type":"PropertyValueSpecification","valueRequired":true,"valueName":"search_term_string"}}],"inLanguage":"es"},{"@type":"Person","@id":"https:\/\/fundaciomiquelvalls.org\/#\/schema\/person\/49e4b390c29b931f8b4213fbd9276ea3","name":"Fundaci\u00f3 Catalana d'ELA Miquel Valls","sameAs":["https:\/\/fundaciomiquelvalls.org"],"url":"https:\/\/fundaciomiquelvalls.org\/es\/author\/alojapro_dev\/"}]}},"_links":{"self":[{"href":"https:\/\/fundaciomiquelvalls.org\/es\/wp-json\/wp\/v2\/posts\/10187","targetHints":{"allow":["GET"]}}],"collection":[{"href":"https:\/\/fundaciomiquelvalls.org\/es\/wp-json\/wp\/v2\/posts"}],"about":[{"href":"https:\/\/fundaciomiquelvalls.org\/es\/wp-json\/wp\/v2\/types\/post"}],"author":[{"embeddable":true,"href":"https:\/\/fundaciomiquelvalls.org\/es\/wp-json\/wp\/v2\/users\/1"}],"replies":[{"embeddable":true,"href":"https:\/\/fundaciomiquelvalls.org\/es\/wp-json\/wp\/v2\/comments?post=10187"}],"version-history":[{"count":1,"href":"https:\/\/fundaciomiquelvalls.org\/es\/wp-json\/wp\/v2\/posts\/10187\/revisions"}],"predecessor-version":[{"id":10188,"href":"https:\/\/fundaciomiquelvalls.org\/es\/wp-json\/wp\/v2\/posts\/10187\/revisions\/10188"}],"wp:attachment":[{"href":"https:\/\/fundaciomiquelvalls.org\/es\/wp-json\/wp\/v2\/media?parent=10187"}],"wp:term":[{"taxonomy":"category","embeddable":true,"href":"https:\/\/fundaciomiquelvalls.org\/es\/wp-json\/wp\/v2\/categories?post=10187"},{"taxonomy":"post_tag","embeddable":true,"href":"https:\/\/fundaciomiquelvalls.org\/es\/wp-json\/wp\/v2\/tags?post=10187"}],"curies":[{"name":"wp","href":"https:\/\/api.w.org\/{rel}","templated":true}]}}